{"id":36844,"date":"2021-04-14T00:49:18","date_gmt":"2021-04-14T03:49:18","guid":{"rendered":"http:\/\/vocesparalelas.com.ar\/sitio\/?p=36844"},"modified":"2021-04-15T01:10:03","modified_gmt":"2021-04-15T04:10:03","slug":"upcn-voley-club-gano-la-liga-argentina-de-voley-y-fortalece-el-deporte-de-san-juan","status":"publish","type":"post","link":"https:\/\/vocesparalelas.com.ar\/sitio\/upcn-voley-club-gano-la-liga-argentina-de-voley-y-fortalece-el-deporte-de-san-juan\/","title":{"rendered":"UPCN Voley Club gan\u00f3 la Liga Argentina de voley y fortalece el Deporte de San Juan"},"content":{"rendered":"<p>Todo circuito deportivo que se enfrenta durante la pandemia COVID &#8211; 19, que azota al mundo. San Juan y Argentina no est\u00e1 excente.<\/p>\n<p>En este ambiente de traslado, de cuidado en cada instancia previa, durante y despu\u00e9s del equipo UPCN Voley Club, le permiti\u00f3 ganar la Liga Argentina de voley y fortalece el Deporte de San Juan.<\/p>\n<p>Cada integrante del equipo como todos los involucrado permiti\u00f3 llegar al final el logro propuesto con objetivos claros.<\/p>\n<p><img loading=\"lazy\" decoding=\"async\" class=\"alignnone wp-image-36847 size-full\" src=\"https:\/\/vocesparalelas.com.ar\/sitio\/wp-content\/uploads\/2021\/04\/UPCN-VOLEY-CLUB.jpg\" alt=\"\" width=\"800\" height=\"567\" srcset=\"https:\/\/vocesparalelas.com.ar\/sitio\/wp-content\/uploads\/2021\/04\/UPCN-VOLEY-CLUB.jpg 800w, https:\/\/vocesparalelas.com.ar\/sitio\/wp-content\/uploads\/2021\/04\/UPCN-VOLEY-CLUB-300x213.jpg 300w, https:\/\/vocesparalelas.com.ar\/sitio\/wp-content\/uploads\/2021\/04\/UPCN-VOLEY-CLUB-768x544.jpg 768w\" sizes=\"auto, (max-width: 800px) 100vw, 800px\" \/><\/p>\n<p>Por ello, Voces Paralelas particip\u00f3 de la entrevista period\u00edstica al Secretario General de UPCN Seccional San Juan, Jos\u00e9 Villa, que representa el gu\u00eda del equipo de trabajo que permiten que cada afiliado pueda disfrutar todo tipo de servicio, s\u00f3lo pensando en ese trabajador.<\/p>\n<p>En esta instancia Jos\u00e9 Villa pudo expresar lo que significa el triunfo y reflejar el camino transitado para proyectar a otros sue\u00f1os como el estadio que sigue avanzando en su construcci\u00f3n y que dentro de unos meses todos podr\u00e1n disfrutar no s\u00f3lo los afiliados del gremio sino San Juan.<\/p>\n<p>Este logro se debe al apoyo del Gobierno de San Juan que se comprometi\u00f3 al trabajo conjunto pensando en el otro y lo que significa para UPCN y para lo que se viene.<\/p>\n<p>&nbsp;<\/p>\n<p><iframe loading=\"lazy\" title=\"UPCN SAN JUAN JOS\u00c9  VILLA\" width=\"800\" height=\"450\" src=\"https:\/\/www.youtube.com\/embed\/cPNjOyZvegc?feature=oembed\" frameborder=\"0\" allow=\"accelerometer; autoplay; clipboard-write; encrypted-media; gyroscope; picture-in-picture\" allowfullscreen><\/iframe><\/p>\n<p>&nbsp;<\/p>\n<p>&nbsp;<\/p>\n<p>&nbsp;<\/p>\n","protected":false},"excerpt":{"rendered":"<p>Todo circuito deportivo que se enfrenta durante la pandemia COVID &#8211; 19, que azota al mundo. San Juan y Argentina<\/p>\n","protected":false},"author":3,"featured_media":36854,"comment_status":"closed","ping_status":"closed","sticky":false,"template":"","format":"video","meta":{"_acf_changed":false,"_seopress_robots_primary_cat":"none","_seopress_titles_title":"","_seopress_titles_desc":"","_seopress_robots_index":"","colormag_page_container_layout":"default_layout","colormag_page_sidebar_layout":"default_layout","footnotes":""},"categories":[10,7],"tags":[],"class_list":["post-36844","post","type-post","status-publish","format-video","has-post-thumbnail","hentry","category-opiniones","category-videos","post_format-post-format-video"],"acf":[],"_links":{"self":[{"href":"https:\/\/vocesparalelas.com.ar\/sitio\/wp-json\/wp\/v2\/posts\/36844","targetHints":{"allow":["GET"]}}],"collection":[{"href":"https:\/\/vocesparalelas.com.ar\/sitio\/wp-json\/wp\/v2\/posts"}],"about":[{"href":"https:\/\/vocesparalelas.com.ar\/sitio\/wp-json\/wp\/v2\/types\/post"}],"author":[{"embeddable":true,"href":"https:\/\/vocesparalelas.com.ar\/sitio\/wp-json\/wp\/v2\/users\/3"}],"replies":[{"embeddable":true,"href":"https:\/\/vocesparalelas.com.ar\/sitio\/wp-json\/wp\/v2\/comments?post=36844"}],"version-history":[{"count":1,"href":"https:\/\/vocesparalelas.com.ar\/sitio\/wp-json\/wp\/v2\/posts\/36844\/revisions"}],"predecessor-version":[{"id":36848,"href":"https:\/\/vocesparalelas.com.ar\/sitio\/wp-json\/wp\/v2\/posts\/36844\/revisions\/36848"}],"wp:featuredmedia":[{"embeddable":true,"href":"https:\/\/vocesparalelas.com.ar\/sitio\/wp-json\/wp\/v2\/media\/36854"}],"wp:attachment":[{"href":"https:\/\/vocesparalelas.com.ar\/sitio\/wp-json\/wp\/v2\/media?parent=36844"}],"wp:term":[{"taxonomy":"category","embeddable":true,"href":"https:\/\/vocesparalelas.com.ar\/sitio\/wp-json\/wp\/v2\/categories?post=36844"},{"taxonomy":"post_tag","embeddable":true,"href":"https:\/\/vocesparalelas.com.ar\/sitio\/wp-json\/wp\/v2\/tags?post=36844"}],"curies":[{"name":"wp","href":"https:\/\/api.w.org\/{rel}","templated":true}]}}