{"id":36840,"date":"2021-04-13T23:17:45","date_gmt":"2021-04-14T02:17:45","guid":{"rendered":"http:\/\/vocesparalelas.com.ar\/sitio\/?p=36840"},"modified":"2021-04-14T23:36:40","modified_gmt":"2021-04-15T02:36:40","slug":"curso-educacion-ambiental-para-el-desarrollo-sustentable-del-club-ambiental-escolar","status":"publish","type":"post","link":"https:\/\/vocesparalelas.com.ar\/sitio\/curso-educacion-ambiental-para-el-desarrollo-sustentable-del-club-ambiental-escolar\/","title":{"rendered":"Curso \u00abEducaci\u00f3n Ambiental para el Desarrollo Sustentable del Club Ambiental Escolar\u201d"},"content":{"rendered":"<p>La Direcci\u00f3n de Educaci\u00f3n Ambiental de la Secretar\u00eda de Estado de Ambiente y Desarrollo Sustentable del Gobierno de San Juan, realiza una capacitaci\u00f3n con modalidad virtual para todos los profesionales de la educaci\u00f3n que deseen seguir form\u00e1ndose en materia ambiental.<\/p>\n<p>La capacitaci\u00f3n \u201cCurso de Educaci\u00f3n Ambiental para el Desarrollo Sustentable: Club Ambiental Escolar\u201d tiene en su programa, conceptos vinculados al Ambiente, al Desarrollo Sustentable, Objetivos para el Desarrollo Sostenible, Educaci\u00f3n Ambiental y Estrategias Educativas como lo son los Clubes Ambientales Escolares.<\/p>\n<p>El curso es gratuito, tiene resoluci\u00f3n del Ministerio de Educaci\u00f3n y se realizado solo de forma virtual. Es por ello que se le pide a todo aquel docente interesado en realizar la capacitaci\u00f3n, un celular, computadora o tablet por la cual puedan seguir el curso. A su vez tambi\u00e9n deber\u00e1n tener una conexi\u00f3n estable de internet.<\/p>\n<p>El curso comenzar\u00e1 el 27 de abril a partir de las 16:30 hasta las 18:30. El cronograma completo se distribuye en la primera clase de la capacitaci\u00f3n. Aquel interesado podr\u00e1 inscribirse en el siguiente link: <a href=\"https:\/\/bit.ly\/32bjOqU\">https:\/\/bit.ly\/32bjOqU<\/a><\/p>\n<p>La Educaci\u00f3n Ambiental ha sido y siempre fue una pol\u00edtica de estado por hacer nuestra sociedad, respetuosa y consciente del cuidado ambiental. Los Clubes Ambientales Escolares son la resoluci\u00f3n de esta mirada para que los m\u00e1s chicos comiencen a tomar acciones que ayuden al ambiente sanjuanino.<\/p>\n<p>&nbsp;<\/p>\n<p><img loading=\"lazy\" decoding=\"async\" class=\"alignnone wp-image-36892 size-full\" src=\"https:\/\/vocesparalelas.com.ar\/sitio\/wp-content\/uploads\/2021\/04\/AMBIENTE-CURSO.jpg\" alt=\"\" width=\"745\" height=\"1024\" \/><\/p>\n<p>&nbsp;<\/p>\n<p>&nbsp;<\/p>\n","protected":false},"excerpt":{"rendered":"<p>La Direcci\u00f3n de Educaci\u00f3n Ambiental de la Secretar\u00eda de Estado de Ambiente y Desarrollo Sustentable del Gobierno de San Juan,<\/p>\n","protected":false},"author":3,"featured_media":36842,"comment_status":"closed","ping_status":"closed","sticky":false,"template":"","format":"standard","meta":{"_acf_changed":false,"_seopress_robots_primary_cat":"none","_seopress_titles_title":"","_seopress_titles_desc":"","_seopress_robots_index":"","colormag_page_container_layout":"default_layout","colormag_page_sidebar_layout":"default_layout","footnotes":""},"categories":[9],"tags":[],"class_list":["post-36840","post","type-post","status-publish","format-standard","has-post-thumbnail","hentry","category-cursos"],"acf":[],"_links":{"self":[{"href":"https:\/\/vocesparalelas.com.ar\/sitio\/wp-json\/wp\/v2\/posts\/36840","targetHints":{"allow":["GET"]}}],"collection":[{"href":"https:\/\/vocesparalelas.com.ar\/sitio\/wp-json\/wp\/v2\/posts"}],"about":[{"href":"https:\/\/vocesparalelas.com.ar\/sitio\/wp-json\/wp\/v2\/types\/post"}],"author":[{"embeddable":true,"href":"https:\/\/vocesparalelas.com.ar\/sitio\/wp-json\/wp\/v2\/users\/3"}],"replies":[{"embeddable":true,"href":"https:\/\/vocesparalelas.com.ar\/sitio\/wp-json\/wp\/v2\/comments?post=36840"}],"version-history":[{"count":2,"href":"https:\/\/vocesparalelas.com.ar\/sitio\/wp-json\/wp\/v2\/posts\/36840\/revisions"}],"predecessor-version":[{"id":36893,"href":"https:\/\/vocesparalelas.com.ar\/sitio\/wp-json\/wp\/v2\/posts\/36840\/revisions\/36893"}],"wp:featuredmedia":[{"embeddable":true,"href":"https:\/\/vocesparalelas.com.ar\/sitio\/wp-json\/wp\/v2\/media\/36842"}],"wp:attachment":[{"href":"https:\/\/vocesparalelas.com.ar\/sitio\/wp-json\/wp\/v2\/media?parent=36840"}],"wp:term":[{"taxonomy":"category","embeddable":true,"href":"https:\/\/vocesparalelas.com.ar\/sitio\/wp-json\/wp\/v2\/categories?post=36840"},{"taxonomy":"post_tag","embeddable":true,"href":"https:\/\/vocesparalelas.com.ar\/sitio\/wp-json\/wp\/v2\/tags?post=36840"}],"curies":[{"name":"wp","href":"https:\/\/api.w.org\/{rel}","templated":true}]}}