{"id":36828,"date":"2021-04-13T21:18:09","date_gmt":"2021-04-14T00:18:09","guid":{"rendered":"http:\/\/vocesparalelas.com.ar\/sitio\/?p=36828"},"modified":"2021-04-14T22:43:33","modified_gmt":"2021-04-15T01:43:33","slug":"campana-de-vacunacion-antigripal-en-san-juan","status":"publish","type":"post","link":"https:\/\/vocesparalelas.com.ar\/sitio\/campana-de-vacunacion-antigripal-en-san-juan\/","title":{"rendered":"Campa\u00f1a de vacunaci\u00f3n antigripal en San Juan"},"content":{"rendered":"<p>El Ministerio de Salud P\u00fablica, a trav\u00e9s del Programa Provincial de Inmunizaciones, comenzar\u00e1 este mi\u00e9rcoles la vacunaci\u00f3n antigripal de los principales grupos de riesgo, luego de la provisi\u00f3n por parte de Naci\u00f3n de 28.560 vacunas.<\/p>\n<p>La poblaci\u00f3n objetivo en esta primera etapa son los equipos de salud, adultos mayores de 80 a\u00f1os, embarazadas y ni\u00f1os de 6 a 24 meses, que se inmunizar\u00e1n en los hospitales y centros de salud de las cinco zonas sanitarias.<\/p>\n<p>Comparti\u00f3 el lanzamiento con la ministro de Salud P\u00fablica del Gobierno de San Juan, Dr. Alejandra Venerando, la jefa del Programa Provincial de Inmunizaciones Lic. Marita Sosa.<\/p>\n<p>La jefa de la cartera sanitaria manifest\u00f3 que \u201cel lanzamiento de la campa\u00f1a de vacunaci\u00f3n contra la gripe se da en consonancia con todos los ministerios de salud de la naci\u00f3n. Nuestra provincia ha recibido 28.560 dosis para comenzar la primera etapa de esta campa\u00f1a de vacunaci\u00f3n. Ustedes saben que es sumamente importante para contener y sobre todo cuidar a las personas de riesgo, porque en el contexto de pandemia es importante que estas personas no lleguen a la internaci\u00f3n en los centros de salud u hospitales\u201d.<\/p>\n<p><iframe loading=\"lazy\" title=\"SALUD SAN JUAN  ANTIGRIPAL\" width=\"800\" height=\"450\" src=\"https:\/\/www.youtube.com\/embed\/9V2kRfloq4I?feature=oembed\" frameborder=\"0\" allow=\"accelerometer; autoplay; clipboard-write; encrypted-media; gyroscope; picture-in-picture\" allowfullscreen><\/iframe><\/p>\n<p>\u201cLas dosis recibidas son 7.840 pedi\u00e1tricas y 20.720 para adultos. Hay que tener en cuenta que el a\u00f1o pasado se inmuniz\u00f3 a 160.204 personas, esto equivale a un 95% de la poblaci\u00f3n objetivo en vacunaci\u00f3n\u201d.<\/p>\n<p>\u201cLas vacunas se va a repartir en distintas etapas, teniendo en cuenta que es prioritario el personal de salud, embarazadas, adultos de m\u00e1s de 80 a\u00f1os y ni\u00f1os de 6 a 24 meses. Luego se extender\u00e1 de manera escalonada a medida que vayan llegando el resto de las dosis. Es fundamental destacar que la vacunaci\u00f3n se har\u00e1 de manera simult\u00e1nea con la vacunaci\u00f3n contra el COVID-19. La vacunaci\u00f3n ser\u00e1 en los centros de salud y en algunos otras sedes habilitadas para la colocaci\u00f3n de las vacunas. Hay que tener en cuenta que la vacunaci\u00f3n contra el COVID-19 y la antigripal debe tener un lapso m\u00ednimo de 14 d\u00edas\u201d, finaliz\u00f3.<\/p>\n<p>Por su parte la Lic. Marita Sosa dio detalles del Plan de Vacunaci\u00f3n Antigripal: \u201cla vacuna estar\u00e1 disponible en los centros de salud y en algunos otros lugares donde podamos garantizar el distanciamiento y los dem\u00e1s cuidados que debemos tener, sobre todo evitando las aglomeraciones\u201d.<\/p>\n<p><iframe loading=\"lazy\" title=\"SALUD SAN JUAN  ANTIGRIPAL\" width=\"800\" height=\"450\" src=\"https:\/\/www.youtube.com\/embed\/61_CCRjTdjw?feature=oembed\" frameborder=\"0\" allow=\"accelerometer; autoplay; clipboard-write; encrypted-media; gyroscope; picture-in-picture\" allowfullscreen><\/iframe><\/p>\n<p>\u201cLa demanda se ha organizado por terminaci\u00f3n de DNI y por grupos, por un lado los adultos y por otro las embarazadas y los ni\u00f1os. Para cada departamento habr\u00e1 placas informativas con los horarios y dem\u00e1s datos necesarios para que asista la poblaci\u00f3n\u201d.<\/p>\n<p>\u201cCada jefe de \u00c1rea Program\u00e1tica ha dispuesto como complemento a los centros de salud que son muy chiquitos, para contener la demanda y poder mantener los cuidados, de otros lugares alternativos como pueden ser una uni\u00f3n vecinal o clubes\u201d, agreg\u00f3.<\/p>\n<p>\u201cDentro de esta estrategia, el Vacunatorio Central vacunar\u00e1 en el hall de entrada del Centro de Convenciones Guillermo Barrena Guzm\u00e1n, en horario de ma\u00f1ana y tarde, con la modalidad por DNI y de d\u00edas y horarios diferenciados para los grupo, para evitar congregar a demasiada poblaci\u00f3n\u201d.<\/p>\n<p>\u201cNo hay que solicitar turno, es por demanda espont\u00e1nea, las personas con domicilio en Capital deben asistir al centro de convenciones y en los departamentos las personas deber\u00e1n asistir a los centros de salud m\u00e1s cercanos a su domicilio. A partir de ma\u00f1ana mi\u00e9rcoles est\u00e1n disponibles las dosis para los grupos mencionados\u201d, finaliz\u00f3.<\/p>\n","protected":false},"excerpt":{"rendered":"<p>El Ministerio de Salud P\u00fablica, a trav\u00e9s del Programa Provincial de Inmunizaciones, comenzar\u00e1 este mi\u00e9rcoles la vacunaci\u00f3n antigripal de los<\/p>\n","protected":false},"author":3,"featured_media":36830,"comment_status":"closed","ping_status":"closed","sticky":false,"template":"","format":"video","meta":{"_acf_changed":false,"_seopress_robots_primary_cat":"none","_seopress_titles_title":"","_seopress_titles_desc":"","_seopress_robots_index":"","colormag_page_container_layout":"default_layout","colormag_page_sidebar_layout":"default_layout","footnotes":""},"categories":[6,7],"tags":[],"class_list":["post-36828","post","type-post","status-publish","format-video","has-post-thumbnail","hentry","category-eventos","category-videos","post_format-post-format-video"],"acf":[],"_links":{"self":[{"href":"https:\/\/vocesparalelas.com.ar\/sitio\/wp-json\/wp\/v2\/posts\/36828","targetHints":{"allow":["GET"]}}],"collection":[{"href":"https:\/\/vocesparalelas.com.ar\/sitio\/wp-json\/wp\/v2\/posts"}],"about":[{"href":"https:\/\/vocesparalelas.com.ar\/sitio\/wp-json\/wp\/v2\/types\/post"}],"author":[{"embeddable":true,"href":"https:\/\/vocesparalelas.com.ar\/sitio\/wp-json\/wp\/v2\/users\/3"}],"replies":[{"embeddable":true,"href":"https:\/\/vocesparalelas.com.ar\/sitio\/wp-json\/wp\/v2\/comments?post=36828"}],"version-history":[{"count":1,"href":"https:\/\/vocesparalelas.com.ar\/sitio\/wp-json\/wp\/v2\/posts\/36828\/revisions"}],"predecessor-version":[{"id":36831,"href":"https:\/\/vocesparalelas.com.ar\/sitio\/wp-json\/wp\/v2\/posts\/36828\/revisions\/36831"}],"wp:featuredmedia":[{"embeddable":true,"href":"https:\/\/vocesparalelas.com.ar\/sitio\/wp-json\/wp\/v2\/media\/36830"}],"wp:attachment":[{"href":"https:\/\/vocesparalelas.com.ar\/sitio\/wp-json\/wp\/v2\/media?parent=36828"}],"wp:term":[{"taxonomy":"category","embeddable":true,"href":"https:\/\/vocesparalelas.com.ar\/sitio\/wp-json\/wp\/v2\/categories?post=36828"},{"taxonomy":"post_tag","embeddable":true,"href":"https:\/\/vocesparalelas.com.ar\/sitio\/wp-json\/wp\/v2\/tags?post=36828"}],"curies":[{"name":"wp","href":"https:\/\/api.w.org\/{rel}","templated":true}]}}