{"id":36787,"date":"2021-04-12T23:36:25","date_gmt":"2021-04-13T02:36:25","guid":{"rendered":"http:\/\/vocesparalelas.com.ar\/sitio\/?p=36787"},"modified":"2021-04-14T01:09:44","modified_gmt":"2021-04-14T04:09:44","slug":"se-lanzo-el-programa-emprender-55-en-san-juan","status":"publish","type":"post","link":"https:\/\/vocesparalelas.com.ar\/sitio\/se-lanzo-el-programa-emprender-55-en-san-juan\/","title":{"rendered":"Se lanz\u00f3 el Programa \u00abEmprender +55\u00bb en San Juan"},"content":{"rendered":"<p>En Casa de Gobierno se desarroll\u00f3 la entrega de certificados a Cuidadores Domiciliarios y el lanzamiento del Programa Emprender +55, destinado a impulsar a personas mayores de 55 a\u00f1os a crear emprendimientos para poder generar nuevas fuentes de trabajo en personas con dificultad para insertarse en el mercado laboral por su edad.<\/p>\n<p>El acto estuvo presidido por el gobernador Sergio U\u00f1ac, acompa\u00f1ado por el ministro de Desarrollo Humano y Promoci\u00f3n Social, Fabi\u00e1n Aballay; secretario de Promoci\u00f3n Social, Lucio Gonz\u00e1lez; subsecretario de Promoci\u00f3n, Protecci\u00f3n y Desarrollo Social, Marcos Andino; directora de Pol\u00edticas para el Adulto Mayor, Mabel Morales; decana de la Facultad de Filosof\u00eda y Humanidades de la Universidad Cat\u00f3lica de Cuyo, Beatriz Farah; director de Fundaci\u00f3n Mitre Salud, Marcelo Lardone; los m\u00e9dicos del grupo Mitre Salud, Carlos Repetto y Rolando Gimbernat; junto a coordinadoras, Karen Vaginai y Gabriela Mardones.<\/p>\n<p>El acto comenz\u00f3 con la presentaci\u00f3n en un video el Programa \u00abM\u00e1s 55 A\u00f1os y luego,\u00a0recibieron sus certificaciones Enzo Riveros, del Departamento Capital, Balmaceda Daniela, del Departamento J\u00e1chal, Menghini Torres Gustavo (Caucete), Paez Barbaro Yanel, del Departamento Albard\u00f3n, Luna Melisa, del Departamento Rawson y Arancibia Virginia, del Departamento J\u00e1chal.<\/p>\n<p><img loading=\"lazy\" decoding=\"async\" class=\"alignnone wp-image-36797 size-full\" src=\"https:\/\/vocesparalelas.com.ar\/sitio\/wp-content\/uploads\/2021\/04\/55-04.jpg\" alt=\"\" width=\"800\" height=\"533\" srcset=\"https:\/\/vocesparalelas.com.ar\/sitio\/wp-content\/uploads\/2021\/04\/55-04.jpg 800w, https:\/\/vocesparalelas.com.ar\/sitio\/wp-content\/uploads\/2021\/04\/55-04-300x200.jpg 300w, https:\/\/vocesparalelas.com.ar\/sitio\/wp-content\/uploads\/2021\/04\/55-04-768x512.jpg 768w\" sizes=\"auto, (max-width: 800px) 100vw, 800px\" \/><\/p>\n<p><img loading=\"lazy\" decoding=\"async\" class=\"alignnone wp-image-36796 size-full\" src=\"https:\/\/vocesparalelas.com.ar\/sitio\/wp-content\/uploads\/2021\/04\/55-03.jpg\" alt=\"\" width=\"800\" height=\"533\" srcset=\"https:\/\/vocesparalelas.com.ar\/sitio\/wp-content\/uploads\/2021\/04\/55-03.jpg 800w, https:\/\/vocesparalelas.com.ar\/sitio\/wp-content\/uploads\/2021\/04\/55-03-300x200.jpg 300w, https:\/\/vocesparalelas.com.ar\/sitio\/wp-content\/uploads\/2021\/04\/55-03-768x512.jpg 768w\" sizes=\"auto, (max-width: 800px) 100vw, 800px\" \/><\/p>\n<p><img loading=\"lazy\" decoding=\"async\" class=\"alignnone wp-image-36795 size-full\" src=\"https:\/\/vocesparalelas.com.ar\/sitio\/wp-content\/uploads\/2021\/04\/55-02.jpg\" alt=\"\" width=\"800\" height=\"533\" srcset=\"https:\/\/vocesparalelas.com.ar\/sitio\/wp-content\/uploads\/2021\/04\/55-02.jpg 800w, https:\/\/vocesparalelas.com.ar\/sitio\/wp-content\/uploads\/2021\/04\/55-02-300x200.jpg 300w, https:\/\/vocesparalelas.com.ar\/sitio\/wp-content\/uploads\/2021\/04\/55-02-768x512.jpg 768w\" sizes=\"auto, (max-width: 800px) 100vw, 800px\" \/><\/p>\n<p><img loading=\"lazy\" decoding=\"async\" class=\"alignnone wp-image-36794 size-full\" src=\"https:\/\/vocesparalelas.com.ar\/sitio\/wp-content\/uploads\/2021\/04\/55-01.jpg\" alt=\"\" width=\"800\" height=\"533\" srcset=\"https:\/\/vocesparalelas.com.ar\/sitio\/wp-content\/uploads\/2021\/04\/55-01.jpg 800w, https:\/\/vocesparalelas.com.ar\/sitio\/wp-content\/uploads\/2021\/04\/55-01-300x200.jpg 300w, https:\/\/vocesparalelas.com.ar\/sitio\/wp-content\/uploads\/2021\/04\/55-01-768x512.jpg 768w\" sizes=\"auto, (max-width: 800px) 100vw, 800px\" \/><\/p>\n<p>En ese sentido, la directora de Pol\u00edticas para el Adulto Mayor, Mabel Morales, inform\u00f3 que para acceder al programa se debe hacer desde la plataforma del ministerio denominada mdhinscripciones.com.ar<\/p>\n<p><iframe loading=\"lazy\" title=\"PROGRAMA + 55 SAN JUAN\" width=\"800\" height=\"450\" src=\"https:\/\/www.youtube.com\/embed\/tF7hgL779Mg?feature=oembed\" frameborder=\"0\" allow=\"accelerometer; autoplay; clipboard-write; encrypted-media; gyroscope; picture-in-picture\" allowfullscreen><\/iframe><\/p>\n<p>\u201cEn este plan se trabaja con todas la \u00e1reas, en este caso con proyectos productivos y sociales. En este sentido, si bien el plan tiene una base social, no queremos hacer asistencia, necesitamos programas de promoci\u00f3n, donde la gente pueda insertarse de nuevo en el sistema laboral. Es as\u00ed como surge el Programa +55\u201d, asegur\u00f3 Morales.<\/p>\n<p>Con respecto a los certificados de Cuidadores Domiciliarios, la funcionaria expres\u00f3: \u201cLa formaci\u00f3n de cuidadores de personas nos ayud\u00f3 a cumplir con un grupo etario que seguiremos cuidando en el 2021.Se entregaron 81 certificados, sumados a las 28 personas capacitadas en el 2019 y vamos por una nueva inscripci\u00f3n para trabajar en este a\u00f1o con la Facultad de Filosof\u00eda y el Grupo Mitre Salud\u00bb.<\/p>\n<p>A continuaci\u00f3n, Aballay agreg\u00f3 que \u201ceste programa atiende la necesidad laboral que se plantea de ese sector de sanjuaninos que no desarrollan ning\u00fan tipo de actividad formal, que no son jubilados ni pensionados, que no encuentran trabajo porque el mercado laboral se inclina quiz\u00e1s por personas m\u00e1s j\u00f3venes\u201d.<\/p>\n<p>&nbsp;<\/p>\n<p>\u201cEl objetivo es potenciar todo tipo de emprendimientos laborales de las personas en esta franja etaria, darle las herramientas necesarias y el impulso que necesitan ellos para poder desarrollar alguna actividad que probablemente ya vienen desarrollando o entra que vayan a iniciar\u201d, explic\u00f3 el ministro.<\/p>\n<p>&nbsp;<\/p>\n<p><iframe loading=\"lazy\" title=\"PROGRAMA + 55 SAN JUAN\" width=\"800\" height=\"450\" src=\"https:\/\/www.youtube.com\/embed\/aMnPr8c7fCc?feature=oembed\" frameborder=\"0\" allow=\"accelerometer; autoplay; clipboard-write; encrypted-media; gyroscope; picture-in-picture\" allowfullscreen><\/iframe><\/p>\n<p>&nbsp;<\/p>\n<p>En ese marco, U\u00f1ac destac\u00f3 que el curso de Formaci\u00f3n de Cuidadores Domiciliarios, al se\u00f1alar que \u201ces muy importante en tiempos de pandemia, donde las estructuras sanitarias del Mundo est\u00e1n en crisis, poder generar este tipo de programas para que las personas pueden seguir un tratamiento en su domicilio y con personal capacitado\u201d.<\/p>\n<p><iframe loading=\"lazy\" title=\"PROGRAMA + 55 SAN JUAN\" width=\"800\" height=\"450\" src=\"https:\/\/www.youtube.com\/embed\/ziYV1G_AaxM?feature=oembed\" frameborder=\"0\" allow=\"accelerometer; autoplay; clipboard-write; encrypted-media; gyroscope; picture-in-picture\" allowfullscreen><\/iframe><\/p>\n<p>Luego, el gobernador puso en valor el programa Emprender +55 para las personas que no pod\u00edan ingresar al mercado laboral.<\/p>\n<p>\u201cEs responsabilidad de Estado abrir un camino, una posibilidad y una oportunidad para quienes est\u00e1n en esa franja de edad. Son herramientas que ser\u00e1n muy bien utilizadas\u201d, explic\u00f3 y afirm\u00f3 que el programa estar\u00e1 operativo en menos de 15 d\u00edas.<\/p>\n<p>&nbsp;<\/p>\n<p>&nbsp;<\/p>\n<p><strong><span style=\"color: #339966;\">Programa Emprender +55<\/span><\/strong><\/p>\n<p>Este programa tiene como finalidad acompa\u00f1ar y formular proyectos que estimulen el emprendimiento para Mayores de 55 a\u00f1os, con el objetivo de prolongar la vida laboral de este grupo etario. La iniciativa apunta a transformarse en una opci\u00f3n de pol\u00edtica p\u00fablica.<\/p>\n<p>Las consecuencias esperadas se reflejar\u00e1n en mayor recurso de mano de obra, oferta de servicios, bienestar emocional y social para estos trabajadores, mejoramiento de la calidad de vida de los grupos mayores de 55 a\u00f1os y aumento de ventajas sociales y econ\u00f3micas. Por ello, el programa est\u00e1 dirigido a personas mayores de 55 a\u00f1os, que deseen desarrollar un proyecto o mejorar uno en funcionamiento, entre ellos agricultura familiar, jardiner\u00eda, carpinter\u00eda artesanal, herrer\u00eda, etc.<\/p>\n<p>Son destinatarios mujeres de 55 a\u00f1os a 60 a\u00f1os de edad y hombres de 55 a\u00f1os a 64 a\u00f1os de edad que vivan en los 19 departamentos de la provincia.<\/p>\n<p><strong><span style=\"color: #339966;\">Cuidadores Domiciliarios<\/span><\/strong><\/p>\n<p>El Ministerio de Desarrollo Humano y Promoci\u00f3n Social, a trav\u00e9s de la Direcci\u00f3n de Pol\u00edticas para el Adulto Mayor, junto con el GRUPO MITRE SALUD, y la colaboraci\u00f3n de la Universidad Cat\u00f3lica de Cuyo Facultad de Filosof\u00eda llevaron a cabo en el 2020 el Segundo Curso de Formaci\u00f3n de Cuidadores Domiciliarios Provincial.<\/p>\n<p>Se inscribieron m\u00e1s de 150 personas de las cuales, tras una selecci\u00f3n, quedaron 81 personas que cursaron y finalizaron el curso de formaci\u00f3n.<\/p>\n<p>El mismo se vio modificado en su modalidad en raz\u00f3n de la Pandemia por COVID -19, por lo que se extremaron esfuerzos y se reestructur\u00f3 el dictado de clases en forma virtual. En esta etapa surgieron nuevos desaf\u00edos que impusieron el compromiso en atenci\u00f3n a los adultos mayores buscando acciones efectivas a la hora de promover y respetar los derechos de los mayores, en especial de aquellos adultos en situaci\u00f3n de vulnerabilidad social o que requieren un apoyo calificado ante alguna dependencia.<\/p>\n<p>El entrenamiento tuvo una duraci\u00f3n de 6 meses; es importante destacar la importancia de la formaci\u00f3n para lograr una salida laboral responsable y sustentable.<\/p>\n<p><span style=\"color: #339966;\"><strong>El rol del cuidador domiciliario<\/strong><\/span><\/p>\n<p>La Direcci\u00f3n de Pol\u00edticas para el Adulto Mayor, cuenta desde la implementaci\u00f3n de este programa, con un registro provincial de Cuidadores Domiciliarios para adultos mayores, competentes para tal fin. El objetivo de la formaci\u00f3n es buscar que el adulto mayor se sienta contenido en todos los aspectos que mejoran su calidad de vida, para lograr mayor permanencia en el seno familiar, protegiendo los v\u00ednculos, evitando o retrasando institucionalizaciones innecesarias.<\/p>\n<p>Las tareas que se esperan de un cuidador son la de acompa\u00f1amiento y asesoramiento en actividades de la vida diaria, preparaci\u00f3n de alimentos, ingesta asistida, higiene y confort del adulto mayor, y lugar espec\u00edficos de esta detecci\u00f3n de barreras arquitect\u00f3nicas y prevenci\u00f3n de accidentes.<\/p>\n<p>Cada cuidador domiciliario ha sido formado en adiciones, nutrici\u00f3n, primeros auxilios, RCP, discapacidad, estrategias de superaci\u00f3n del adulto mayor e instruido en la parte legal de los derechos del Adulto Mayor.<\/p>\n<p>La Direcci\u00f3n de Pol\u00edticas para el Adulto Mayor, cuenta a partir de ahora, con un registro provincial de Cuidadores Domiciliarios para adultos mayores, competentes para tal fin.<\/p>\n<p><iframe loading=\"lazy\" title=\"U\u00f1ac present\u00f3 un programa que brinda herramientas laborales a mayores de 55\" width=\"800\" height=\"450\" src=\"https:\/\/www.youtube.com\/embed\/e0lMaH-JV-o?feature=oembed\" frameborder=\"0\" allow=\"accelerometer; autoplay; clipboard-write; encrypted-media; gyroscope; picture-in-picture\" allowfullscreen><\/iframe><\/p>\n<p>&nbsp;<\/p>\n<p>&nbsp;<\/p>\n<p>&nbsp;<\/p>\n<p>&nbsp;<\/p>\n<p>&nbsp;<\/p>\n","protected":false},"excerpt":{"rendered":"<p>En Casa de Gobierno se desarroll\u00f3 la entrega de certificados a Cuidadores Domiciliarios y el lanzamiento del Programa Emprender +55,<\/p>\n","protected":false},"author":3,"featured_media":36798,"comment_status":"closed","ping_status":"closed","sticky":false,"template":"","format":"video","meta":{"_acf_changed":false,"_seopress_robots_primary_cat":"none","_seopress_titles_title":"","_seopress_titles_desc":"","_seopress_robots_index":"","colormag_page_container_layout":"default_layout","colormag_page_sidebar_layout":"default_layout","footnotes":""},"categories":[2,7],"tags":[],"class_list":["post-36787","post","type-post","status-publish","format-video","has-post-thumbnail","hentry","category-convocatorias","category-videos","post_format-post-format-video"],"acf":[],"_links":{"self":[{"href":"https:\/\/vocesparalelas.com.ar\/sitio\/wp-json\/wp\/v2\/posts\/36787","targetHints":{"allow":["GET"]}}],"collection":[{"href":"https:\/\/vocesparalelas.com.ar\/sitio\/wp-json\/wp\/v2\/posts"}],"about":[{"href":"https:\/\/vocesparalelas.com.ar\/sitio\/wp-json\/wp\/v2\/types\/post"}],"author":[{"embeddable":true,"href":"https:\/\/vocesparalelas.com.ar\/sitio\/wp-json\/wp\/v2\/users\/3"}],"replies":[{"embeddable":true,"href":"https:\/\/vocesparalelas.com.ar\/sitio\/wp-json\/wp\/v2\/comments?post=36787"}],"version-history":[{"count":3,"href":"https:\/\/vocesparalelas.com.ar\/sitio\/wp-json\/wp\/v2\/posts\/36787\/revisions"}],"predecessor-version":[{"id":36802,"href":"https:\/\/vocesparalelas.com.ar\/sitio\/wp-json\/wp\/v2\/posts\/36787\/revisions\/36802"}],"wp:featuredmedia":[{"embeddable":true,"href":"https:\/\/vocesparalelas.com.ar\/sitio\/wp-json\/wp\/v2\/media\/36798"}],"wp:attachment":[{"href":"https:\/\/vocesparalelas.com.ar\/sitio\/wp-json\/wp\/v2\/media?parent=36787"}],"wp:term":[{"taxonomy":"category","embeddable":true,"href":"https:\/\/vocesparalelas.com.ar\/sitio\/wp-json\/wp\/v2\/categories?post=36787"},{"taxonomy":"post_tag","embeddable":true,"href":"https:\/\/vocesparalelas.com.ar\/sitio\/wp-json\/wp\/v2\/tags?post=36787"}],"curies":[{"name":"wp","href":"https:\/\/api.w.org\/{rel}","templated":true}]}}