{"id":36766,"date":"2021-04-12T19:16:59","date_gmt":"2021-04-12T22:16:59","guid":{"rendered":"http:\/\/vocesparalelas.com.ar\/sitio\/?p=36766"},"modified":"2021-04-14T01:09:07","modified_gmt":"2021-04-14T04:09:07","slug":"inicio-la-vacunacion-contra-el-covid-19-para-mayores-de-60-anos-en-san-juan","status":"publish","type":"post","link":"https:\/\/vocesparalelas.com.ar\/sitio\/inicio-la-vacunacion-contra-el-covid-19-para-mayores-de-60-anos-en-san-juan\/","title":{"rendered":"Inici\u00f3 la vacunaci\u00f3n contra el COVID-19 para mayores de 60 a\u00f1os en San Juan"},"content":{"rendered":"<p>El Gobierno de San Juan, a trav\u00e9s del Ministerio de Salud P\u00fablica, organiz\u00f3 distintos puntos de vacunaci\u00f3n para continuar avanzando en la inmunizaci\u00f3n de las personas contra el COVID-19.<\/p>\n<p>De acuerdo al cronograma de vacunaci\u00f3n dispuesto en la provincia de San Juan, a partir de este lunes se inici\u00f3 la administraci\u00f3n de vacunas contra el COVID-19 a los adultos mayores de 60 a\u00f1os.<\/p>\n<p>A trav\u00e9s del sitio <a href=\"https:\/\/sisanjuan.gob.ar\/vacunacionsanjuan\">https:\/\/sisanjuan.gob.ar\/vacunacionsanjuan<\/a> se han inscripto alrededor de unas 40 mil personas y se estima que ya se han brindado 4100 turnos distribuidos en los distintos centros de vacunaci\u00f3n de la provincia.<\/p>\n<p>Asimismo, se recuerda que los adultos mayores de 60 a\u00f1os deben asistir al lugar de vacunaci\u00f3n con el turno otorgado por la p\u00e1gina.<\/p>\n<p><strong><span style=\"color: #ff0000;\">Centros de vacunaci\u00f3n<\/span><\/strong><\/p>\n<ul>\n<li>Albard\u00f3n: CIC La Laja.<\/li>\n<li>Angaco: Uni\u00f3n Vecinal Villa El Salvador.<\/li>\n<li>Calingasta: Uni\u00f3n Vecinal Villa Calingasta \u2013 Barreal: Polideportivo Barreal.<\/li>\n<li>Capital: Polideportivo Escuela San Mart\u00edn \u2013 Estadio Aldo Cantoni<\/li>\n<li>Caucete: Sal\u00f3n San Isidro.<\/li>\n<li>Chimbas: Parque de Chimbas.<\/li>\n<li>Iglesia: Polideportivo Municipal de Rodeo.<\/li>\n<li>J\u00e1chal: Teatro del Bicentenario.<\/li>\n<li>9 de Julio: Centro de Jubilados.<\/li>\n<li>Pocito: Sal\u00f3n La Posta (Mendoza entre calles 10 y 11).<\/li>\n<li>Rawson: Teatro Kummel.<\/li>\n<li>Rivadavia: Complejo Islas Malvinas, CUIM, Facultad de Ciencias Sociales. UNSJ<\/li>\n<li>San Mart\u00edn: Estadio Marta Orellana.<\/li>\n<li>Santa Luc\u00eda: Uni\u00f3n Vecinal Santa Luc\u00eda Centro.<\/li>\n<li>Sarmiento: Centro Cultural.<\/li>\n<li>Ullum: CIC Ullum.<\/li>\n<li>Valle F\u00e9rtil: Sal\u00f3n Cultural.<\/li>\n<li>25 de Mayo: CIC Santa Rosa<\/li>\n<li>Zonda: Sal\u00f3n de Eventos del Centro de Jubilados.<\/li>\n<\/ul>\n<p>Adem\u00e1s es importante destacar que durante esta semana el Ministerio de Salud P\u00fablica ofrece la opci\u00f3n de AutoVac a mayores de 60 a\u00f1os para la colocaci\u00f3n de la primera dosis, permitiendo as\u00ed dinamizar la vacunaci\u00f3n. Dicho centro de vacunaci\u00f3n est\u00e1 ubicado en el Estadio Del Bicentenario, en Pocito.<\/p>\n<p>La metodolog\u00eda del mismo consiste en la recepci\u00f3n de las personas para verificar el turno, luego ingresan con el veh\u00edculo, les colocan la primera dosis y luego esperan en posvacunal unos 20 minutos, dentro de la comodidad de su coche, controlando as\u00ed que no tengan ning\u00fan tipo de secuelas despu\u00e9s de la colocaci\u00f3n de la vacuna. Finalizado este proceso, ya se pueden retirar.<\/p>\n<p>Se debe recordar que al momento de vacunarse, la persona puede acercarse con un acompa\u00f1ante, debe llevar su DNI y no debe presentar s\u00edntomas.<\/p>\n<p>&nbsp;<\/p>\n<p>&nbsp;<\/p>\n","protected":false},"excerpt":{"rendered":"<p>El Gobierno de San Juan, a trav\u00e9s del Ministerio de Salud P\u00fablica, organiz\u00f3 distintos puntos de vacunaci\u00f3n para continuar avanzando<\/p>\n","protected":false},"author":3,"featured_media":36768,"comment_status":"closed","ping_status":"closed","sticky":false,"template":"","format":"standard","meta":{"_acf_changed":false,"_seopress_robots_primary_cat":"none","_seopress_titles_title":"","_seopress_titles_desc":"","_seopress_robots_index":"","colormag_page_container_layout":"default_layout","colormag_page_sidebar_layout":"default_layout","footnotes":""},"categories":[6],"tags":[],"class_list":["post-36766","post","type-post","status-publish","format-standard","has-post-thumbnail","hentry","category-eventos"],"acf":[],"_links":{"self":[{"href":"https:\/\/vocesparalelas.com.ar\/sitio\/wp-json\/wp\/v2\/posts\/36766","targetHints":{"allow":["GET"]}}],"collection":[{"href":"https:\/\/vocesparalelas.com.ar\/sitio\/wp-json\/wp\/v2\/posts"}],"about":[{"href":"https:\/\/vocesparalelas.com.ar\/sitio\/wp-json\/wp\/v2\/types\/post"}],"author":[{"embeddable":true,"href":"https:\/\/vocesparalelas.com.ar\/sitio\/wp-json\/wp\/v2\/users\/3"}],"replies":[{"embeddable":true,"href":"https:\/\/vocesparalelas.com.ar\/sitio\/wp-json\/wp\/v2\/comments?post=36766"}],"version-history":[{"count":2,"href":"https:\/\/vocesparalelas.com.ar\/sitio\/wp-json\/wp\/v2\/posts\/36766\/revisions"}],"predecessor-version":[{"id":36770,"href":"https:\/\/vocesparalelas.com.ar\/sitio\/wp-json\/wp\/v2\/posts\/36766\/revisions\/36770"}],"wp:featuredmedia":[{"embeddable":true,"href":"https:\/\/vocesparalelas.com.ar\/sitio\/wp-json\/wp\/v2\/media\/36768"}],"wp:attachment":[{"href":"https:\/\/vocesparalelas.com.ar\/sitio\/wp-json\/wp\/v2\/media?parent=36766"}],"wp:term":[{"taxonomy":"category","embeddable":true,"href":"https:\/\/vocesparalelas.com.ar\/sitio\/wp-json\/wp\/v2\/categories?post=36766"},{"taxonomy":"post_tag","embeddable":true,"href":"https:\/\/vocesparalelas.com.ar\/sitio\/wp-json\/wp\/v2\/tags?post=36766"}],"curies":[{"name":"wp","href":"https:\/\/api.w.org\/{rel}","templated":true}]}}