{"id":36762,"date":"2021-04-11T20:40:06","date_gmt":"2021-04-11T23:40:06","guid":{"rendered":"http:\/\/vocesparalelas.com.ar\/sitio\/?p=36762"},"modified":"2021-04-13T01:42:40","modified_gmt":"2021-04-13T04:42:40","slug":"atencion-por-terminacion-del-dni-en-el-centro-civico","status":"publish","type":"post","link":"https:\/\/vocesparalelas.com.ar\/sitio\/atencion-por-terminacion-del-dni-en-el-centro-civico\/","title":{"rendered":"Atenci\u00f3n por terminaci\u00f3n del DNI en el Centro C\u00edvico"},"content":{"rendered":"<p>En virtud de las nuevas medidas adoptadas por el Gobierno de San Juan, el Ministerio de Obras y Servicios P\u00fablicos, a trav\u00e9s de la Direcci\u00f3n de Control Operativo &#8211; DCO -, inform\u00f3 las medidas vigentes para el funcionamiento del Centro C\u00edvico.<\/p>\n<p>En primer lugar y como se viene realizando, el ingreso para el personal es obligatoriamente con credencial identificatoria. Por su parte, la atenci\u00f3n al p\u00fablico estar\u00e1 guiada por la terminaci\u00f3n de los DNI:<\/p>\n<ul>\n<li>Lunes: terminaciones 0-1<\/li>\n<li>Martes: terminaciones 2-3<\/li>\n<li>Mi\u00e9rcoles: terminaciones 4-5<\/li>\n<li>Jueves: terminaciones 6-7<\/li>\n<li>Viernes: terminaciones 8-9<\/li>\n<\/ul>\n<p>En caso de que por terminaci\u00f3n de DNI el d\u00eda fuera inh\u00e1bil administrativo, su atenci\u00f3n se realizar\u00e1 el siguiente d\u00eda h\u00e1bil.<\/p>\n<p>Para aquellas personas que cuentan con citaci\u00f3n o con turno previo para ingresar, no rige el n\u00famero de DNI como condici\u00f3n para el ingreso. En cualquiera de los casos, es obligatorio presentarse con DNI en mano para su escaneo.<\/p>\n<p>Por \u00faltimo, los ingresos habilitados al edificio son: por avenida Libertador y por la Plaza Seca.<\/p>\n<p><span style=\"color: #ff6600;\"><b>Medidas sanitarias adoptadas en el Centro C\u00edvico<\/b><\/span><\/p>\n<p>En el acceso, se controlar\u00e1 la temperatura de los asistentes a trav\u00e9s de c\u00e1maras termogr\u00e1ficas y term\u00f3metros corporales sin contacto. En el caso que la c\u00e1mara mida una temperatura elevada (superior a 37\u00b0), inmediatamente se activar\u00e1 una alarma y se proceder\u00e1 a aislar a la persona. Adem\u00e1s, se ha aumentado la ventilaci\u00f3n y renovaci\u00f3n de aire en el interior del edificio.<\/p>\n<p>Por \u00faltimo, es obligatorio el uso de tapabocas para el ingreso y circulaci\u00f3n en el edificio, el respeto de las distancias m\u00ednimas y el uso de dos personas, m\u00e1ximo, por ascensor.<\/p>\n<p>&nbsp;<\/p>\n<p>&nbsp;<\/p>\n<p>&nbsp;<\/p>\n","protected":false},"excerpt":{"rendered":"<p>En virtud de las nuevas medidas adoptadas por el Gobierno de San Juan, el Ministerio de Obras y Servicios P\u00fablicos,<\/p>\n","protected":false},"author":3,"featured_media":30577,"comment_status":"closed","ping_status":"closed","sticky":false,"template":"","format":"standard","meta":{"_acf_changed":false,"_seopress_robots_primary_cat":"none","_seopress_titles_title":"","_seopress_titles_desc":"","_seopress_robots_index":"","colormag_page_container_layout":"default_layout","colormag_page_sidebar_layout":"default_layout","footnotes":""},"categories":[6],"tags":[],"class_list":["post-36762","post","type-post","status-publish","format-standard","has-post-thumbnail","hentry","category-eventos"],"acf":[],"_links":{"self":[{"href":"https:\/\/vocesparalelas.com.ar\/sitio\/wp-json\/wp\/v2\/posts\/36762","targetHints":{"allow":["GET"]}}],"collection":[{"href":"https:\/\/vocesparalelas.com.ar\/sitio\/wp-json\/wp\/v2\/posts"}],"about":[{"href":"https:\/\/vocesparalelas.com.ar\/sitio\/wp-json\/wp\/v2\/types\/post"}],"author":[{"embeddable":true,"href":"https:\/\/vocesparalelas.com.ar\/sitio\/wp-json\/wp\/v2\/users\/3"}],"replies":[{"embeddable":true,"href":"https:\/\/vocesparalelas.com.ar\/sitio\/wp-json\/wp\/v2\/comments?post=36762"}],"version-history":[{"count":1,"href":"https:\/\/vocesparalelas.com.ar\/sitio\/wp-json\/wp\/v2\/posts\/36762\/revisions"}],"predecessor-version":[{"id":36764,"href":"https:\/\/vocesparalelas.com.ar\/sitio\/wp-json\/wp\/v2\/posts\/36762\/revisions\/36764"}],"wp:featuredmedia":[{"embeddable":true,"href":"https:\/\/vocesparalelas.com.ar\/sitio\/wp-json\/wp\/v2\/media\/30577"}],"wp:attachment":[{"href":"https:\/\/vocesparalelas.com.ar\/sitio\/wp-json\/wp\/v2\/media?parent=36762"}],"wp:term":[{"taxonomy":"category","embeddable":true,"href":"https:\/\/vocesparalelas.com.ar\/sitio\/wp-json\/wp\/v2\/categories?post=36762"},{"taxonomy":"post_tag","embeddable":true,"href":"https:\/\/vocesparalelas.com.ar\/sitio\/wp-json\/wp\/v2\/tags?post=36762"}],"curies":[{"name":"wp","href":"https:\/\/api.w.org\/{rel}","templated":true}]}}