{"id":36752,"date":"2021-04-11T13:56:15","date_gmt":"2021-04-11T16:56:15","guid":{"rendered":"http:\/\/vocesparalelas.com.ar\/sitio\/?p=36752"},"modified":"2021-04-14T01:08:29","modified_gmt":"2021-04-14T04:08:29","slug":"resultados-provisorios-a-becas-evc-cin","status":"publish","type":"post","link":"https:\/\/vocesparalelas.com.ar\/sitio\/resultados-provisorios-a-becas-evc-cin\/","title":{"rendered":"Resultados provisorios a Becas EVC- CIN"},"content":{"rendered":"<p>La Secretar\u00eda de Ciencia y T\u00e9cnica de la UNSJ informa que el\u00a0Consejo Interuniversitario Nacional (CIN) ha publicado los\u00a0resultados provisorios\u00a0\u00a0de la evaluaci\u00f3n regional de la convocatoria 2020 de las Becas de Est\u00edmulo a las Vocaciones Cient\u00edficas (Becas EVC-CIN).<\/p>\n<p><a href=\"https:\/\/vocesparalelas.com.ar\/sitio\/wp-content\/uploads\/2021\/04\/RESULTADOS-PROVISORIOS-DE-LA-EVALUACION-2020.pdf\">RESULTADOS PROVISORIOS DE LA EVALUACI\u00d3N 2020<\/a><\/p>\n<p>Asimismo, en el mismo sitio podr\u00e1 encontrarse un instructivo<\/p>\n<p><a href=\"https:\/\/vocesparalelas.com.ar\/sitio\/wp-content\/uploads\/2021\/04\/INSTRUCTIVO-PARA-LA-VISUALIZACION-DE-DICTAMENES-Y-CARGA-DE-SOLICITUDES-DE-RECONSIDERACION-2020.pdf\">INSTRUCTIVO PARA LA VISUALIZACI\u00d3N DE DICTAMENES Y CARGA DE SOLICITUDES DE RECONSIDERACI\u00d3N &#8211; 2020<\/a><\/p>\n<p>para la visualizaci\u00f3n de los dict\u00e1menes en el gestor de proyectos y la carga de eventuales pedidos de reconsideraci\u00f3n que podr\u00e1n llevarse a cabo entre el 12 y el 16 de abril inclusive.<\/p>\n<p>Tambi\u00e9n se adjunta archivo con resultados provisorios e instructivo.<\/p>\n<p><strong><span style=\"color: #ff00ff;\">M\u00e1s informaci\u00f3n<\/span><\/strong><\/p>\n<p><a href=\"https:\/\/www.cin.edu.ar\/becas-evc-cin-2020-resultados-provisorios-de-la-evaluacion\/\" target=\"_blank\" rel=\"noopener noreferrer\">www.cin.edu.ar<\/a><\/p>\n<p>&nbsp;<\/p>\n<p><img loading=\"lazy\" decoding=\"async\" class=\"alignnone wp-image-36758 size-full\" src=\"https:\/\/vocesparalelas.com.ar\/sitio\/wp-content\/uploads\/2021\/04\/unsj-becas-1.jpg\" alt=\"\" width=\"800\" height=\"801\" srcset=\"https:\/\/vocesparalelas.com.ar\/sitio\/wp-content\/uploads\/2021\/04\/unsj-becas-1.jpg 800w, https:\/\/vocesparalelas.com.ar\/sitio\/wp-content\/uploads\/2021\/04\/unsj-becas-1-300x300.jpg 300w, https:\/\/vocesparalelas.com.ar\/sitio\/wp-content\/uploads\/2021\/04\/unsj-becas-1-150x150.jpg 150w, https:\/\/vocesparalelas.com.ar\/sitio\/wp-content\/uploads\/2021\/04\/unsj-becas-1-768x769.jpg 768w\" sizes=\"auto, (max-width: 800px) 100vw, 800px\" \/><\/p>\n","protected":false},"excerpt":{"rendered":"<p>La Secretar\u00eda de Ciencia y T\u00e9cnica de la UNSJ informa que el\u00a0Consejo Interuniversitario Nacional (CIN) ha publicado los\u00a0resultados provisorios\u00a0\u00a0de la<\/p>\n","protected":false},"author":3,"featured_media":36759,"comment_status":"closed","ping_status":"closed","sticky":false,"template":"","format":"standard","meta":{"_acf_changed":false,"_seopress_robots_primary_cat":"none","_seopress_titles_title":"","_seopress_titles_desc":"","_seopress_robots_index":"","colormag_page_container_layout":"default_layout","colormag_page_sidebar_layout":"default_layout","footnotes":""},"categories":[5],"tags":[],"class_list":["post-36752","post","type-post","status-publish","format-standard","has-post-thumbnail","hentry","category-ofrecimientos"],"acf":[],"_links":{"self":[{"href":"https:\/\/vocesparalelas.com.ar\/sitio\/wp-json\/wp\/v2\/posts\/36752","targetHints":{"allow":["GET"]}}],"collection":[{"href":"https:\/\/vocesparalelas.com.ar\/sitio\/wp-json\/wp\/v2\/posts"}],"about":[{"href":"https:\/\/vocesparalelas.com.ar\/sitio\/wp-json\/wp\/v2\/types\/post"}],"author":[{"embeddable":true,"href":"https:\/\/vocesparalelas.com.ar\/sitio\/wp-json\/wp\/v2\/users\/3"}],"replies":[{"embeddable":true,"href":"https:\/\/vocesparalelas.com.ar\/sitio\/wp-json\/wp\/v2\/comments?post=36752"}],"version-history":[{"count":1,"href":"https:\/\/vocesparalelas.com.ar\/sitio\/wp-json\/wp\/v2\/posts\/36752\/revisions"}],"predecessor-version":[{"id":36760,"href":"https:\/\/vocesparalelas.com.ar\/sitio\/wp-json\/wp\/v2\/posts\/36752\/revisions\/36760"}],"wp:featuredmedia":[{"embeddable":true,"href":"https:\/\/vocesparalelas.com.ar\/sitio\/wp-json\/wp\/v2\/media\/36759"}],"wp:attachment":[{"href":"https:\/\/vocesparalelas.com.ar\/sitio\/wp-json\/wp\/v2\/media?parent=36752"}],"wp:term":[{"taxonomy":"category","embeddable":true,"href":"https:\/\/vocesparalelas.com.ar\/sitio\/wp-json\/wp\/v2\/categories?post=36752"},{"taxonomy":"post_tag","embeddable":true,"href":"https:\/\/vocesparalelas.com.ar\/sitio\/wp-json\/wp\/v2\/tags?post=36752"}],"curies":[{"name":"wp","href":"https:\/\/api.w.org\/{rel}","templated":true}]}}