{"id":36748,"date":"2021-04-11T13:10:07","date_gmt":"2021-04-11T16:10:07","guid":{"rendered":"http:\/\/vocesparalelas.com.ar\/sitio\/?p=36748"},"modified":"2021-04-13T01:43:20","modified_gmt":"2021-04-13T04:43:20","slug":"turno-para-los-tramites-presenciales-segun-el-cronograma-electoral-en-la-unsj","status":"publish","type":"post","link":"https:\/\/vocesparalelas.com.ar\/sitio\/turno-para-los-tramites-presenciales-segun-el-cronograma-electoral-en-la-unsj\/","title":{"rendered":"Turno para los tr\u00e1mites presenciales seg\u00fan el Cronograma Electoral en la UNSJ"},"content":{"rendered":"<p>La Junta Electoral de la Universidad Nacional de San Juan\u00a0informa a la comunidad universitaria que para todos los tr\u00e1mites presenciales del cronograma electoral y por las razones sanitarias que impone la Pandemia\u00a0COVID-19, se deber\u00e1 solicitar turno para atenci\u00f3n personalizada al email <a href=\"juntaelectoral2021@unsj.edu.ar\">juntaelectoral2021@unsj.edu.ar<\/a><\/p>\n<p>iniciando con esta modalidad desde el d\u00eda 12 de abril de 2021 hasta el fin del calendario electoral.<\/p>\n<p>Cronograma<\/p>\n<p>En 2021 se realizan las\u00a0Elecciones Generales Universitarias para cubrir los cargos de Rector\/a Vicerrector\/a, Decanos\/as y Vicedecanos\/as y Director\/a y Vicedirector\/a de la EUCS y los estamentos de Docentes, Egresados\/as, Estudiantil y de Personal No Docentes que integrar\u00e1n los Consejos Directivos y el Consejo Superior; adem\u00e1s del\/la representante del Consejo Asesor de Ense\u00f1anza Secundaria (CAES), seg\u00fan lo establecido por Ordenanzas 1\/11 &#8211; AU y sus modificatorias.<\/p>\n<p>La Junta Electoral de la Universidad Nacional de San Juan informa que se ha habilitado una casilla de correo electr\u00f3nico como medio de comunicaci\u00f3n oficial entre la comunidad universitaria y la Junta Electoral.\u00a0 El mismo funcionar\u00e1, adem\u00e1s, como Mesa de Entrada y Salida de expedientes hasta tanto la Junta Electoral cuente con un espacio habilitado para ejercer su funci\u00f3n.<\/p>\n<p><span style=\"color: #339966;\"><strong>Calendario Electoral<\/strong><\/span><\/p>\n<p><span style=\"color: #339966;\"><strong>Abril<\/strong><\/span><\/p>\n<p>10\/04: Cierre de los Padrones Provisorios del Estamento Egresados. Hasta las 12 horas.<\/p>\n<p>12\/04: Elevaci\u00f3n a la Junta Electoral de los Padrones Provisorios del Estamento Egresados. Hasta las 20 horas.<\/p>\n<p>23\/04: Cierre de los Padrones Provisorios de los Estamentos Docentes, Estudiantil y No Docentes, que cumplimenten con los requisitos establecidos en el Estatuto Universitario y en el R\u00e9gimen de Elecciones vigente. Hasta las 20 horas.<\/p>\n<p>26\/04: Publicaci\u00f3n de Padrones Provisorios. A las 12 horas.<\/p>\n<p><span style=\"color: #339966;\"><strong> Mayo<\/strong><\/span><\/p>\n<p>08\/05: Presentaci\u00f3n de las observaciones y enmiendas a los Padrones Provisorios como as\u00ed tambi\u00e9n la opci\u00f3n que efect\u00faen aquellos electores\/as que figuren en m\u00e1s de un Padr\u00f3n Provisorio. Hasta las 12 horas.<\/p>\n<p>11\/05: Resoluci\u00f3n de la Junta Electoral relacionada con las observaciones y enmiendas presentadas. A las 20 horas.<\/p>\n<p>14\/05: Publicaci\u00f3n de Padrones Definitivos. A las 20 horas.<\/p>\n<p>17\/05: Presentaci\u00f3n de apoderados\/as generales de las Listas de Candidatos\/as y F\u00f3rmulas, como as\u00ed tambi\u00e9n reserva de nombres y colores. Hasta las 20 horas.<\/p>\n<p>19\/05: Presentaci\u00f3n de Listas y F\u00f3rmulas de Candidatos\/tas y Alianzas con sus avales correspondientes. Hasta las 20 horas.<\/p>\n<p>20\/05: Publicaci\u00f3n de las Listas y F\u00f3rmulas de Candidatos\/tas y Alianzas a los apoderados\/as generales. A las 20 horas.<\/p>\n<p>22\/05: Presentaci\u00f3n de las impugnaciones a las Listas y F\u00f3rmulas de Candidatos\/tas y Alianzas presentadas, en tiempo y forma. Hasta las 20 horas.<\/p>\n<p>26\/05: Notificaci\u00f3n a los Apoderados\/as de las Listas de Candidatos\/as y F\u00f3rmulas de las impugnaciones presentadas en tiempo y forma. De 8 a 20 horas.<\/p>\n<p>29\/05: Presentaci\u00f3n de los descargos a las impugnaciones y de los posibles reemplazos. Hasta las 12 horas.<\/p>\n<p><span style=\"color: #339966;\"><strong>Junio<\/strong><\/span><\/p>\n<p>03\/06: Publicaci\u00f3n de las Resoluciones relacionadas con las impugnaciones y los descargos debidamente presentados. Hasta las 20 horas.<\/p>\n<p>04\/06: Oficializaci\u00f3n de las Listas y F\u00f3rmulas de Candidatos\/as. A las 12 horas.<\/p>\n<p>10\/06: Acto electoral para la elecci\u00f3n de Rector\/a y Vicerrector\/a de la UNSJ; Decanos\/as y Vicedecanos\/as de las Facultades; Directores\/as y Vicedirectores\/as de las Escuelas de Nivel Universitario; Consejeros\/as Superiores y Directivos\/as de los Estamentos Docentes, Personal No docente, Estudiantil y Egresados\/as y Representantes del Consejo Asesor de Ense\u00f1anza Secundaria (CAES). De 9 a 21 horas.<\/p>\n<p>15\/06: Sorteo de las unidades acad\u00e9micas que enviar\u00e1n representantes titulares y suplentes al Consejo Superior por el Estamento Egresados\/as. A las 12 horas.<\/p>\n<p>17\/06: Acto electoral segunda vuelta &#8211; balotaje- (por no obtener la mayor\u00eda absoluta de votos equivalentes en la primera votaci\u00f3n) de las dos f\u00f3rmulas m\u00e1s votadas de Rector\/a y Vicerrector\/a de la UNSJ; Decanos\/as y Vicedecanos\/as de las Facultades; Directores\/as y Vicedirectores\/as de las Escuelas de Nivel Universitario. De 9 a 21 horas.<\/p>\n<p>24\/06: Proclamaci\u00f3n de los\/as candidatos\/as electos\/as.<\/p>\n<p><span style=\"color: #339966;\"><strong> Julio<\/strong><\/span><\/p>\n<p>01\/07: Asunci\u00f3n de Rector\/a y Vicerrector\/a de la UNSJ; Decanos\/as y Vicedecanos\/as de las Facultades; Directores\/as y Vicedirectores\/as de las Escuelas de Nivel Universitario.<\/p>\n<p><em>Fuente: Anexo de Resoluci\u00f3n 17\/21-CS.<\/em><\/p>\n<p>&nbsp;<\/p>\n<p>&nbsp;<\/p>\n<p>&nbsp;<\/p>\n","protected":false},"excerpt":{"rendered":"<p>La Junta Electoral de la Universidad Nacional de San Juan\u00a0informa a la comunidad universitaria que para todos los tr\u00e1mites presenciales<\/p>\n","protected":false},"author":3,"featured_media":36750,"comment_status":"closed","ping_status":"closed","sticky":false,"template":"","format":"standard","meta":{"_acf_changed":false,"_seopress_robots_primary_cat":"none","_seopress_titles_title":"","_seopress_titles_desc":"","_seopress_robots_index":"","colormag_page_container_layout":"default_layout","colormag_page_sidebar_layout":"default_layout","footnotes":""},"categories":[2],"tags":[],"class_list":["post-36748","post","type-post","status-publish","format-standard","has-post-thumbnail","hentry","category-convocatorias"],"acf":[],"_links":{"self":[{"href":"https:\/\/vocesparalelas.com.ar\/sitio\/wp-json\/wp\/v2\/posts\/36748","targetHints":{"allow":["GET"]}}],"collection":[{"href":"https:\/\/vocesparalelas.com.ar\/sitio\/wp-json\/wp\/v2\/posts"}],"about":[{"href":"https:\/\/vocesparalelas.com.ar\/sitio\/wp-json\/wp\/v2\/types\/post"}],"author":[{"embeddable":true,"href":"https:\/\/vocesparalelas.com.ar\/sitio\/wp-json\/wp\/v2\/users\/3"}],"replies":[{"embeddable":true,"href":"https:\/\/vocesparalelas.com.ar\/sitio\/wp-json\/wp\/v2\/comments?post=36748"}],"version-history":[{"count":1,"href":"https:\/\/vocesparalelas.com.ar\/sitio\/wp-json\/wp\/v2\/posts\/36748\/revisions"}],"predecessor-version":[{"id":36751,"href":"https:\/\/vocesparalelas.com.ar\/sitio\/wp-json\/wp\/v2\/posts\/36748\/revisions\/36751"}],"wp:featuredmedia":[{"embeddable":true,"href":"https:\/\/vocesparalelas.com.ar\/sitio\/wp-json\/wp\/v2\/media\/36750"}],"wp:attachment":[{"href":"https:\/\/vocesparalelas.com.ar\/sitio\/wp-json\/wp\/v2\/media?parent=36748"}],"wp:term":[{"taxonomy":"category","embeddable":true,"href":"https:\/\/vocesparalelas.com.ar\/sitio\/wp-json\/wp\/v2\/categories?post=36748"},{"taxonomy":"post_tag","embeddable":true,"href":"https:\/\/vocesparalelas.com.ar\/sitio\/wp-json\/wp\/v2\/tags?post=36748"}],"curies":[{"name":"wp","href":"https:\/\/api.w.org\/{rel}","templated":true}]}}