{"id":36741,"date":"2021-04-10T01:13:51","date_gmt":"2021-04-10T04:13:51","guid":{"rendered":"http:\/\/vocesparalelas.com.ar\/sitio\/?p=36741"},"modified":"2021-04-11T20:52:22","modified_gmt":"2021-04-11T23:52:22","slug":"tres-dias-con-obras-de-teatro-en-san-juan","status":"publish","type":"post","link":"https:\/\/vocesparalelas.com.ar\/sitio\/tres-dias-con-obras-de-teatro-en-san-juan\/","title":{"rendered":"Tres d\u00edas con Obras de Teatro en San Juan"},"content":{"rendered":"<p>San Juan se prepara para vivir d\u00edas de puro teatro a trav\u00e9s del evento Teatro en Temporada -Festival de Apertura, el 16, 17 y 18 de Abril, con una programaci\u00f3n especial de obras producidas por grupos y elencos sanjuaninos.<\/p>\n<p>Se ofrece g\u00e9neros variados y para todos los p\u00fablicos, estrenos, obras seleccionadas en la Teatrina 2020 y reposiciones de obras del director sanjuanino Jorge Aimetta, entre otras novedades; que forman parte de la programaci\u00f3n.<\/p>\n<p>Luego de la exitosa convocatoria por el D\u00eda Mundial del Teatro donde hubo m\u00e1s de 50 actividades en una noche, este nuevo encuentro busca afianzar el circuito teatral de San Juan, poniendo de relieve el arduo trabajo que las salas teatrales independientes desarrollan como polos genuinos de producci\u00f3n art\u00edstica. A su vez, pretende visibilizar la oferta teatral y el regreso de la presencialidad, con los protocolos correspondientes al contexto de pandemia.<\/p>\n<p>Este festival es organizado por el colectivo Salas Teatrales Independientes, el Instituto Nacional del Teatro &#8211; INT -, y la co-gesti\u00f3n del Gobierno de San Juan a trav\u00e9s del Ministerio de Turismo y Cultura. El mismo tendr\u00e1 como escenario la Sala Z, la sala de la Biblioteca Franklin, el Espacio Franklin\/Teatro de Arte; la Sala TeS y El Avispero Esc\u00e9nica.<\/p>\n<p>La programaci\u00f3n completa del evento ya est\u00e1 disponible en:<\/p>\n<p><a href=\"http:\/\/www.teatroentemporada.com\">http:\/\/www.teatroentemporada.com<\/a><\/p>\n<p>Tambi\u00e9n se pueden adquirir los tickets electr\u00f3nicos con precios promocionales.<\/p>\n<p><strong><span style=\"color: #008000;\">El teatro en acci\u00f3n<\/span><\/strong><\/p>\n<p>Desde el inicio de la pandemia, el colectivo Salas Teatrales Independientes ha realizado diferentes acciones tendientes a visibilizar los espacios como usinas de creaci\u00f3n, producci\u00f3n, formaci\u00f3n y exhibici\u00f3n del teatro local. Form\u00f3 parte del Acuerdo San Juan, tambi\u00e9n trabaj\u00f3 de forma coordinada junto a las autoridades del gobierno en el dise\u00f1o de los protocolos Covid-19 para el regreso a la presencialidad de clases, ensayos y funciones. Adem\u00e1s, ha generado el llamado Circuito de Salas Teatrales, un proyecto que busca dar difusi\u00f3n a los teatros del gran San Juan, a trav\u00e9s de se\u00f1al\u00e9tica y mapeos. Teatro en Temporada, es una de las acciones m\u00e1s ambiciosas, ya que involucra a casi 200 hacedores, entre int\u00e9rpretes, autores, directores, t\u00e9cnicos y dem\u00e1s roles de gesti\u00f3n y producci\u00f3n.<\/p>\n<p><strong><span style=\"color: #008000;\">Programa<\/span><\/strong><\/p>\n<p><strong><span style=\"color: #008000;\">Viernes, 16 de abril<\/span><\/strong><\/p>\n<ul>\n<li>21.00 \u201cCubo\u201d (Clown) Sala Z<\/li>\n<li>21.00 \u201cEl enfermo imaginario\u201d (Comedia del arte) Biblioteca Franklin<\/li>\n<li>23.00 \u201cHasta que las olas paren\u201d (Drama). Sala TES<\/li>\n<li>23.00 \u201cBardo Cabaret\u201d (Teatro musical) El Avispero Esc\u00e9nica<\/li>\n<\/ul>\n<p><strong><span style=\"color: #008000;\">S\u00e1bado, 17 de Abril<\/span><\/strong><\/p>\n<ul>\n<li>21.00 \u201cVoz en Off\u201d (Comedia) Sala Z<\/li>\n<li>21.00 \u201cHistoria para re\u00edr en el ba\u00f1o\u201d (Comedia). TES<\/li>\n<li>23.00 \u201cEl Coraz\u00f3n Delator\u201d (Drama). Espacio Franklin\/Teatro de Arte<\/li>\n<li>23.00 \u201cSe me muri\u00f3 entre los brazos\u201d (Comedia de humor negro) Sala Biblioteca Franklin<\/li>\n<li>23.00 \u201cMe invade la sensaci\u00f3n de estar equivocada\u201d (Danza Teatro). El Avispero Esc\u00e9nica<\/li>\n<\/ul>\n<p><strong><span style=\"color: #008000;\">Domingo, 18 de Abril<\/span><\/strong><\/p>\n<ul>\n<li>16.00 \u201cEl caballero Enlatado\u201d (Infantil) Sala Z<\/li>\n<li><span style=\"line-height: 1.5;\">18.00 \u201cDon Qu\u00e9? Don Quijote\u201d (Teatro de T\u00edteres y objetos) TES<\/span><\/li>\n<li><span style=\"line-height: 1.5;\">20.00 \u201cAventuras de una Caballero\u201d (Infantil) Biblioteca Franklin<\/span><\/li>\n<li><span style=\"line-height: 1.5;\">20.00 \u201cConversaciones con Mam\u00e1\u201d (Comedia) Espacio Franklin\/Teatro de Arte<\/span><\/li>\n<li><span style=\"line-height: 1.5;\">22.00 \u201cLo que te quiero\u201d (Danza teatro) El Avispero Esc\u00e9nica<\/span><\/li>\n<\/ul>\n<p><strong><span style=\"color: #008000;\">Direcciones de las salas del Festival<\/span><\/strong><\/p>\n<ul>\n<li>Sala Z: Pedro Echag\u00fce 451 oeste, Capital<\/li>\n<li>Biblioteca Franklin: Laprida 63 Este, Capital<\/li>\n<li>El Avispero Esc\u00e9nica: Entre R\u00edos 1566 Sur, Trinidad<\/li>\n<li>Espacio Franklin\/Teatro de Arte: Entre R\u00edos 1116 Sur, Trinidad<\/li>\n<li>Sala TES: Juan B. Justo 335 Sur, Rivadavia<\/li>\n<\/ul>\n<p><strong><span style=\"color: #008000;\">M\u00e1s informaci\u00f3n<\/span><\/strong><\/p>\n<p><a href=\"http:\/\/www.teatroentemporada.com.ar\/\">www.teatroentemporada.com.ar<\/a><\/p>\n<p>Instagram festival: <a href=\"https:\/\/www.instagram.com\/teatroentemporada\/\">https:\/\/www.instagram.com\/teatroentemporada\/<\/a><\/p>\n<p>&nbsp;<\/p>\n<p>&nbsp;<\/p>\n<p>&nbsp;<\/p>\n<p>&nbsp;<\/p>\n","protected":false},"excerpt":{"rendered":"<p>San Juan se prepara para vivir d\u00edas de puro teatro a trav\u00e9s del evento Teatro en Temporada -Festival de Apertura,<\/p>\n","protected":false},"author":3,"featured_media":36744,"comment_status":"closed","ping_status":"closed","sticky":false,"template":"","format":"standard","meta":{"_acf_changed":false,"_seopress_robots_primary_cat":"none","_seopress_titles_title":"","_seopress_titles_desc":"","_seopress_robots_index":"","colormag_page_container_layout":"default_layout","colormag_page_sidebar_layout":"default_layout","footnotes":""},"categories":[20],"tags":[],"class_list":["post-36741","post","type-post","status-publish","format-standard","has-post-thumbnail","hentry","category-cartelera"],"acf":[],"_links":{"self":[{"href":"https:\/\/vocesparalelas.com.ar\/sitio\/wp-json\/wp\/v2\/posts\/36741","targetHints":{"allow":["GET"]}}],"collection":[{"href":"https:\/\/vocesparalelas.com.ar\/sitio\/wp-json\/wp\/v2\/posts"}],"about":[{"href":"https:\/\/vocesparalelas.com.ar\/sitio\/wp-json\/wp\/v2\/types\/post"}],"author":[{"embeddable":true,"href":"https:\/\/vocesparalelas.com.ar\/sitio\/wp-json\/wp\/v2\/users\/3"}],"replies":[{"embeddable":true,"href":"https:\/\/vocesparalelas.com.ar\/sitio\/wp-json\/wp\/v2\/comments?post=36741"}],"version-history":[{"count":1,"href":"https:\/\/vocesparalelas.com.ar\/sitio\/wp-json\/wp\/v2\/posts\/36741\/revisions"}],"predecessor-version":[{"id":36743,"href":"https:\/\/vocesparalelas.com.ar\/sitio\/wp-json\/wp\/v2\/posts\/36741\/revisions\/36743"}],"wp:featuredmedia":[{"embeddable":true,"href":"https:\/\/vocesparalelas.com.ar\/sitio\/wp-json\/wp\/v2\/media\/36744"}],"wp:attachment":[{"href":"https:\/\/vocesparalelas.com.ar\/sitio\/wp-json\/wp\/v2\/media?parent=36741"}],"wp:term":[{"taxonomy":"category","embeddable":true,"href":"https:\/\/vocesparalelas.com.ar\/sitio\/wp-json\/wp\/v2\/categories?post=36741"},{"taxonomy":"post_tag","embeddable":true,"href":"https:\/\/vocesparalelas.com.ar\/sitio\/wp-json\/wp\/v2\/tags?post=36741"}],"curies":[{"name":"wp","href":"https:\/\/api.w.org\/{rel}","templated":true}]}}