{"id":36735,"date":"2021-04-10T01:02:36","date_gmt":"2021-04-10T04:02:36","guid":{"rendered":"http:\/\/vocesparalelas.com.ar\/sitio\/?p=36735"},"modified":"2021-04-13T01:51:14","modified_gmt":"2021-04-13T04:51:14","slug":"la-innovadora-y-diferente-formula-del-espacio-vamos-unsj","status":"publish","type":"post","link":"https:\/\/vocesparalelas.com.ar\/sitio\/la-innovadora-y-diferente-formula-del-espacio-vamos-unsj\/","title":{"rendered":"La innovadora y diferente f\u00f3rmula del espacio \u00abVamos UNSJ\u00bb"},"content":{"rendered":"<p>El Candidato Ing. Tadeo Berenguer present\u00f3 a su compa\u00f1era de f\u00f3rmula Dra. Anal\u00eda Ponce. Se postulan para ocupar el cargo del Rectorado de la UNSJ. 2021-2025.<\/p>\n<p>Por el\u00a0Lic. Prof. Fernando A. Ocampo Bravo<\/p>\n<p>La Universidad Nacional de San Juan, se cre\u00f3 un 10 de mayo de 1973, el presidente de facto de la \u00e9poca, Teniente General Alejandro Agust\u00edn Lanusse, firmaba la Ley N\u00ba 20367 por la cual nac\u00eda la Universidad Nacional de San Juan. Su 1\u00ba art\u00edculo de los 11 que la formaban estipulaba: \u201cCr\u00e9ase la Universidad Nacional de San Juan\u201d. A pesar de ello, sus comienzos datan varios a\u00f1os atr\u00e1s cuando fue parte de la Universidad Nacional de Cuyo en 1939 y luego parte de la Universidad Provincial Domingo F. Sarmiento.<\/p>\n<p>La UNSJ, como actualmente se la conoce, tuvo en la persona del ingeniero Julio Rodolfo Mill\u00e1n a su primer rector normalizador hacia marzo de 1974. Previamente tuvo el rol de Delegado Organizador hacia junio de 1973, cuya funci\u00f3n era la de darle forma a lo que ser\u00eda esta nueva instituci\u00f3n educativa. De esta magna Casa de Estudios Superiores, hoy 07 de Abril 2021, luego de cumplir cuatro meses, del sensible fallecimiento de M\u00f3nica Coca, se present\u00f3 en sociedad la nueva f\u00f3rmula en pos de las elecciones Universitarias del sill\u00f3n de calle mitre del espacio; \u201cVamos UNSJ\u201d.<\/p>\n<p>Este es con el reconocido Decano de la Facultad de Ingenier\u00eda el Ing. Tadeo Berenguer, \u00e9l tiene las caracter\u00edsticas esenciales para ser un gran Rector, que son personales y profesionales, y luego de experiencia, que evidentemente realza a las anteriores y por supuesto la compa\u00f1era de f\u00f3rmula para Vicerrectora la Dra. Analia Virginia Ponce de la Facultad de Filosof\u00eda, Humanidades y Artes. Es conocida la vasta trayectoria del Decano de Ingenier\u00eda en la vida acad\u00e9mica de la UNSJ. Por otro lado tenemos a la Dra. Analia Ponce, su trayectoria habla por s\u00ed sola:<\/p>\n<ul>\n<li>Docente de la Facultad de Filosof\u00eda, consejera directiva.<\/li>\n<li>Doctora en Filosof\u00eda con Menci\u00f3n en Epistemolog\u00eda de las Ciencias Sociales (U. de Chile).<\/li>\n<li>Profesora en el Departamento de Filosof\u00eda y Ciencias de la Educaci\u00f3n, en la Facultad de Filosof\u00eda, Humanidades y Artes.<\/li>\n<\/ul>\n<p>Que define a esta f\u00f3rmula, tres palabras: \u201cExperiencia en Docencia, Trabaj\u00f3licos y Diligentes\u201d.Los dos son personas fuertes, grandes l\u00edderes en su propio perfil individual, han dirigido y dirigir\u00e1n sin duda, grandes equipos. Ellos no est\u00e1n solos. Los equipos est\u00e1n perfectamente coordinados en \u201cVamos UNSJ\u201d. Siempre, detr\u00e1s de los grandes candidatos, hay grandes equipos. Muy accesibles a los Profesores, Alumnos y Personal no docente, se les ve siempre.<\/p>\n<p>Termino con esto que se\u00f1al\u00f3, Sim\u00f3n Bol\u00edvar\u00a0\u201cYo quiero como maestro\u2026 no un sabio, pero si a un hombre que se distinga por su educaci\u00f3n, por la pureza de sus costumbres, por la naturalidad de sus modales, jovial, accesible, d\u00f3cil, franco; en fin\u2026 en qui\u00e9n se encuentre mucho que imitar y poco que corregir\u201d.<\/p>\n<p>Vemos en la f\u00f3rmula presentada de \u201cVamos UNSJ\u00bb con la F\u00f3rmula Berenguer-Ponce, lo que dice en su comentarios Bol\u00edvar, sin lugar a dudas son muy necesarios en estos tiempos Universitarios.<\/p>\n<p>Est\u00e1n previstas que las elecciones se lleven a cabo el pr\u00f3ximo 10 de Junio la primera vuelta y la segunda para el 17 de Junio. Por ende se prev\u00e9 que las autoridades electas asuman el 1\u00b0 de Julio de 2021, con pandemia o no, seguir\u00eda el cronograma electoral consensuado en la Universidad.<\/p>\n<p><img loading=\"lazy\" decoding=\"async\" class=\"alignnone wp-image-12081 size-large\" src=\"https:\/\/vocesparalelas.com.ar\/sitio\/wp-content\/uploads\/2018\/06\/RECTORADO-UNSJ-800x450.jpg\" alt=\"\" width=\"800\" height=\"450\" srcset=\"https:\/\/vocesparalelas.com.ar\/sitio\/wp-content\/uploads\/2018\/06\/RECTORADO-UNSJ-800x450.jpg 800w, https:\/\/vocesparalelas.com.ar\/sitio\/wp-content\/uploads\/2018\/06\/RECTORADO-UNSJ-300x169.jpg 300w, https:\/\/vocesparalelas.com.ar\/sitio\/wp-content\/uploads\/2018\/06\/RECTORADO-UNSJ-768x432.jpg 768w, https:\/\/vocesparalelas.com.ar\/sitio\/wp-content\/uploads\/2018\/06\/RECTORADO-UNSJ.jpg 1000w\" sizes=\"auto, (max-width: 800px) 100vw, 800px\" \/><\/p>\n<p>&nbsp;<\/p>\n<p>&nbsp;<\/p>\n<p>&nbsp;<\/p>\n","protected":false},"excerpt":{"rendered":"<p>El Candidato Ing. Tadeo Berenguer present\u00f3 a su compa\u00f1era de f\u00f3rmula Dra. Anal\u00eda Ponce. Se postulan para ocupar el cargo<\/p>\n","protected":false},"author":3,"featured_media":36737,"comment_status":"closed","ping_status":"closed","sticky":false,"template":"","format":"standard","meta":{"_acf_changed":false,"_seopress_robots_primary_cat":"none","_seopress_titles_title":"","_seopress_titles_desc":"","_seopress_robots_index":"","colormag_page_container_layout":"default_layout","colormag_page_sidebar_layout":"default_layout","footnotes":""},"categories":[10],"tags":[],"class_list":["post-36735","post","type-post","status-publish","format-standard","has-post-thumbnail","hentry","category-opiniones"],"acf":[],"_links":{"self":[{"href":"https:\/\/vocesparalelas.com.ar\/sitio\/wp-json\/wp\/v2\/posts\/36735","targetHints":{"allow":["GET"]}}],"collection":[{"href":"https:\/\/vocesparalelas.com.ar\/sitio\/wp-json\/wp\/v2\/posts"}],"about":[{"href":"https:\/\/vocesparalelas.com.ar\/sitio\/wp-json\/wp\/v2\/types\/post"}],"author":[{"embeddable":true,"href":"https:\/\/vocesparalelas.com.ar\/sitio\/wp-json\/wp\/v2\/users\/3"}],"replies":[{"embeddable":true,"href":"https:\/\/vocesparalelas.com.ar\/sitio\/wp-json\/wp\/v2\/comments?post=36735"}],"version-history":[{"count":3,"href":"https:\/\/vocesparalelas.com.ar\/sitio\/wp-json\/wp\/v2\/posts\/36735\/revisions"}],"predecessor-version":[{"id":36740,"href":"https:\/\/vocesparalelas.com.ar\/sitio\/wp-json\/wp\/v2\/posts\/36735\/revisions\/36740"}],"wp:featuredmedia":[{"embeddable":true,"href":"https:\/\/vocesparalelas.com.ar\/sitio\/wp-json\/wp\/v2\/media\/36737"}],"wp:attachment":[{"href":"https:\/\/vocesparalelas.com.ar\/sitio\/wp-json\/wp\/v2\/media?parent=36735"}],"wp:term":[{"taxonomy":"category","embeddable":true,"href":"https:\/\/vocesparalelas.com.ar\/sitio\/wp-json\/wp\/v2\/categories?post=36735"},{"taxonomy":"post_tag","embeddable":true,"href":"https:\/\/vocesparalelas.com.ar\/sitio\/wp-json\/wp\/v2\/tags?post=36735"}],"curies":[{"name":"wp","href":"https:\/\/api.w.org\/{rel}","templated":true}]}}