{"id":36732,"date":"2021-04-10T00:46:53","date_gmt":"2021-04-10T03:46:53","guid":{"rendered":"http:\/\/vocesparalelas.com.ar\/sitio\/?p=36732"},"modified":"2021-04-13T01:42:08","modified_gmt":"2021-04-13T04:42:08","slug":"permiso-de-circulacion-durante-el-horario-de-restriccion-nocturna-para-las-personas-autorizadas","status":"publish","type":"post","link":"https:\/\/vocesparalelas.com.ar\/sitio\/permiso-de-circulacion-durante-el-horario-de-restriccion-nocturna-para-las-personas-autorizadas\/","title":{"rendered":"Permiso de circulaci\u00f3n durante el horario de restricci\u00f3n nocturna para las personas autorizadas"},"content":{"rendered":"<p>El Gobierno de San Juan habilit\u00f3 el portal para tramitar el permiso de circulaci\u00f3n para aquellos ciudadanos autorizados a trasladarse durante el horario de restricci\u00f3n nocturna.<\/p>\n<p>El DNU0235-2021 establece una serie de restricciones ante la segunda ola de COVID-19. La Provincia adhiri\u00f3 en general, adoptando medidas adicionales siguiendo lo acordado en la reuni\u00f3n extraordinaria del Acuerdo San Juan.<\/p>\n<p>Estas medidas que entr\u00e1n en vigencia a las 00:00 del S\u00e1bado 10 de Abril de 2021, tienen por objeto cuidar la salud de todos los sanjuaninos y proteger la econom\u00eda provincial.<\/p>\n<p>En este marco se restringe la circulaci\u00f3n de personas<\/p>\n<ul>\n<li>de 01 a 06 hs.; de Domingo a Jueves y<\/li>\n<li>de 02 a 06 \u00a0hs.; el Viernes y el S\u00e1bado.<\/li>\n<\/ul>\n<p>Asimismo, el Gobierno de San Juan informa que se debe solicitar permiso de circulaci\u00f3n para poder hacerlo durante el horario de restricci\u00f3n nocturna, permiti\u00e9ndose s\u00f3lo en los siguientes casos:<\/p>\n<ul>\n<li>Las personas afectadas a las actividades industriales de procesos continuos que se encuentren trabajando en horario nocturno, de conformidad con sus respectivos protocolos de funcionamiento.<\/li>\n<li>Las personas que deban retornar o concurrir a su domicilio habitual desde su lugar de trabajo y viceversa.<\/li>\n<li>Las personas afectadas a la prestaci\u00f3n de servicios esenciales de vigilancia, limpieza y guardia.<\/li>\n<li>Personal que se desempe\u00f1a en los servicios de comunicaci\u00f3n audiovisuales, radiales y gr\u00e1ficos.<\/li>\n<\/ul>\n<p>El personal que presta servicios en el Ministerio de Salud P\u00fablica y las fuerzas de seguridad de la Provincia no deber\u00e1 tramitar permiso de circulaci\u00f3n, debiendo acreditar la situaci\u00f3n con su credencial correspondiente.<\/p>\n<p><span style=\"color: #ff0000;\"><strong>Para obtener el permiso mencionado, los interesados deben ingresar al sitio<\/strong><\/span><\/p>\n<p><a href=\"https:\/\/permisotransito.sanjuan.gob.ar\/\" target=\"_blank\" rel=\"noopener noreferrer\">https:\/\/permisotransito.sanjuan.gob.ar\/<\/a>.<\/p>\n","protected":false},"excerpt":{"rendered":"<p>El Gobierno de San Juan habilit\u00f3 el portal para tramitar el permiso de circulaci\u00f3n para aquellos ciudadanos autorizados a trasladarse<\/p>\n","protected":false},"author":3,"featured_media":1245,"comment_status":"closed","ping_status":"closed","sticky":false,"template":"","format":"standard","meta":{"_acf_changed":false,"_seopress_robots_primary_cat":"none","_seopress_titles_title":"","_seopress_titles_desc":"","_seopress_robots_index":"","colormag_page_container_layout":"default_layout","colormag_page_sidebar_layout":"default_layout","footnotes":""},"categories":[6],"tags":[],"class_list":["post-36732","post","type-post","status-publish","format-standard","has-post-thumbnail","hentry","category-eventos"],"acf":[],"_links":{"self":[{"href":"https:\/\/vocesparalelas.com.ar\/sitio\/wp-json\/wp\/v2\/posts\/36732","targetHints":{"allow":["GET"]}}],"collection":[{"href":"https:\/\/vocesparalelas.com.ar\/sitio\/wp-json\/wp\/v2\/posts"}],"about":[{"href":"https:\/\/vocesparalelas.com.ar\/sitio\/wp-json\/wp\/v2\/types\/post"}],"author":[{"embeddable":true,"href":"https:\/\/vocesparalelas.com.ar\/sitio\/wp-json\/wp\/v2\/users\/3"}],"replies":[{"embeddable":true,"href":"https:\/\/vocesparalelas.com.ar\/sitio\/wp-json\/wp\/v2\/comments?post=36732"}],"version-history":[{"count":1,"href":"https:\/\/vocesparalelas.com.ar\/sitio\/wp-json\/wp\/v2\/posts\/36732\/revisions"}],"predecessor-version":[{"id":36734,"href":"https:\/\/vocesparalelas.com.ar\/sitio\/wp-json\/wp\/v2\/posts\/36732\/revisions\/36734"}],"wp:featuredmedia":[{"embeddable":true,"href":"https:\/\/vocesparalelas.com.ar\/sitio\/wp-json\/wp\/v2\/media\/1245"}],"wp:attachment":[{"href":"https:\/\/vocesparalelas.com.ar\/sitio\/wp-json\/wp\/v2\/media?parent=36732"}],"wp:term":[{"taxonomy":"category","embeddable":true,"href":"https:\/\/vocesparalelas.com.ar\/sitio\/wp-json\/wp\/v2\/categories?post=36732"},{"taxonomy":"post_tag","embeddable":true,"href":"https:\/\/vocesparalelas.com.ar\/sitio\/wp-json\/wp\/v2\/tags?post=36732"}],"curies":[{"name":"wp","href":"https:\/\/api.w.org\/{rel}","templated":true}]}}