{"id":36727,"date":"2021-04-09T23:29:24","date_gmt":"2021-04-10T02:29:24","guid":{"rendered":"http:\/\/vocesparalelas.com.ar\/sitio\/?p=36727"},"modified":"2021-04-13T01:18:59","modified_gmt":"2021-04-13T04:18:59","slug":"pre-inscripcion-para-la-diplomatura-universitaria-en-derecho-docente","status":"publish","type":"post","link":"https:\/\/vocesparalelas.com.ar\/sitio\/pre-inscripcion-para-la-diplomatura-universitaria-en-derecho-docente\/","title":{"rendered":"Pre-inscripci\u00f3n para la \u00abDiplomatura Universitaria en Derecho Docente\u00bb"},"content":{"rendered":"<p>UDAP informa de la Pre-inscripci\u00f3n para la \u00abDiplomatura Universitaria en Derecho Docente\u00bb, producto de un convenio con la Universidad Nacional del Nordoeste.<\/p>\n<p>Destinado a los Docentes de todos los Niveles y Modalidades del Sistema Educativo y del Subsistema Bibliotecario.<\/p>\n<p><strong><span style=\"color: #008000;\">Cronograma<\/span><\/strong><\/p>\n<ul>\n<li>Fecha de Pre-inscripci\u00f3n: del\u00a07 al\u00a014\u00a0de abril del 2021<\/li>\n<li>Carga horaria: 600 HR 900 HC<\/li>\n<li>Duraci\u00f3n: 10 meses \/ 11 m\u00f3dulos<\/li>\n<li>Frecuencia del cursado: dos clases por mes en 10 meses, los d\u00edas s\u00e1bados a la ma\u00f1ana<\/li>\n<li>Modalidad: 100% virtual<\/li>\n<li>Destinatarios: Docentes de todos los Niveles y Modalidades del Sistema Educativo y del Subsistema Bibliotecario<\/li>\n<li>Costo: Docentes afiliadas\/os a UDAP\/SIDUNSJ: $750 x mes, durante 11 cuotas. P\u00fablico en general: $1.500 x mes, durante 11 cuotas<\/li>\n<\/ul>\n<p><strong><span style=\"color: #008000;\">Preinscripci\u00f3n<\/span><\/strong><\/p>\n<p><a href=\"https:\/\/docs.google.com\/forms\/d\/110DE2U0MjgHX8Qb0nAUFBe8xEqL3t5A6lv8ZKS87N_4\/edit\">https:\/\/docs.google.com\/forms\/d\/110DE2U0MjgHX8Qb0nAUFBe8xEqL3t5A6lv8ZKS87N_4\/edit<\/a><\/p>\n<p>&nbsp;<\/p>\n<p><img loading=\"lazy\" decoding=\"async\" class=\"alignnone wp-image-36729 size-full\" src=\"https:\/\/vocesparalelas.com.ar\/sitio\/wp-content\/uploads\/2021\/04\/UDAP-DIPLOMATURA.jpg\" alt=\"\" width=\"723\" height=\"1024\" srcset=\"https:\/\/vocesparalelas.com.ar\/sitio\/wp-content\/uploads\/2021\/04\/UDAP-DIPLOMATURA.jpg 723w, https:\/\/vocesparalelas.com.ar\/sitio\/wp-content\/uploads\/2021\/04\/UDAP-DIPLOMATURA-212x300.jpg 212w, https:\/\/vocesparalelas.com.ar\/sitio\/wp-content\/uploads\/2021\/04\/UDAP-DIPLOMATURA-565x800.jpg 565w\" sizes=\"auto, (max-width: 723px) 100vw, 723px\" \/><\/p>\n<p>&nbsp;<\/p>\n<p><iframe loading=\"lazy\" title=\"UDAP LUIS LUCERO\" width=\"800\" height=\"450\" src=\"https:\/\/www.youtube.com\/embed\/2fm8tVHQB_A?feature=oembed\" frameborder=\"0\" allow=\"accelerometer; autoplay; clipboard-write; encrypted-media; gyroscope; picture-in-picture\" allowfullscreen><\/iframe><\/p>\n<p>&nbsp;<\/p>\n<p>&nbsp;<\/p>\n<p>&nbsp;<\/p>\n<p>&nbsp;<\/p>\n","protected":false},"excerpt":{"rendered":"<p>UDAP informa de la Pre-inscripci\u00f3n para la \u00abDiplomatura Universitaria en Derecho Docente\u00bb, producto de un convenio con la Universidad Nacional<\/p>\n","protected":false},"author":3,"featured_media":35071,"comment_status":"closed","ping_status":"closed","sticky":false,"template":"","format":"video","meta":{"_acf_changed":false,"_seopress_robots_primary_cat":"none","_seopress_titles_title":"","_seopress_titles_desc":"","_seopress_robots_index":"","colormag_page_container_layout":"default_layout","colormag_page_sidebar_layout":"default_layout","footnotes":""},"categories":[15,7],"tags":[],"class_list":["post-36727","post","type-post","status-publish","format-video","has-post-thumbnail","hentry","category-posgrados","category-videos","post_format-post-format-video"],"acf":[],"_links":{"self":[{"href":"https:\/\/vocesparalelas.com.ar\/sitio\/wp-json\/wp\/v2\/posts\/36727","targetHints":{"allow":["GET"]}}],"collection":[{"href":"https:\/\/vocesparalelas.com.ar\/sitio\/wp-json\/wp\/v2\/posts"}],"about":[{"href":"https:\/\/vocesparalelas.com.ar\/sitio\/wp-json\/wp\/v2\/types\/post"}],"author":[{"embeddable":true,"href":"https:\/\/vocesparalelas.com.ar\/sitio\/wp-json\/wp\/v2\/users\/3"}],"replies":[{"embeddable":true,"href":"https:\/\/vocesparalelas.com.ar\/sitio\/wp-json\/wp\/v2\/comments?post=36727"}],"version-history":[{"count":1,"href":"https:\/\/vocesparalelas.com.ar\/sitio\/wp-json\/wp\/v2\/posts\/36727\/revisions"}],"predecessor-version":[{"id":36730,"href":"https:\/\/vocesparalelas.com.ar\/sitio\/wp-json\/wp\/v2\/posts\/36727\/revisions\/36730"}],"wp:featuredmedia":[{"embeddable":true,"href":"https:\/\/vocesparalelas.com.ar\/sitio\/wp-json\/wp\/v2\/media\/35071"}],"wp:attachment":[{"href":"https:\/\/vocesparalelas.com.ar\/sitio\/wp-json\/wp\/v2\/media?parent=36727"}],"wp:term":[{"taxonomy":"category","embeddable":true,"href":"https:\/\/vocesparalelas.com.ar\/sitio\/wp-json\/wp\/v2\/categories?post=36727"},{"taxonomy":"post_tag","embeddable":true,"href":"https:\/\/vocesparalelas.com.ar\/sitio\/wp-json\/wp\/v2\/tags?post=36727"}],"curies":[{"name":"wp","href":"https:\/\/api.w.org\/{rel}","templated":true}]}}