{"id":36718,"date":"2021-04-09T01:14:00","date_gmt":"2021-04-09T04:14:00","guid":{"rendered":"http:\/\/vocesparalelas.com.ar\/sitio\/?p=36718"},"modified":"2021-04-09T01:14:00","modified_gmt":"2021-04-09T04:14:00","slug":"se-inauguro-un-punto-de-contacto-de-anses-en-la-faud-de-la-unsj","status":"publish","type":"post","link":"https:\/\/vocesparalelas.com.ar\/sitio\/se-inauguro-un-punto-de-contacto-de-anses-en-la-faud-de-la-unsj\/","title":{"rendered":"Se inaugur\u00f3 un Punto de Contacto de ANSES en la FAUD de la UNSJ"},"content":{"rendered":"<p><span style=\"line-height: 1.5;\">El Decano de la Facultad de Arquitectura, Urbanismo y Dise\u00f1o de la Universidad Nacional de San Juan, Arq. <\/span>Gustavo Roberto G\u00f3mez<span style=\"line-height: 1.5;\"> y el Jefe Regional de ANSES Cuyo, <\/span>Carlos Gallo<span style=\"line-height: 1.5;\"> formalizaron, a trav\u00e9s de la firma de un Acta Intenci\u00f3n de Colaboraci\u00f3n, la creaci\u00f3n de un espacio de informaci\u00f3n y asistencia denominada Punto de Contacto, dependiente de este organismo nacional en el edificio de la mencionada facultad.<\/span><\/p>\n<p><img loading=\"lazy\" decoding=\"async\" class=\"alignnone wp-image-36720 size-full\" src=\"https:\/\/vocesparalelas.com.ar\/sitio\/wp-content\/uploads\/2021\/04\/FAUD-ANSES.jpg\" alt=\"\" width=\"800\" height=\"286\" srcset=\"https:\/\/vocesparalelas.com.ar\/sitio\/wp-content\/uploads\/2021\/04\/FAUD-ANSES.jpg 800w, https:\/\/vocesparalelas.com.ar\/sitio\/wp-content\/uploads\/2021\/04\/FAUD-ANSES-300x107.jpg 300w, https:\/\/vocesparalelas.com.ar\/sitio\/wp-content\/uploads\/2021\/04\/FAUD-ANSES-768x275.jpg 768w\" sizes=\"auto, (max-width: 800px) 100vw, 800px\" \/><\/p>\n<div id=\"contentNoticia\">\n<p>El jefe regional de ANSES Cuyo, Carlos Gallo \u00a0expres\u00f3 que \u201ces muy importante cada vez que podemos generar una alternativa de atenci\u00f3n para los beneficiarios y beneficiarias. Nuestra tarea, que es atender contingencias de la vida cotidiana de las personas, requiere un cara a cara, a pesar del cambio fuerte en el 2020 por la atenci\u00f3n virtual. Por lo tanto, abrir un punto de contacto en una universidad p\u00fablica, para nosotros es un orgullo. Vamos a trabajar fuertemente, los viernes en esta facultad, para poder atender a estudiantes, docentes, trabajadores y trabajadoras de la Universidad. Tenemos una tarea importante con las becas PROGRESAR, que vencen el 30 de abril, y ser\u00e1 una de las tareas principales en estos primeros d\u00edas\u201d.<\/p>\n<p>Por su parte, el Decano de la FAUD, Arq. Gustavo Roberto G\u00f3mez agreg\u00f3 que \u00abeste nuevo punto de informaci\u00f3n y asistencia estar\u00e1 abierto a la comunidad universitaria y tambi\u00e9n al p\u00fablico en general, as\u00ed ser\u00e1 consignado oficialmente en el sitio web de ANSES. \u201cEs bueno y es importante poder conjugar las actividades de dos organismos como ANSES y la Universidad Nacional de San Juan\u201d.<\/p>\n<\/div>\n<p>&nbsp;<\/p>\n<p>&nbsp;<\/p>\n","protected":false},"excerpt":{"rendered":"<p>El Decano de la Facultad de Arquitectura, Urbanismo y Dise\u00f1o de la Universidad Nacional de San Juan, Arq. Gustavo Roberto<\/p>\n","protected":false},"author":3,"featured_media":22249,"comment_status":"closed","ping_status":"closed","sticky":false,"template":"","format":"standard","meta":{"_acf_changed":false,"_seopress_robots_primary_cat":"none","_seopress_titles_title":"","_seopress_titles_desc":"","_seopress_robots_index":"","colormag_page_container_layout":"default_layout","colormag_page_sidebar_layout":"default_layout","footnotes":""},"categories":[1],"tags":[],"class_list":["post-36718","post","type-post","status-publish","format-standard","has-post-thumbnail","hentry","category-destacadas"],"acf":[],"_links":{"self":[{"href":"https:\/\/vocesparalelas.com.ar\/sitio\/wp-json\/wp\/v2\/posts\/36718","targetHints":{"allow":["GET"]}}],"collection":[{"href":"https:\/\/vocesparalelas.com.ar\/sitio\/wp-json\/wp\/v2\/posts"}],"about":[{"href":"https:\/\/vocesparalelas.com.ar\/sitio\/wp-json\/wp\/v2\/types\/post"}],"author":[{"embeddable":true,"href":"https:\/\/vocesparalelas.com.ar\/sitio\/wp-json\/wp\/v2\/users\/3"}],"replies":[{"embeddable":true,"href":"https:\/\/vocesparalelas.com.ar\/sitio\/wp-json\/wp\/v2\/comments?post=36718"}],"version-history":[{"count":1,"href":"https:\/\/vocesparalelas.com.ar\/sitio\/wp-json\/wp\/v2\/posts\/36718\/revisions"}],"predecessor-version":[{"id":36721,"href":"https:\/\/vocesparalelas.com.ar\/sitio\/wp-json\/wp\/v2\/posts\/36718\/revisions\/36721"}],"wp:featuredmedia":[{"embeddable":true,"href":"https:\/\/vocesparalelas.com.ar\/sitio\/wp-json\/wp\/v2\/media\/22249"}],"wp:attachment":[{"href":"https:\/\/vocesparalelas.com.ar\/sitio\/wp-json\/wp\/v2\/media?parent=36718"}],"wp:term":[{"taxonomy":"category","embeddable":true,"href":"https:\/\/vocesparalelas.com.ar\/sitio\/wp-json\/wp\/v2\/categories?post=36718"},{"taxonomy":"post_tag","embeddable":true,"href":"https:\/\/vocesparalelas.com.ar\/sitio\/wp-json\/wp\/v2\/tags?post=36718"}],"curies":[{"name":"wp","href":"https:\/\/api.w.org\/{rel}","templated":true}]}}