{"id":36713,"date":"2021-04-09T00:48:49","date_gmt":"2021-04-09T03:48:49","guid":{"rendered":"http:\/\/vocesparalelas.com.ar\/sitio\/?p=36713"},"modified":"2021-04-11T13:34:41","modified_gmt":"2021-04-11T16:34:41","slug":"el-trabajo-bancario-en-pandemia-del-covid-19","status":"publish","type":"post","link":"https:\/\/vocesparalelas.com.ar\/sitio\/el-trabajo-bancario-en-pandemia-del-covid-19\/","title":{"rendered":"El trabajo bancario en pandemia del COVID-19"},"content":{"rendered":"<p>La pandemia del COVID &#8211; 19 ha provocado un estado sanitario mundial con grandes cambios en las personas, en la familia, en el trabajo, en lo social, en la educaci\u00f3n, en lo econ\u00f3mico y en todos los \u00f3rdenes de la vida. Muchas de ellas se modificaron de presencial a online.<\/p>\n<p>La llegada de la vacuna contra el COVID &#8211; 19 ha puesto una mirada cargada de esperanzas para la toda la poblaci\u00f3n hacia la normalidad de la vida que se tuvo.<\/p>\n<p>Conservar cada una es lo que permite seguir adelante mirando el futuro como inalcanzable pero con la ilusi\u00f3n de colaborar todos en el cuidado para que juntos se pueda encontrar en un espacio com\u00fan.<\/p>\n<p>Por ello, Voces Paralelas entrevist\u00f3 al Secretario General de La Bancaria San Juan, Mario Matic, quien destac\u00f3 los cambios y la gran preocupaci\u00f3n de los trabajadores bancarios, que es la gran preocupaci\u00f3n del gremio que trabaja para defender los derechos.<\/p>\n<p><iframe loading=\"lazy\" title=\"LBSJ MARIO MATIC\" width=\"800\" height=\"450\" src=\"https:\/\/www.youtube.com\/embed\/DQJhSDfBcE8?feature=oembed\" frameborder=\"0\" allow=\"accelerometer; autoplay; clipboard-write; encrypted-media; gyroscope; picture-in-picture\" allowfullscreen><\/iframe><\/p>\n<p>&nbsp;<\/p>\n<p><img loading=\"lazy\" decoding=\"async\" class=\"alignnone wp-image-7932 size-large\" src=\"https:\/\/vocesparalelas.com.ar\/sitio\/wp-content\/uploads\/2017\/11\/BANCARIA-2-800x450.jpg\" alt=\"\" width=\"800\" height=\"450\" srcset=\"https:\/\/vocesparalelas.com.ar\/sitio\/wp-content\/uploads\/2017\/11\/BANCARIA-2-800x450.jpg 800w, https:\/\/vocesparalelas.com.ar\/sitio\/wp-content\/uploads\/2017\/11\/BANCARIA-2-300x169.jpg 300w, https:\/\/vocesparalelas.com.ar\/sitio\/wp-content\/uploads\/2017\/11\/BANCARIA-2-768x432.jpg 768w, https:\/\/vocesparalelas.com.ar\/sitio\/wp-content\/uploads\/2017\/11\/BANCARIA-2.jpg 1024w\" sizes=\"auto, (max-width: 800px) 100vw, 800px\" \/><\/p>\n<p>&nbsp;<\/p>\n","protected":false},"excerpt":{"rendered":"<p>La pandemia del COVID &#8211; 19 ha provocado un estado sanitario mundial con grandes cambios en las personas, en la<\/p>\n","protected":false},"author":3,"featured_media":36715,"comment_status":"closed","ping_status":"closed","sticky":false,"template":"","format":"video","meta":{"_acf_changed":false,"_seopress_robots_primary_cat":"none","_seopress_titles_title":"","_seopress_titles_desc":"","_seopress_robots_index":"","colormag_page_container_layout":"default_layout","colormag_page_sidebar_layout":"default_layout","footnotes":""},"categories":[10,7],"tags":[],"class_list":["post-36713","post","type-post","status-publish","format-video","has-post-thumbnail","hentry","category-opiniones","category-videos","post_format-post-format-video"],"acf":[],"_links":{"self":[{"href":"https:\/\/vocesparalelas.com.ar\/sitio\/wp-json\/wp\/v2\/posts\/36713","targetHints":{"allow":["GET"]}}],"collection":[{"href":"https:\/\/vocesparalelas.com.ar\/sitio\/wp-json\/wp\/v2\/posts"}],"about":[{"href":"https:\/\/vocesparalelas.com.ar\/sitio\/wp-json\/wp\/v2\/types\/post"}],"author":[{"embeddable":true,"href":"https:\/\/vocesparalelas.com.ar\/sitio\/wp-json\/wp\/v2\/users\/3"}],"replies":[{"embeddable":true,"href":"https:\/\/vocesparalelas.com.ar\/sitio\/wp-json\/wp\/v2\/comments?post=36713"}],"version-history":[{"count":1,"href":"https:\/\/vocesparalelas.com.ar\/sitio\/wp-json\/wp\/v2\/posts\/36713\/revisions"}],"predecessor-version":[{"id":36716,"href":"https:\/\/vocesparalelas.com.ar\/sitio\/wp-json\/wp\/v2\/posts\/36713\/revisions\/36716"}],"wp:featuredmedia":[{"embeddable":true,"href":"https:\/\/vocesparalelas.com.ar\/sitio\/wp-json\/wp\/v2\/media\/36715"}],"wp:attachment":[{"href":"https:\/\/vocesparalelas.com.ar\/sitio\/wp-json\/wp\/v2\/media?parent=36713"}],"wp:term":[{"taxonomy":"category","embeddable":true,"href":"https:\/\/vocesparalelas.com.ar\/sitio\/wp-json\/wp\/v2\/categories?post=36713"},{"taxonomy":"post_tag","embeddable":true,"href":"https:\/\/vocesparalelas.com.ar\/sitio\/wp-json\/wp\/v2\/tags?post=36713"}],"curies":[{"name":"wp","href":"https:\/\/api.w.org\/{rel}","templated":true}]}}