{"id":36709,"date":"2021-04-08T23:34:18","date_gmt":"2021-04-09T02:34:18","guid":{"rendered":"http:\/\/vocesparalelas.com.ar\/sitio\/?p=36709"},"modified":"2021-04-10T01:24:46","modified_gmt":"2021-04-10T04:24:46","slug":"nuevas-medidas-contra-el-covid-19-en-san-juan","status":"publish","type":"post","link":"https:\/\/vocesparalelas.com.ar\/sitio\/nuevas-medidas-contra-el-covid-19-en-san-juan\/","title":{"rendered":"Nuevas medidas contra el COVID-19 en San Juan"},"content":{"rendered":"<p>En el marco del decreto nacional de restricciones por la segunda ola de COVID-19, los distintos sectores de la provincia de San Juan expresaron sus ideas y aportes para mejorar las condiciones de trabajo, en una reuni\u00f3n desarrollada en el Teatro del Bicentenario.<\/p>\n<p>La Provincia adhiere al DNU0235-2021 en general y adopta adicionalmente las siguientes medidas, teniendo en cuenta lo acordado en la reuni\u00f3n extraordinaria del Acuerdo San Juan.<\/p>\n<p>Las mismas entrar\u00e1n en vigencia a las 00:00 del s\u00e1bado 10 de abril de 2021 y tienen por objeto cuidar la salud de todos los sanjuaninos y proteger la econom\u00eda provincial.<\/p>\n<p><span style=\"color: #ff0000;\"><strong>1. <\/strong><strong>Fortalecer el control del estricto cumplimiento a los protocolos<\/strong> <\/span>de actividades y a las recomendaciones e instrucciones del Comit\u00e9 COVID San Juan, debi\u00e9ndose atender las siguientes reglas de conducta personal:<\/p>\n<ul>\n<li>Las personas deber\u00e1n mantener, entre ellas, una distancia m\u00ednima de dos (2) metros.<\/li>\n<li>Utilizar tapabocas en espacios compartidos de manera correcta y permanente.<\/li>\n<li>Ventilar los ambientes en forma adecuada y constante.<\/li>\n<li>Higienizarse asiduamente las manos y usar alcohol.<\/li>\n<li>Toser o estornudar en el pliegue del codo.<\/li>\n<li>Evitar aglomeraciones<\/li>\n<li>Evitar espacios cerrados sin ventilaci\u00f3n<\/li>\n<li>Cumplir el aislamiento de los casos positivos y contactos estrechos<\/li>\n<\/ul>\n<p><span style=\"color: #ff0000;\"><strong>2. Restricci\u00f3n nocturna: <\/strong><\/span>restringir los horarios de funcionamiento para bares, restaurantes, cines y teatros, los que de domingo a jueves deber\u00e1n cerrar sus puertas a las 00 horas, debiendo quedar los locales vac\u00edos desde las 01.00 hasta las 06.00.<\/p>\n<p>Los d\u00edas viernes y s\u00e1bado el horario de cierre ser\u00e1 a la 01:00, debiendo quedar los locales vac\u00edos desde las 02.00 hasta las 06.00.<\/p>\n<p><span style=\"color: #ff0000;\"><strong>3. Actividades y reuniones <\/strong><\/span>en domicilios particulares quedan limitadas a 10 personas, con el debido cumplimiento de los protocolos vigentes.<\/p>\n<p><span style=\"color: #ff0000;\"><strong>4. <\/strong><\/span><strong><span style=\"color: #ff0000;\">Circulaci\u00f3n de personas:<\/span> <\/strong>se restringe la circulaci\u00f3n de personas de 01 a 06 de la ma\u00f1ana de domingo a jueves y de 02 a 06 de la ma\u00f1ana los d\u00edas viernes y s\u00e1bado.<\/p>\n<p>Los trabajadores esenciales quedan exceptuados de esta medida.<\/p>\n<p><span style=\"color: #ff0000;\"><strong>5. Movilidad y transporte:<\/strong> <\/span>se escalonar\u00e1 la movilidad de la poblaci\u00f3n para evitar que se genere aglomeraci\u00f3n de trabajadores, estudiantes, docentes y ciudadanos, estableci\u00e9ndose franjas horarias para el comercio y la administraci\u00f3n p\u00fablica.<\/p>\n<ul>\n<li>Comercio: desde las 09 hasta las 20 horas.<\/li>\n<li>Administraci\u00f3n P\u00fablica: desde 08 hasta las 19 horas, salvo trabajadores esenciales.<\/li>\n<\/ul>\n<p><span style=\"color: #ff0000;\"><strong>6. Desdoblamiento de horarios: <\/strong><\/span>el Poder Ejecutivo promover\u00e1 el desdoblamiento de horarios para evitar aglomeraciones en lugares cerrados y saturaci\u00f3n en el transporte p\u00fablico de pasajeros. Se invita a acompa\u00f1ar la medida a los Poderes Legislativo, Judicial y a los municipios.<\/p>\n<p><span style=\"color: #ff0000;\"><strong>7. Fiscalizaci\u00f3n, inspecciones y controles<\/strong>:<\/span> se van a reforzar los controles en el espacio p\u00fablico, en las zonas comerciales y gastron\u00f3micas y en el transporte p\u00fablico para garantizar el cumplimiento de los protocolos y que las distintas actividades puedan seguir funcionando de manera segura. Siendo solidariamente responsables todos los actores de cada uno de los sectores.<\/p>\n<p><span style=\"color: #ff0000;\"><strong>8. Ocupaci\u00f3n de las superficies cerradas:<\/strong> <\/span>se reduce a un m\u00e1ximo del cuarenta por ciento (40 %), en relaci\u00f3n con la capacidad habilitada, en todos los espacios cerrados, con la debida ventilaci\u00f3n.<\/p>\n<p><span style=\"color: #ff0000;\"><strong>9. Personas en situaci\u00f3n de mayor riesgo<\/strong>:<\/span> contin\u00faa la suspensi\u00f3n del deber de asistencia al lugar de trabajo, para las personas alcanzadas por los t\u00e9rminos de la Resoluci\u00f3n N\u00b0 207\/20 del Ministerio de Trabajo, Empleo y Seguridad Social, sus normas complementarias, modificatorias y las que en lo sucesivo se dicten.<\/p>\n<p><span style=\"color: #ff0000;\"><strong>10. Teletrabajo:<\/strong> <\/span>se fomentar\u00e1 el teletrabajo para aquellos trabajadores que puedan realizar su actividad laboral bajo esta modalidad. Se busca reducir al m\u00e1ximo posible la cantidad de personas en los lugares cerrados.<\/p>\n<p><strong><span style=\"color: #ff0000;\">11. Campa\u00f1a de prevenci\u00f3n masiva:<\/span> <\/strong>se fortalecer\u00e1n las acciones de prevenci\u00f3n involucrando a todos los sectores y \u00e1mbitos, tanto p\u00fablicos como privados. Los controles se realizar\u00e1n con la colaboraci\u00f3n y compromiso de las asociaciones e instituciones.<\/p>\n<p><strong><span style=\"color: #ff0000;\">12. Revisi\u00f3n de protocolos existentes:<\/span> <\/strong>se dispone la revisi\u00f3n de todos los protocolos existentes bajo el criterio de disminuir la circulaci\u00f3n y las aglomeraciones de personas, y con el objetivo de disminuir la transmisi\u00f3n del virus, evitar la saturaci\u00f3n del sistema de salud, preservar la presencialidad de la educaci\u00f3n y proteger la econom\u00eda.<\/p>\n<p><span style=\"color: #ff0000;\"><strong>13. Brigadas COVID municipales: <\/strong><\/span>se solicita a los municipios el fortalecimiento y despliegue de las brigadas COVID municipales a fin de incrementar los controles preventivos.<\/p>\n<p><strong><span style=\"color: #ff0000;\">14. Actividades suspendidas:<\/span> <\/strong>quedan suspendidas las actividades masivas, los espect\u00e1culos masivos y las reuniones sociales masivas. Tambi\u00e9n se suspenden los viajes grupales de todo tipo.<\/p>\n<p>&nbsp;<\/p>\n<p>&nbsp;<\/p>\n<p>&nbsp;<\/p>\n","protected":false},"excerpt":{"rendered":"<p>En el marco del decreto nacional de restricciones por la segunda ola de COVID-19, los distintos sectores de la provincia<\/p>\n","protected":false},"author":3,"featured_media":36711,"comment_status":"closed","ping_status":"closed","sticky":false,"template":"","format":"standard","meta":{"_acf_changed":false,"_seopress_robots_primary_cat":"none","_seopress_titles_title":"","_seopress_titles_desc":"","_seopress_robots_index":"","colormag_page_container_layout":"default_layout","colormag_page_sidebar_layout":"default_layout","footnotes":""},"categories":[6],"tags":[],"class_list":["post-36709","post","type-post","status-publish","format-standard","has-post-thumbnail","hentry","category-eventos"],"acf":[],"_links":{"self":[{"href":"https:\/\/vocesparalelas.com.ar\/sitio\/wp-json\/wp\/v2\/posts\/36709","targetHints":{"allow":["GET"]}}],"collection":[{"href":"https:\/\/vocesparalelas.com.ar\/sitio\/wp-json\/wp\/v2\/posts"}],"about":[{"href":"https:\/\/vocesparalelas.com.ar\/sitio\/wp-json\/wp\/v2\/types\/post"}],"author":[{"embeddable":true,"href":"https:\/\/vocesparalelas.com.ar\/sitio\/wp-json\/wp\/v2\/users\/3"}],"replies":[{"embeddable":true,"href":"https:\/\/vocesparalelas.com.ar\/sitio\/wp-json\/wp\/v2\/comments?post=36709"}],"version-history":[{"count":1,"href":"https:\/\/vocesparalelas.com.ar\/sitio\/wp-json\/wp\/v2\/posts\/36709\/revisions"}],"predecessor-version":[{"id":36712,"href":"https:\/\/vocesparalelas.com.ar\/sitio\/wp-json\/wp\/v2\/posts\/36709\/revisions\/36712"}],"wp:featuredmedia":[{"embeddable":true,"href":"https:\/\/vocesparalelas.com.ar\/sitio\/wp-json\/wp\/v2\/media\/36711"}],"wp:attachment":[{"href":"https:\/\/vocesparalelas.com.ar\/sitio\/wp-json\/wp\/v2\/media?parent=36709"}],"wp:term":[{"taxonomy":"category","embeddable":true,"href":"https:\/\/vocesparalelas.com.ar\/sitio\/wp-json\/wp\/v2\/categories?post=36709"},{"taxonomy":"post_tag","embeddable":true,"href":"https:\/\/vocesparalelas.com.ar\/sitio\/wp-json\/wp\/v2\/tags?post=36709"}],"curies":[{"name":"wp","href":"https:\/\/api.w.org\/{rel}","templated":true}]}}