{"id":36705,"date":"2021-04-08T23:28:47","date_gmt":"2021-04-09T02:28:47","guid":{"rendered":"http:\/\/vocesparalelas.com.ar\/sitio\/?p=36705"},"modified":"2021-04-08T23:28:47","modified_gmt":"2021-04-09T02:28:47","slug":"conformaron-las-salas-acusadora-y-juzgadora-en-la-continuidad-de-la-primera-sesion","status":"publish","type":"post","link":"https:\/\/vocesparalelas.com.ar\/sitio\/conformaron-las-salas-acusadora-y-juzgadora-en-la-continuidad-de-la-primera-sesion\/","title":{"rendered":"Conformaron las salas Acusadora y Juzgadora en la continuidad de la Primera Sesi\u00f3n"},"content":{"rendered":"<div class=\"itemFullText jbintrotext\">\n<p>Durante la ma\u00f1ana del Jueves, 8 de Abril fue reanudada la Primera Sesi\u00f3n del per\u00edodo ordinario en cuyo el cuerpo legislativo design\u00f3 a los miembros de las Salas Acusadoras y Juzgadora y conform\u00f3 la Comisi\u00f3n Investigadora. Tambi\u00e9n eligi\u00f3 a los diputados que representar\u00e1n a esta C\u00e1mara ante el Ente Provincial Regulador de la Electricidad (EPRE). Adem\u00e1s, aprob\u00f3 las versiones taquigr\u00e1ficas de las \u00faltimas sesiones realizadas y, sobre tablas, dio acuerdo a un proyecto de resoluci\u00f3n de autor\u00eda del diputado Miguel S\u00e1nchez.<\/p>\n<\/div>\n<div class=\"itemFullText\">\n<p>La sesi\u00f3n estuvo encabezada por el vicegobernador y presidente nato de la C\u00e1mara de Diputados, CPN Roberto Gattoni, quien estuvo acompa\u00f1ado por los secretarios Administrativo, Dr. Roberto Iglesias, y Legislativo, Dr. Nicol\u00e1s Alvo.<\/p>\n<p><span style=\"color: #800080;\"><strong>Sala Acusadora y Juzgadora<\/strong><\/span><\/p>\n<p>En primer lugar, fue realizado el sorteo, a trav\u00e9s de un bolillero, por parte del secretario Legislativo para la conformaci\u00f3n de las dos salas encargadas de la tramitaci\u00f3n del Juicio Pol\u00edtico de acuerdo a lo establecido en el art\u00edculo 220\u00ba de la Constituci\u00f3n provincial. De esta manera, la Sala Acusadora qued\u00f3 compuesta por los siguientes legisladores: Silvio Atencio, Francisco Berenguer, Eduardo Cabello, Rub\u00e9n Carri\u00f3n, Andr\u00e9s Chanampa, Enzo Cornejo, Jos\u00e9 Luis Esteve, Carlos Jaime Quiroga, Marcela Monti, Fernanda Paredes, Florencia Pe\u00f1aloza, Carlos Platero, Horacio Quiroga, Celina Ramella, Juan Manuel Roca, Gustavo Rodr\u00edguez, Edgardo Sancassani y Graciela Seva.<\/p>\n<p>En cuanto a la Sala Juzgadora, qued\u00f3 integrada por los siguientes parlamentarios: Juan Carlos Abarca, Jorge Barifusa, Juan Jos\u00e9 Chica, Juan Carlos Gioja, Leonardo Gioja, Federico Hensel, Rodolfo Jalife, Andr\u00e9s Mallea, Mauro Marinero, Sergio Miodowsky, Enrique Monta\u00f1o, Miguel N\u00fa\u00f1ez, Sim\u00f3n Ortiz, Nancy Pic\u00f3n, Marcela Quiroga, Mario Romero, Miguel S\u00e1nchez y Gustavo Us\u00edn.<\/p>\n<p>Acto seguido, el vicegobernador procedi\u00f3 a tomarles juramento reglamentario a los integrantes de ambas salas. Luego, el diputado Juan Carlos Abarca hizo moci\u00f3n para realizar un cuarto intermedio de cinco minutos para la elegir a los titulares de las salas y los cinco miembros de la Comisi\u00f3n Investigadora que tiene por objeto investigar la verdad de los hechos en que se funda la acusaci\u00f3n, teniendo para ese efecto, las m\u00e1s amplias facultades.<\/p>\n<p>Una vez restablecida la sesi\u00f3n, la diputada Fernanda Paredes anunci\u00f3 que la sala Acusadora ser\u00e1 presidida por la legisladora Celina Ramella y que la Comisi\u00f3n Investigadora qued\u00f3 constituida por los diputados Eduardo Cabello, Carlos Platero, Jos\u00e9 Luis Esteve, Andr\u00e9s Chanampa y la diputada Fernanda Paredes. Despu\u00e9s, el diputado Jorge Barifusa inform\u00f3 que el diputado Juan Carlos Abarca ser\u00e1 el titular de la sala Juzgadora.<\/p>\n<p>M\u00e1s tarde, el presidente de la C\u00e1mara tom\u00f3 juramento de forma a los secretarios Legislativo y Administrativo.<\/p>\n<p><span style=\"color: #800080;\"><strong>Designaron a los representantes para las audiencias del EPRE<\/strong><\/span><\/p>\n<p>A continuaci\u00f3n, el cuerpo legislativo design\u00f3 a quienes representar\u00e1n a esta C\u00e1mara, ante las audiencias p\u00fablicas que sean convocadas por el EPRE. En este sentido, el parlamentario Juan Carlos Abarca comunic\u00f3 que los diputados Jorge Barifusa y Jos\u00e9 Luis Esteve ser\u00e1n los integrantes titulares y Juan Manuel Roca ser\u00e1 el miembro suplente.<\/p>\n<p><span style=\"color: #800080;\"><strong>Versiones taquigr\u00e1ficas<\/strong><\/span><\/p>\n<p>Luego, los diputados aprobaron las versiones taquigr\u00e1ficas correspondientes al 18\u00ba Sesi\u00f3n Ordinaria de fecha 17 de diciembre de 2020; \u00a0Primera Sesi\u00f3n Especial de fecha 23 de diciembre de 2020; Primera Sesi\u00f3n Extraordinaria de fecha de 28 de enero de 2021;\u00a0 Primera Reuni\u00f3n de la Sala Acusadora de fecha 18 de febrero de 2021, y Sesi\u00f3n Preparatoria de fecha 25 de marzo de 2021, conforme art\u00edculo 111 del Reglamento Interno.<\/p>\n<p><span style=\"color: #800080;\"><strong>Resoluci\u00f3n<\/strong><\/span><\/p>\n<p>Seguidamente, el cuerpo parlamentario otorg\u00f3 acuerdo a un proyecto de resoluci\u00f3n de autor\u00eda del diputado Miguel S\u00e1nchez que declara de inter\u00e9s provincial a las \u201cXII Jornadas Nacionales de Geograf\u00eda F\u00edsica\u201d\u00a0 porque cumple con la misi\u00f3n de fomentar un espacio de debate, actualizaci\u00f3n disciplinar, y de est\u00edmulo a la investigaci\u00f3n cient\u00edfica y tecnol\u00f3gica en el \u00e1rea de Geograf\u00eda F\u00edsica.<\/p>\n<p><span style=\"color: #800080;\"><strong>Palabras conmemorativas por el aniversario del voto femenino en San Juan<\/strong><\/span><\/p>\n<p>Para finalizar la sesi\u00f3n, los diputados Andr\u00e9s Chanampa, Fernanda Paredes y Juan Carlos Gioja dedicaron unas palabras conmemorativas por cumplirse en el d\u00eda de la fecha un nuevo aniversario de la primera vez que vot\u00f3 la mujer en la provincia y en el pa\u00eds.<\/p>\n<p>\u201cLa obra maestra de la Constituci\u00f3n del a\u00f1o 27 fue otorgarle el derecho pol\u00edtico a la mujer, que para ese momento,\u00a0 esa concepci\u00f3n en San Juan, fue de avanzada en el pa\u00eds y Latinoam\u00e9rica. Esta constituci\u00f3n que fue tomada como ejemplo en varios pa\u00edses. De Esta manera, el 8 de abril de 1928 las sanjuaninas pudieron ejercer su derecho al voto. \u00a0Y que despu\u00e9s, con la Ley 13010 en el a\u00f1o 1947 con el gobierno de Per\u00f3n fue aprobado el voto femenino a lo largo y ancho del pa\u00eds\u201d coment\u00f3 el legislador Chanampa. Luego mencion\u00f3 a diferentes mujeres que se destacaron por su accionar en la conquista de nuevos espacios y derechos y emiti\u00f3 un saludo especial a las colegas diputadas que conforman actualmente el Poder Legislativo provincial y a las legisladoras municipales y nacionales.<\/p>\n<p>A su turno, la diputada Fernanda Paredes agradeci\u00f3 en nombre de todas sus compa\u00f1eras del recinto el saludo del diputado Chanampa, y se\u00f1al\u00f3 la importancia de recordar un hecho hist\u00f3rico tan transcendental para la provincia. Luego\u00a0 se\u00f1al\u00f3 \u201ces importante reconocer tambi\u00e9n a quien se puso esta tarea al hombro, a quien luch\u00f3 y fue una verdadera revolucionaria como fue la compa\u00f1era Evita que trabaj\u00f3 todo el territorio y que en su sentido de revoluci\u00f3n logr\u00f3 esta tan ansiada y bendita Ley Nacional, que fue un acto de justicia\u201d.<\/p>\n<p>Por \u00faltimo, el diputado Juan Carlos Gioja reivindic\u00f3 el sentido pol\u00edtico de la presencia del bloquismo en la Argentina y espec\u00edficamente en San Juan. \u201cTiene una esencia popular y revolucionaria transformadora, esto se ratifica en el transcurso de la historia a partir de la incorporaci\u00f3n del Partido Bloquista al Movimiento Nacional Justicialista que se produce en la d\u00e9cada del 40 cuando se re\u00fane el general Per\u00f3n con Federico Cantoni y acuerdan esta incorporaci\u00f3n que fue un hecho hist\u00f3rico\u201d.<\/p>\n<p><strong><span style=\"color: #800080;\">Proyectos girados a las Comisiones<\/span><\/strong><\/p>\n<p>Los legisladores consideraron y remitieron para estudio y an\u00e1lisis de las respectivas comisiones, los siguientes proyectos de Ley remitidos por el Poder Ejecutivo que proponen:<\/p>\n<ul>\n<li>Ratificar el convenio entre el Ministerio de Transporte de la Naci\u00f3n y la Provincia de San Juan.<\/li>\n<li>Aprobar el contrato suscripto entre la Secretar\u00eda de Estado de Ambiente y Desarrollo Sustentable y el Municipio de Chimbas.<\/li>\n<li>Ratificar el convenio suscripto entre la Secretar\u00eda de Estado de Ambiente y Desarrollo Sustentable y el Municipio de Rivadavia.<\/li>\n<li>Aprobar el convenio de colaboraci\u00f3n y cooperaci\u00f3n suscripto entre la Secretar\u00eda de Estado de Ambiente y Desarrollo Sustentable y el Municipio de Rawson.<\/li>\n<li>Aprobar el convenio entre la Secretar\u00eda de Estado de Ambiente y Desarrollo Sustentable y el Municipio de Caucete.<\/li>\n<li>Ratificar el acuerdo de refinanciaci\u00f3n entre la Administraci\u00f3n Nacional de la Seguridad Social y la Provincia de San Juan.<\/li>\n<li>Aprobar Convenio marco suscripto entre Cannabis Medicinal San Juan Sociedad del Estado (Ca.Me San Juan SE) y el Ministerio de Obras y Servicios P\u00fablicos.<\/li>\n<li>Ratificar el Convenio de Asistencia T\u00e9cnica rec\u00edproca y el Acta Complementaria N\u00ba 1, suscripto entre la provincia de San Juan y el Instituto Nacional de Agua (INA).<\/li>\n<li>Aprobar el convenio marco de colaboraci\u00f3n suscripto entre el Ministerio de Obras y Servicios P\u00fablicos de San Juan y la Direcci\u00f3n Nacional de Migraciones.<\/li>\n<li>Ratificar en todas sus partes el acuerdo del servicio t\u00e9cnico especializado para el desarrollo sustentable del ambiente en los Altos Valles Andinos, suscripto entre la Provincia de San Juan y el Instituto Nacional de Tecnolog\u00eda Agropecuaria.<\/li>\n<li>Rendici\u00f3n de cuentas integral sobre cuarto trimestre a\u00f1o 2020.<\/li>\n<li>Rendici\u00f3n de cuentas integral sobre tercer trimestre del a\u00f1o 2020.<\/li>\n<li>Aprobar convenio celebrado entre el Ministerio de Transporte de la Naci\u00f3n y el Gobierno de la Provincia de San Juan.<\/li>\n<li>Aprobar Convenio Mutuo de Asistencia Financiera y Adhesi\u00f3n entre el Fondo Fiduciario Federal de Infraestructura Regional (FFFIR) y el Gobierno de San Juan (Proyecto T\u00fanel Zonda).<\/li>\n<li>Aprobar en todas sus partes el convenio de subvenci\u00f3n y Anexo I, suscripto entre el Ministerio de Ciencia, Tecnolog\u00eda e Innovaci\u00f3n Productiva de la Naci\u00f3n y la Secretar\u00eda de Estado de Ciencia, Tecnolog\u00eda e Innovaci\u00f3n de la provincia de San Juan.<\/li>\n<li>Ratificar el convenio marco de cooperaci\u00f3n t\u00e9cnica suscripto entre la Secretar\u00eda de Estado de Ambiente y Desarrollo Sustentable y la Asociaci\u00f3n de criadores de psit\u00e1cidos y ornamentales.<\/li>\n<li>Aprobar el convenio de cooperaci\u00f3n y asistencia entre la Secretar\u00eda de Estado de Ambiente y Desarrollo Sustentable y el Municipio de Rivadavia.<\/li>\n<li>Ratificar el convenio marco de Asistencia y Cooperaci\u00f3n Rec\u00edproca y su acta complementaria N\u00ba 1, celebrada entre el Ministerio de las Mujeres, G\u00e9neros y Diversidad y la Provincia de San Juan.<\/li>\n<li>Aprobar el acta celebrada entre la Agencia Territorial San Juan, Ministerio de Trabajo, Empleo y Seguridad Social de la Naci\u00f3n y la Provincia de San Juan.<\/li>\n<li>Remitir informaci\u00f3n relativa a las proyecciones de presupuestos plurianuales de la provincia de San Juan.<\/li>\n<li>Aprobar en todas sus partes el convenio marco de cooperaci\u00f3n entre la Secretar\u00eda de Estado de Ciencia, Tecnolog\u00eda e Innovaci\u00f3n y la Municipalidad de la Ciudad de San Juan.<\/li>\n<li>Ratificar el convenio marco de cooperaci\u00f3n entre la Secretar\u00eda de Estado de Ciencia, Tecnolog\u00eda e Innovaci\u00f3n del Gobierno de San Juan y el Consejo Profesional de En\u00f3logos de San Juan.<\/li>\n<li>Aprobar en todas sus partes el Convenio Marco de cooperaci\u00f3n entre la Secretar\u00eda de Estado de Ciencia, Tecnolog\u00eda e Innovaci\u00f3n del Gobierno de San Juan y la Municipalidad de J\u00e1chal.<\/li>\n<li>Ratificar el convenio de colaboraci\u00f3n suscripto entre la Secretar\u00eda de Estado de Ambiente y Desarrollo Sustentable y la Minera Andina del Sol.<\/li>\n<li>Adherir a la Ley Nacional N\u00ba 26691 sobre preservaci\u00f3n, se\u00f1alizaci\u00f3n y difusi\u00f3n de sitios de memoria del terrorismo de estado.<\/li>\n<li>Aprobar un convenio y su anexo suscripto entre el Ministerio de Transporte de la Naci\u00f3n y la Provincia de San Juan.<\/li>\n<li>Adherir a la Ley Nacional N\u00ba 27592 denominada \u00abLey Yolanda\u00bb.<\/li>\n<li>Modificar la Ley N\u00ba 1800-L, que crea el Observatorio Ambiental, integrado por el Centro de Monitoreo Ambiental, la Agencia de Cambio Clim\u00e1tico y el Observatorio de Residuos S\u00f3lidos Urbanos.<\/li>\n<li>Sustituir la Ley N\u00ba 2188-I, Ley Impositiva, A\u00f1o Fiscal 2021.<\/li>\n<li>Aprobar un convenio marco \u00abPrograma Casa Propia &#8211; Construir Futuro\u00bb, suscripto entre la Secretar\u00eda de H\u00e1bitat del Ministerio de Desarrollo Territorial y H\u00e1bitat y la provincia de San Juan, en el departamento de Rivadavia.<\/li>\n<li>Ratificar un convenio marco \u00abPrograma Casa Propia &#8211; Construir Futuro\u00bb, suscripto entre la Secretar\u00eda de H\u00e1bitat del Ministerio de Desarrollo Territorial y H\u00e1bitat y la provincia de San Juan, en el departamento Pocito.<\/li>\n<\/ul>\n<p>Por otro lado, el cuerpo parlamentario envi\u00f3 a las respectivas comisiones los proyectos de Ley presentados por los diferentes bloques que proponen:<\/p>\n<ul>\n<li>Accesibilidad electoral (Diputado Sergio Miodowsky y diputada Nancy Pic\u00f3n -bloque Producci\u00f3n y Trabajo).<\/li>\n<li>Establecer ficha limpia para las candidaturas a cargos p\u00fablicos electivos, cargos partidarios y para el ejercicio de la funci\u00f3n p\u00fablica (Diputado Andr\u00e9s Chanampa- bloque Bloquista).<\/li>\n<li>Modificar la Ley N\u00ba 1268-N implementando el sistema de boleta \u00fanica de sufragio (Interbloque: Producci\u00f3n y Trabajo, Actuar y Pro-Juntos por el Cambio).<\/li>\n<li>Adherir a la Ley Nacional N\u00ba 27592, \u00abLey Yolanda\u00bb sobre Programa de Formaci\u00f3n para agentes de cambio en desarrollo sostenible (Diputada Celina Ramella-bloque Justicialista).<\/li>\n<li>Crear el Gabinete de Asistencia Psicol\u00f3gica en el \u00e1mbito de la Polic\u00eda de la Provincia de San Juan (Diputado Sergio Miodowsky y diputada Nancy Pic\u00f3n-bloque Producci\u00f3n y Trabajo).<\/li>\n<li>Instituir el r\u00e9gimen de asistencia material y desarrollo humano a v\u00edctimas de violencia de g\u00e9nero (Diputado Sergio Miodowsky y diputada Nancy Pic\u00f3n-bloque Producci\u00f3n y Trabajo).<\/li>\n<li>Crear al boleto estudiantil gratuito para ser utilizado en el servicio p\u00fablico de transporte (Diputado Gustavo Us\u00edn-bloque Actuar).<\/li>\n<li>Modificar la Ley N\u00ba 411-F de Patrimonio Cultural y Monumentos Hist\u00f3ricos &#8211; Ley Tem\u00e1tica (Diputada Celina Ramella- bloque Justicialista).<\/li>\n<li>Crea el Registro P\u00fablico de personas vacunadas COVID-19 (Interbloque: Pro-Juntos por el Cambio, Actuar y Producci\u00f3n y Trabajo).<\/li>\n<li>Establecer porcentajes de mano de obra local comunitaria y de proveedores de servicios mineros locales y determinaci\u00f3n de los estatus de zona de influencia del emprendimiento minero Jos\u00e9 Mar\u00eda (Diputado Enrique Monta\u00f1o-bloque San Juan Primero).<\/li>\n<li>Adherir a la Ley Nacional N\u00ba 27.505 de promesa de lealtad a la Constituci\u00f3n Nacional (Diputada Fernanda Paredes- bloque Justicialista).<\/li>\n<li>Adherir a la Ley Nacional N\u00ba 27.590 sobre Programa de Concientizaci\u00f3n del Grooming o ciberacoso contra ni\u00f1as, ni\u00f1os y adolescentes (Diputado Gast\u00f3n Berenguer-bloque Justicialista).<\/li>\n<li>Crear el r\u00e9gimen especial de pr\u00e1cticas de formaci\u00f3n para el empleo (Diputado Enzo Cornejo-bloque PRO-Juntos por el Cambio).<\/li>\n<li>Consolidaci\u00f3n anual legislativa del periodo 2020, conforme Ley N\u00b0 1260-E, art\u00edculo 18 (Comisi\u00f3n Permanente).<\/li>\n<li>Modificar la Ley N\u00ba 196-A, de creaci\u00f3n y regulaci\u00f3n del Instituto Provincial de la Vivienda (Diputado Sergio Miodowsky y diputada Nancy Pic\u00f3n-bloque Producci\u00f3n y Trabajo).<\/li>\n<li>Establecer el d\u00eda 15 de enero de cada a\u00f1o como \u00abD\u00eda Provincial de la Prevenci\u00f3n S\u00edsmica en la Provincia de San Juan\u00bb (Diputado Gast\u00f3n Berenguer- bloque Justicialista).<\/li>\n<li>Promover medidas para intervenir en contingencias s\u00edsmicas, clim\u00e1ticas y antr\u00f3picas para la construcci\u00f3n del h\u00e1bitat en la provincia de San Juan (Diputada Graciela Seva y diputados Leonardo Gioja y Juan Carlos Gioja-bloque Justicialista).<\/li>\n<\/ul>\n<p>Asimismo, ingres\u00f3 para el tratamiento en comisiones, los siguientes proyectos de Resoluci\u00f3n que proponen declarar de inter\u00e9s:<\/p>\n<ul>\n<li>\u201cSocial y cultural\u201d la llegada e instalaci\u00f3n de una r\u00e9plica de la Virgen de Lujan que estuvo en el conflicto del Atl\u00e1ntico Sur en el a\u00f1o 1982 (Diputado Leonardo Gioja-bloque Justicialista).<\/li>\n<li>\u201cSocial y educativo\u201d la implementaci\u00f3n del Programa \u00abPromotoras Barriales para la prevenci\u00f3n de violencia de g\u00e9nero y el Registro Municipal de Promotoras territoriales de g\u00e9nero y diversidad\u00bb (Diputada Graciela Seva y diputados Leonardo Gioja y Juan Carlos Gioja-bloque Justicialista).<\/li>\n<li>\u201cSocial y cultural la muestra fotogr\u00e1fica \u00abIngravitto\u00bb a cargo del fot\u00f3grafo profesional Mariano de Vecchis (Diputado Andr\u00e9s Chanampa-bloque Bloquista).<\/li>\n<\/ul>\n<p>Y tambi\u00e9n, un proyecto de Resoluci\u00f3n remitido por el bloque Justicialista (diputada Graciela Seva) que proponen modificar el Cap\u00edtulo VI de la Comisiones del Reglamento Interno de la C\u00e1mara de Diputados.<\/p>\n<p>Adem\u00e1s, enviaron para su estudio y an\u00e1lisis en las respectivas comisiones a los siguientes proyectos de Comunicaci\u00f3n que solicitan al Poder Ejecutivo:<\/p>\n<ul>\n<li>Informe sobra vacunaci\u00f3n COVID-19 (Diputado Enzo Cornejo-bloque Pro-Juntos por el Cambio).<\/li>\n<li>Instale una garita o puesto policial para el distrito de Colonia Fiscal, departamento Sarmiento (Diputado Federico Hensel-bloque Justicialista).<\/li>\n<li>Instale diez c\u00e1maras de video vigilancia tipo domo 360\u00ba en el Departamento de Iglesias (Diputado Enrique Monta\u00f1o-bloque San Juan Primero).<\/li>\n<li>Ampliaci\u00f3n y refacci\u00f3n del edificio de la Escuela Ingeniero F\u00e9lix Aguilar- Jorge Luis Bates-Cens H\u00e9roes de Malvinas, ubicado en Media Agua, departamento Sarmiento (Diputado Federico Hensel-bloque Justicialista).<\/li>\n<li>Relocalizaci\u00f3n del Molino de Bentonita emplazado en el departamento Calingasta (Diputado Mario Romero-bloque Justicialista).<\/li>\n<\/ul>\n<p>Y por \u00faltimo, ingres\u00f3 a comisiones un proyecto de Declaraci\u00f3n presentado por el bloque PRO-Juntos por el Cambio (Diputado Enzo Cornejo), por el que se declara esencial la actividad f\u00edsica y el deporte.<\/p>\n<\/div>\n","protected":false},"excerpt":{"rendered":"<p>Durante la ma\u00f1ana del Jueves, 8 de Abril fue reanudada la Primera Sesi\u00f3n del per\u00edodo ordinario en cuyo el cuerpo<\/p>\n","protected":false},"author":3,"featured_media":36707,"comment_status":"closed","ping_status":"closed","sticky":false,"template":"","format":"standard","meta":{"_acf_changed":false,"_seopress_robots_primary_cat":"none","_seopress_titles_title":"","_seopress_titles_desc":"","_seopress_robots_index":"","colormag_page_container_layout":"default_layout","colormag_page_sidebar_layout":"default_layout","footnotes":""},"categories":[1],"tags":[],"class_list":["post-36705","post","type-post","status-publish","format-standard","has-post-thumbnail","hentry","category-destacadas"],"acf":[],"_links":{"self":[{"href":"https:\/\/vocesparalelas.com.ar\/sitio\/wp-json\/wp\/v2\/posts\/36705","targetHints":{"allow":["GET"]}}],"collection":[{"href":"https:\/\/vocesparalelas.com.ar\/sitio\/wp-json\/wp\/v2\/posts"}],"about":[{"href":"https:\/\/vocesparalelas.com.ar\/sitio\/wp-json\/wp\/v2\/types\/post"}],"author":[{"embeddable":true,"href":"https:\/\/vocesparalelas.com.ar\/sitio\/wp-json\/wp\/v2\/users\/3"}],"replies":[{"embeddable":true,"href":"https:\/\/vocesparalelas.com.ar\/sitio\/wp-json\/wp\/v2\/comments?post=36705"}],"version-history":[{"count":1,"href":"https:\/\/vocesparalelas.com.ar\/sitio\/wp-json\/wp\/v2\/posts\/36705\/revisions"}],"predecessor-version":[{"id":36708,"href":"https:\/\/vocesparalelas.com.ar\/sitio\/wp-json\/wp\/v2\/posts\/36705\/revisions\/36708"}],"wp:featuredmedia":[{"embeddable":true,"href":"https:\/\/vocesparalelas.com.ar\/sitio\/wp-json\/wp\/v2\/media\/36707"}],"wp:attachment":[{"href":"https:\/\/vocesparalelas.com.ar\/sitio\/wp-json\/wp\/v2\/media?parent=36705"}],"wp:term":[{"taxonomy":"category","embeddable":true,"href":"https:\/\/vocesparalelas.com.ar\/sitio\/wp-json\/wp\/v2\/categories?post=36705"},{"taxonomy":"post_tag","embeddable":true,"href":"https:\/\/vocesparalelas.com.ar\/sitio\/wp-json\/wp\/v2\/tags?post=36705"}],"curies":[{"name":"wp","href":"https:\/\/api.w.org\/{rel}","templated":true}]}}