{"id":36700,"date":"2021-04-08T22:50:40","date_gmt":"2021-04-09T01:50:40","guid":{"rendered":"http:\/\/vocesparalelas.com.ar\/sitio\/?p=36700"},"modified":"2021-04-11T15:06:49","modified_gmt":"2021-04-11T18:06:49","slug":"cuidarnos-es-tarea-de-todos-los-resultados-y-logros-seran-tambien-de-todos-los-sanjuaninos","status":"publish","type":"post","link":"https:\/\/vocesparalelas.com.ar\/sitio\/cuidarnos-es-tarea-de-todos-los-resultados-y-logros-seran-tambien-de-todos-los-sanjuaninos\/","title":{"rendered":"\u00abCuidarnos es tarea de todos, los resultados y logros ser\u00e1n tambi\u00e9n de todos los sanjuaninos\u00bb"},"content":{"rendered":"<p>El Gobierno de San Juan consider\u00f3 necesario trazar nuevas medidas para lograr un impacto positivo en la reducci\u00f3n de la transmisi\u00f3n del virus, evitar la saturaci\u00f3n del sistema de salud y proteger la econom\u00eda provincial, ante el panorama de aumento de contagios de COVID 19 en todo el pa\u00eds.<\/p>\n<p>En este marco, tuvo lugar una reuni\u00f3n extraordinaria de los integrantes del Acuerdo San Juan en el foyer del Teatro del Bicentenario, quienes se expedir\u00e1n sobre las nuevas medidas que regir\u00e1n a los sanjuaninos ante la pandemia de COVID-19 .<\/p>\n<p>El encuentro estuvo presidido por el gobernador Dr. Sergio U\u00f1ac, acompa\u00f1ado por el vicegobernador CPN Roberto Gattoni; los ministros de Gobierno, Dra. Fabiola Aubone; de Desarrollo Humano y Promoci\u00f3n Social, Prof. Fabian Aballay; de Obras y Servicios P\u00fablicos, Ing. Julio Ortiz Andino; de Educaci\u00f3n, Lic. Felipe De Los R\u00edos; de Salud P\u00fablica, Dra. Alejandra Venerando; de Turismo y Cultura, Lic. Claudia Grynszpan; de Hacienda y Finanzas, CPN Marisa L\u00f3pez, de Producci\u00f3n y Desarrollo Econ\u00f3mico; Lic. Andr\u00e9s D\u00edaz Cano; y de Miner\u00eda, Ing. Carlos Astudillo; adem\u00e1s de los secretarios de Deportes, Jorge Chica; de Ciencia, Tecnolog\u00eda e Innovaci\u00f3n, Ing. Tulio Del Bono; de Seguridad y Orden P\u00fablico, Dr. Carlos Munisaga; de Ambiente y Desarrollo Sustentable, Lic. Ra\u00fal Tello y el secretario general de la Gobernaci\u00f3n, CPN Juan Flores.<\/p>\n<p>Fueron parte del encuentro, integrantes del Poder Judicial, diputados provinciales, intendentes de los 19 departamentos, referentes de ATAP, UTA, Fuerzas de seguridad, Federaci\u00f3n Econ\u00f3mica, UISJ, Confederaci\u00f3n Sanjuanina de Deportes, UNSJ, UCCuyo, CGT, Comercio, gastron\u00f3micos, Mesa Interreligiosa, hoteleros, eventos, agencias de viaje, Obra Social Provincia, entre otros.<\/p>\n<p>Debido al nuevo panorama nacional y en el marco de las medidas anunciadas por la Presidencia, el gobernador sanjuanino abri\u00f3 la exposici\u00f3n de ideas se\u00f1alando que \u00aben ocasi\u00f3n de abrir las sesiones ordinarias de la C\u00e1mara de Diputados el 1 de abril, hac\u00eda una valoraci\u00f3n de lo que significa el Acuerdo San Juan, una herramienta v\u00e1lida, necesaria y m\u00e1s que importante para que nos podamos en una mesa de discusi\u00f3n institucional, expresarnos y discutir ideas que tuvieran el camino del encuentro, del mayor consenso posible respecto a las cosas que deb\u00edamos hacer en un a\u00f1o tan dif\u00edcil como el anterior\u00bb.<\/p>\n<p>\u00abEl ASJ implicaba una hoja de ruta de lo que ten\u00edamos que hacer en la pandemia y pospandemia. Aun no llegamos este \u00faltimo punto, seguimos trabajando en medidas inherentes a la pandemia que azota a San Juan, la regi\u00f3n, el pa\u00eds y el mundo\u00bb, agreg\u00f3 U\u00f1ac.<\/p>\n<p><iframe loading=\"lazy\" title=\"U\u00f1ac: El desaf\u00edo est\u00e1 en buscar un equilibrio justo para proteger la salud sin descuidar la econom\u00eda\" width=\"800\" height=\"450\" src=\"https:\/\/www.youtube.com\/embed\/6NNBRiaRd4A?feature=oembed\" frameborder=\"0\" allow=\"accelerometer; autoplay; clipboard-write; encrypted-media; gyroscope; picture-in-picture\" allowfullscreen><\/iframe><\/p>\n<p>Seguidamente, valor\u00f3 la situaci\u00f3n epidemiol\u00f3gica con la que cuenta la provincia en la actualidad y advirti\u00f3 que \u00absi no tomamos medidas pertinentes, la situaci\u00f3n puede ser compleja. El gran desaf\u00edo es buscar esos justos equilibrios para proteger la salud sin descuidar la econom\u00eda\u00bb.<\/p>\n<p>En ese orden, el gobernador de San Juan dijo que busca, mediante esta reuni\u00f3n extraordinaria, alcanzar la menor transmisi\u00f3n del virus, protegiendo la situaci\u00f3n sanitaria, afectando lo m\u00ednimo posible al sector econ\u00f3mico y las fuentes de trabajo.<\/p>\n<p>\u00abQuiero hacer hincapi\u00e9 en esto, menor transmisi\u00f3n del virus, cuidar la sanidad y a los sectores de Salud junto a los sectores de Seguridad. Cuidarnos es tarea de todos los resultados y logros ser\u00e1n tambi\u00e9n de todos los sanjuaninos. No hay proezas personales que puedan conseguir resultados colectivos y hoy ponemos en evidencia que la salida debe ser colectiva y plural para que pueda ser lo m\u00e1s abarcativa posible y pueda abrazar en los resultados positivos a la mayor cantidad de sanjuaninos y sanjuaninas\u00bb, expres\u00f3.<\/p>\n<p>\u00abLa convocatoria es para que m\u00e1s all\u00e1 de la pertenencias partidarias e ideol\u00f3gicas, podamos expresarnos y decir qu\u00e9 pretendemos y nos predispongamos a escuchar la opini\u00f3n de todos los sectores de la sociedad sanjuanina para buscar un punto medio en el tr\u00e1nsito de momentos dif\u00edciles\u00bb, analiz\u00f3.<\/p>\n<p>Acto seguido, U\u00f1ac agradeci\u00f3 a los sanjuaninos y asegur\u00f3 que \u00abestuvimos a la altura de la circunstancia. Hemos exhibido resultados sanitarios y econ\u00f3micos que en contexto de pandemia han sido un gran esfuerzo que fue en l\u00ednea con lo que se concret\u00f3 en esta convocatoria plural y eso obedece a la participaci\u00f3n de todos los sanjuaninos\u00bb.<\/p>\n<p>\u00abQue est\u00e9n aqu\u00ed enorgullece a la provincia en su conjunto, nos hemos despojado de las situaciones individuales o sectoriales, por justificada que sean, en pos de\u00a0transitar la pandemia con la menor cantidad de efectos negativos\u00bb, finaliz\u00f3.<\/p>\n<p><strong><span style=\"color: #339966;\">Acuerdo San Juan: di\u00e1logo y coordinaci\u00f3n<\/span><\/strong><\/p>\n<p>Fabiola Aubone, la ministra de Gobierno y coordinadora del Acuerdo San Juan se\u00f1al\u00f3 en la previa del discurso de U\u00f1ac que \u00abel di\u00e1logo y el consenso para construir futuro es el foco de esta convocatoria. Nos preocupa a todos lo que sucede con la pandemia en el pa\u00eds y San Juan. Esta convocatoria realizada por el gobernador es para poder entre todos, en una jornada de trabajo acordar medidas que sean efectivas en el cumplimiento, cuidado y tengan el menor impacto negativo posible en los sectores de la econom\u00eda, educaci\u00f3n y salud\u201d.<\/p>\n<p>Por su parte, la ministra de Salud P\u00fablica, Alejandra Venerando tras exponer sobre la situaci\u00f3n epidemiol\u00f3gica de la provincia, destac\u00f3 los avances y estrategias que que desarrolla el Gobierno. \u00abTenemos que trabajar en la responsabilidad social e individual\u00bb, afirm\u00f3.<\/p>\n<p>En ese \u00e1mbito, se\u00f1al\u00f3 que el personal de Salud est\u00e1 y continuar\u00e1 trabajando arduamente en la inmunizaci\u00f3n de los sanjuaninos.<\/p>\n","protected":false},"excerpt":{"rendered":"<p>El Gobierno de San Juan consider\u00f3 necesario trazar nuevas medidas para lograr un impacto positivo en la reducci\u00f3n de la<\/p>\n","protected":false},"author":3,"featured_media":36702,"comment_status":"closed","ping_status":"closed","sticky":false,"template":"","format":"video","meta":{"_acf_changed":false,"_seopress_robots_primary_cat":"none","_seopress_titles_title":"","_seopress_titles_desc":"","_seopress_robots_index":"","colormag_page_container_layout":"default_layout","colormag_page_sidebar_layout":"default_layout","footnotes":""},"categories":[6,7],"tags":[],"class_list":["post-36700","post","type-post","status-publish","format-video","has-post-thumbnail","hentry","category-eventos","category-videos","post_format-post-format-video"],"acf":[],"_links":{"self":[{"href":"https:\/\/vocesparalelas.com.ar\/sitio\/wp-json\/wp\/v2\/posts\/36700","targetHints":{"allow":["GET"]}}],"collection":[{"href":"https:\/\/vocesparalelas.com.ar\/sitio\/wp-json\/wp\/v2\/posts"}],"about":[{"href":"https:\/\/vocesparalelas.com.ar\/sitio\/wp-json\/wp\/v2\/types\/post"}],"author":[{"embeddable":true,"href":"https:\/\/vocesparalelas.com.ar\/sitio\/wp-json\/wp\/v2\/users\/3"}],"replies":[{"embeddable":true,"href":"https:\/\/vocesparalelas.com.ar\/sitio\/wp-json\/wp\/v2\/comments?post=36700"}],"version-history":[{"count":1,"href":"https:\/\/vocesparalelas.com.ar\/sitio\/wp-json\/wp\/v2\/posts\/36700\/revisions"}],"predecessor-version":[{"id":36703,"href":"https:\/\/vocesparalelas.com.ar\/sitio\/wp-json\/wp\/v2\/posts\/36700\/revisions\/36703"}],"wp:featuredmedia":[{"embeddable":true,"href":"https:\/\/vocesparalelas.com.ar\/sitio\/wp-json\/wp\/v2\/media\/36702"}],"wp:attachment":[{"href":"https:\/\/vocesparalelas.com.ar\/sitio\/wp-json\/wp\/v2\/media?parent=36700"}],"wp:term":[{"taxonomy":"category","embeddable":true,"href":"https:\/\/vocesparalelas.com.ar\/sitio\/wp-json\/wp\/v2\/categories?post=36700"},{"taxonomy":"post_tag","embeddable":true,"href":"https:\/\/vocesparalelas.com.ar\/sitio\/wp-json\/wp\/v2\/tags?post=36700"}],"curies":[{"name":"wp","href":"https:\/\/api.w.org\/{rel}","templated":true}]}}