{"id":36686,"date":"2021-04-08T21:41:16","date_gmt":"2021-04-09T00:41:16","guid":{"rendered":"http:\/\/vocesparalelas.com.ar\/sitio\/?p=36686"},"modified":"2021-04-30T23:28:52","modified_gmt":"2021-05-01T02:28:52","slug":"vamos-unsj-con-candidatos-a-rector-ing-tadeo-berenguer-y-a-vicerrectora-dra-analia-ponce","status":"publish","type":"post","link":"https:\/\/vocesparalelas.com.ar\/sitio\/vamos-unsj-con-candidatos-a-rector-ing-tadeo-berenguer-y-a-vicerrectora-dra-analia-ponce\/","title":{"rendered":"\u00abVamos UNSJ\u00bb con candidatos a Rector Ing. Tadeo Berenguer y a Vicerrectora Dra. Anal\u00eda Ponce"},"content":{"rendered":"<p>En el Pasaje 16 de Agosto de la Facultad de Ingenier\u00eda de la Universidad Nacional de San Juan se desarroll\u00f3 el lanzamiento de los candidatos a Rector Ing. Tadeo Berenguer y Vicerrectora Dra. Anal\u00eda Ponce 2021 \u2013 2025, de la Agrupaci\u00f3n \u00abVamos UNSJ\u00bb, para las elecciones 2021, que las mismas se desarrollan el 10 de Junio para la renovaci\u00f3n de las autoridades en la Universidad Nacional de San Juan.<\/p>\n<p><img loading=\"lazy\" decoding=\"async\" class=\"alignnone wp-image-36691 size-full\" src=\"https:\/\/vocesparalelas.com.ar\/sitio\/wp-content\/uploads\/2021\/04\/VAMOS-UNSJ-04.jpg\" alt=\"\" width=\"800\" height=\"533\" srcset=\"https:\/\/vocesparalelas.com.ar\/sitio\/wp-content\/uploads\/2021\/04\/VAMOS-UNSJ-04.jpg 800w, https:\/\/vocesparalelas.com.ar\/sitio\/wp-content\/uploads\/2021\/04\/VAMOS-UNSJ-04-300x200.jpg 300w, https:\/\/vocesparalelas.com.ar\/sitio\/wp-content\/uploads\/2021\/04\/VAMOS-UNSJ-04-768x512.jpg 768w\" sizes=\"auto, (max-width: 800px) 100vw, 800px\" \/><\/p>\n<p>El acto se realiz\u00f3 con todo el protocolo sanitario que corresponde a la pandemia del COVID \u2013 19, por ello, hubo gente presencial.<\/p>\n<p><img loading=\"lazy\" decoding=\"async\" class=\"alignnone wp-image-36692 size-full\" src=\"https:\/\/vocesparalelas.com.ar\/sitio\/wp-content\/uploads\/2021\/04\/VAMOS-UNSJ-05.jpg\" alt=\"\" width=\"800\" height=\"533\" srcset=\"https:\/\/vocesparalelas.com.ar\/sitio\/wp-content\/uploads\/2021\/04\/VAMOS-UNSJ-05.jpg 800w, https:\/\/vocesparalelas.com.ar\/sitio\/wp-content\/uploads\/2021\/04\/VAMOS-UNSJ-05-300x200.jpg 300w, https:\/\/vocesparalelas.com.ar\/sitio\/wp-content\/uploads\/2021\/04\/VAMOS-UNSJ-05-768x512.jpg 768w\" sizes=\"auto, (max-width: 800px) 100vw, 800px\" \/><\/p>\n<p>Por ello, candidato a Rector Ing. Tadeo Berenguer anunci\u00f3 la decisi\u00f3n de la Agrupaci\u00f3n \u00abVamos UNSJ\u00bb de la f\u00f3rmula que apuesta al futuro de gesti\u00f3n de la UNSJ.<\/p>\n<p><iframe loading=\"lazy\" title=\"VAMOS UNSJ\" width=\"800\" height=\"450\" src=\"https:\/\/www.youtube.com\/embed\/0xl2jr6JF48?feature=oembed\" frameborder=\"0\" allow=\"accelerometer; autoplay; clipboard-write; encrypted-media; gyroscope; picture-in-picture\" allowfullscreen><\/iframe><\/p>\n<p>Luego expres\u00f3 su pensamiento la candidata Vicerrectora Dra. Anal\u00eda Ponce \u00a0sobre su trayectoria profesional y el camino en la Facultad de Filosof\u00eda, Humanidades y Artes de la Universidad Nacional de San Juan.<\/p>\n<p><iframe loading=\"lazy\" title=\"VAMOS UNSJ\" width=\"800\" height=\"450\" src=\"https:\/\/www.youtube.com\/embed\/1U12yMYbZ_w?feature=oembed\" frameborder=\"0\" allow=\"accelerometer; autoplay; clipboard-write; encrypted-media; gyroscope; picture-in-picture\" allowfullscreen><\/iframe><\/p>\n<p>Finalmente, cerr\u00f3 la presentaci\u00f3n de la f\u00f3rmula de de la Agrupaci\u00f3n \u00abVamos UNSJ\u00bb, para las elecciones 2021, el candidato a Rector Ing. Tadeo Berenguer, quien agradeci\u00f3 al gran desaf\u00edo.<\/p>\n<p>&nbsp;<\/p>\n<p><iframe loading=\"lazy\" title=\"VAMOS UNSJ\" width=\"800\" height=\"450\" src=\"https:\/\/www.youtube.com\/embed\/KnSUOofy6HA?feature=oembed\" frameborder=\"0\" allow=\"accelerometer; autoplay; clipboard-write; encrypted-media; gyroscope; picture-in-picture\" allowfullscreen><\/iframe><\/p>\n<p><img loading=\"lazy\" decoding=\"async\" class=\"alignnone wp-image-36689 size-full\" src=\"https:\/\/vocesparalelas.com.ar\/sitio\/wp-content\/uploads\/2021\/04\/VAMOS-UNSJ-02.jpg\" alt=\"\" width=\"800\" height=\"533\" srcset=\"https:\/\/vocesparalelas.com.ar\/sitio\/wp-content\/uploads\/2021\/04\/VAMOS-UNSJ-02.jpg 800w, https:\/\/vocesparalelas.com.ar\/sitio\/wp-content\/uploads\/2021\/04\/VAMOS-UNSJ-02-300x200.jpg 300w, https:\/\/vocesparalelas.com.ar\/sitio\/wp-content\/uploads\/2021\/04\/VAMOS-UNSJ-02-768x512.jpg 768w\" sizes=\"auto, (max-width: 800px) 100vw, 800px\" \/><\/p>\n<p><img loading=\"lazy\" decoding=\"async\" class=\"alignnone wp-image-36688 size-full\" src=\"https:\/\/vocesparalelas.com.ar\/sitio\/wp-content\/uploads\/2021\/04\/VAMOS-UNSJ-01.jpg\" alt=\"\" width=\"800\" height=\"533\" srcset=\"https:\/\/vocesparalelas.com.ar\/sitio\/wp-content\/uploads\/2021\/04\/VAMOS-UNSJ-01.jpg 800w, https:\/\/vocesparalelas.com.ar\/sitio\/wp-content\/uploads\/2021\/04\/VAMOS-UNSJ-01-300x200.jpg 300w, https:\/\/vocesparalelas.com.ar\/sitio\/wp-content\/uploads\/2021\/04\/VAMOS-UNSJ-01-768x512.jpg 768w\" sizes=\"auto, (max-width: 800px) 100vw, 800px\" \/><\/p>\n","protected":false},"excerpt":{"rendered":"<p>En el Pasaje 16 de Agosto de la Facultad de Ingenier\u00eda de la Universidad Nacional de San Juan se desarroll\u00f3<\/p>\n","protected":false},"author":3,"featured_media":36690,"comment_status":"closed","ping_status":"closed","sticky":false,"template":"","format":"video","meta":{"_acf_changed":false,"_seopress_robots_primary_cat":"none","_seopress_titles_title":"","_seopress_titles_desc":"","_seopress_robots_index":"","colormag_page_container_layout":"default_layout","colormag_page_sidebar_layout":"default_layout","footnotes":""},"categories":[10,7],"tags":[],"class_list":["post-36686","post","type-post","status-publish","format-video","has-post-thumbnail","hentry","category-opiniones","category-videos","post_format-post-format-video"],"acf":[],"_links":{"self":[{"href":"https:\/\/vocesparalelas.com.ar\/sitio\/wp-json\/wp\/v2\/posts\/36686","targetHints":{"allow":["GET"]}}],"collection":[{"href":"https:\/\/vocesparalelas.com.ar\/sitio\/wp-json\/wp\/v2\/posts"}],"about":[{"href":"https:\/\/vocesparalelas.com.ar\/sitio\/wp-json\/wp\/v2\/types\/post"}],"author":[{"embeddable":true,"href":"https:\/\/vocesparalelas.com.ar\/sitio\/wp-json\/wp\/v2\/users\/3"}],"replies":[{"embeddable":true,"href":"https:\/\/vocesparalelas.com.ar\/sitio\/wp-json\/wp\/v2\/comments?post=36686"}],"version-history":[{"count":6,"href":"https:\/\/vocesparalelas.com.ar\/sitio\/wp-json\/wp\/v2\/posts\/36686\/revisions"}],"predecessor-version":[{"id":37331,"href":"https:\/\/vocesparalelas.com.ar\/sitio\/wp-json\/wp\/v2\/posts\/36686\/revisions\/37331"}],"wp:featuredmedia":[{"embeddable":true,"href":"https:\/\/vocesparalelas.com.ar\/sitio\/wp-json\/wp\/v2\/media\/36690"}],"wp:attachment":[{"href":"https:\/\/vocesparalelas.com.ar\/sitio\/wp-json\/wp\/v2\/media?parent=36686"}],"wp:term":[{"taxonomy":"category","embeddable":true,"href":"https:\/\/vocesparalelas.com.ar\/sitio\/wp-json\/wp\/v2\/categories?post=36686"},{"taxonomy":"post_tag","embeddable":true,"href":"https:\/\/vocesparalelas.com.ar\/sitio\/wp-json\/wp\/v2\/tags?post=36686"}],"curies":[{"name":"wp","href":"https:\/\/api.w.org\/{rel}","templated":true}]}}