{"id":36669,"date":"2021-04-07T22:06:24","date_gmt":"2021-04-08T01:06:24","guid":{"rendered":"http:\/\/vocesparalelas.com.ar\/sitio\/?p=36669"},"modified":"2021-04-07T22:11:15","modified_gmt":"2021-04-08T01:11:15","slug":"ante-un-nuevo-panorama-general-sanitaria-se-reune-la-comision-del-acuerdo-san-juan","status":"publish","type":"post","link":"https:\/\/vocesparalelas.com.ar\/sitio\/ante-un-nuevo-panorama-general-sanitaria-se-reune-la-comision-del-acuerdo-san-juan\/","title":{"rendered":"Ante un nuevo panorama general sanitaria se re\u00fane la comisi\u00f3n del \u00abAcuerdo San Juan\u00bb"},"content":{"rendered":"<p>Frente a la suba de contagios en todo el pa\u00eds, el Gobierno de San Juan considera necesario trazar nuevas medidas para lograr un impacto positivo en la reducci\u00f3n de la transmisi\u00f3n del virus, evitar la saturaci\u00f3n del sistema de salud y proteger la econom\u00eda provincial.<\/p>\n<p>Ante este nuevo panorama nacional y en el marco de las medidas anunciadas por la Presidencia, en un mensaje dirigido a los sanjuaninos el primer mandatario provincial consider\u00f3 \u201cconveniente convocar a una reuni\u00f3n extraordinaria del Acuerdo San Juan\u201d, la construcci\u00f3n colectiva lograda con el aporte comprometido de todos los sectores de la sociedad sanjuanina, en una instancia de participaci\u00f3n ciudadana.<\/p>\n<p>El encuentro tiene como objetivo analizar y consensuar en ese \u00e1mbito las posibles medidas a adoptar en nuestra provincia.<\/p>\n<p>En ese sentido, el Gobernador de San Juan, Dr. Sergio U\u00f1ac se\u00f1al\u00f3 que \u201chace unos d\u00edas, en el mensaje de apertura de sesiones en la C\u00e1mara de Diputados les dije que, a pesar de los esfuerzos de toda la sociedad y de lo dif\u00edcil que fue el a\u00f1o que paso, a\u00fan no hemos superado el COVID-19. La batalla a\u00fan no ha terminado y debemos seguir luchando todos juntos y unidos\u201d.<\/p>\n<p>La convocatoria extraordinaria del Acuerdo San Juan comprende a representantes de los sectores m\u00e1s afectados.<\/p>\n<p>\u00abEntre todos, en el mismo \u00e1mbito de cooperaci\u00f3n y colaboraci\u00f3n, analizaremos las medidas de contenci\u00f3n, conforme la pol\u00edtica sanitaria que se implementar\u00eda a partir de un nuevo decreto nacional el viernes 9 de abril, d\u00eda en que vence el Decreto de Necesidad y Urgencia que extendi\u00f3 el Distanciamiento Social, Preventivo y Obligatorio y del Aislamiento Social, Preventivo y Obligatorio\u201d.<\/p>\n<p>De esta manera, el encuentro entre los representantes del ASJ se realizar\u00e1 este jueves 8 de abril a las 11 horas en el Foyer del Teatro del Bicentenario.<\/p>\n<p><iframe loading=\"lazy\" title=\"U\u00f1ac convoc\u00f3 a una reuni\u00f3n extraordinaria del Acuerdo San Juan\" width=\"800\" height=\"450\" src=\"https:\/\/www.youtube.com\/embed\/ERMMtufpTEo?feature=oembed\" frameborder=\"0\" allow=\"accelerometer; autoplay; clipboard-write; encrypted-media; gyroscope; picture-in-picture\" allowfullscreen><\/iframe><\/p>\n<p>&nbsp;<\/p>\n<p>&nbsp;<\/p>\n<p>&nbsp;<\/p>\n","protected":false},"excerpt":{"rendered":"<p>Frente a la suba de contagios en todo el pa\u00eds, el Gobierno de San Juan considera necesario trazar nuevas medidas<\/p>\n","protected":false},"author":3,"featured_media":36671,"comment_status":"closed","ping_status":"closed","sticky":false,"template":"","format":"video","meta":{"_acf_changed":false,"_seopress_robots_primary_cat":"none","_seopress_titles_title":"","_seopress_titles_desc":"","_seopress_robots_index":"","colormag_page_container_layout":"default_layout","colormag_page_sidebar_layout":"default_layout","footnotes":""},"categories":[1,7],"tags":[],"class_list":["post-36669","post","type-post","status-publish","format-video","has-post-thumbnail","hentry","category-destacadas","category-videos","post_format-post-format-video"],"acf":[],"_links":{"self":[{"href":"https:\/\/vocesparalelas.com.ar\/sitio\/wp-json\/wp\/v2\/posts\/36669","targetHints":{"allow":["GET"]}}],"collection":[{"href":"https:\/\/vocesparalelas.com.ar\/sitio\/wp-json\/wp\/v2\/posts"}],"about":[{"href":"https:\/\/vocesparalelas.com.ar\/sitio\/wp-json\/wp\/v2\/types\/post"}],"author":[{"embeddable":true,"href":"https:\/\/vocesparalelas.com.ar\/sitio\/wp-json\/wp\/v2\/users\/3"}],"replies":[{"embeddable":true,"href":"https:\/\/vocesparalelas.com.ar\/sitio\/wp-json\/wp\/v2\/comments?post=36669"}],"version-history":[{"count":1,"href":"https:\/\/vocesparalelas.com.ar\/sitio\/wp-json\/wp\/v2\/posts\/36669\/revisions"}],"predecessor-version":[{"id":36672,"href":"https:\/\/vocesparalelas.com.ar\/sitio\/wp-json\/wp\/v2\/posts\/36669\/revisions\/36672"}],"wp:featuredmedia":[{"embeddable":true,"href":"https:\/\/vocesparalelas.com.ar\/sitio\/wp-json\/wp\/v2\/media\/36671"}],"wp:attachment":[{"href":"https:\/\/vocesparalelas.com.ar\/sitio\/wp-json\/wp\/v2\/media?parent=36669"}],"wp:term":[{"taxonomy":"category","embeddable":true,"href":"https:\/\/vocesparalelas.com.ar\/sitio\/wp-json\/wp\/v2\/categories?post=36669"},{"taxonomy":"post_tag","embeddable":true,"href":"https:\/\/vocesparalelas.com.ar\/sitio\/wp-json\/wp\/v2\/tags?post=36669"}],"curies":[{"name":"wp","href":"https:\/\/api.w.org\/{rel}","templated":true}]}}