{"id":36666,"date":"2021-04-07T21:18:37","date_gmt":"2021-04-08T00:18:37","guid":{"rendered":"http:\/\/vocesparalelas.com.ar\/sitio\/?p=36666"},"modified":"2021-04-07T21:18:37","modified_gmt":"2021-04-08T00:18:37","slug":"se-reanuda-la-primera-sesion-del-periodo-ordinario-de-la-camara-de-diputados-de-san-juan","status":"publish","type":"post","link":"https:\/\/vocesparalelas.com.ar\/sitio\/se-reanuda-la-primera-sesion-del-periodo-ordinario-de-la-camara-de-diputados-de-san-juan\/","title":{"rendered":"Se reanuda la Primera Sesi\u00f3n del per\u00edodo ordinario de la C\u00e1mara de Diputados de San Juan"},"content":{"rendered":"<div class=\"itemFullText jbintrotext\">\n<p>La C\u00e1mara de Diputados de San Juan, el Jueves, 8 de Abril, a partir de las 9.30 horas, la reanudaci\u00f3n de la Primera Sesi\u00f3n del per\u00edodo ordinario, en cuyo transcurso designar\u00e1n a los legisladores y legisladoras que integrar\u00e1n las Salas Acusadoras y Juzgadora, para la tramitaci\u00f3n del Juicio Pol\u00edtico, y conformar\u00e1n la Comisi\u00f3n Investigadora de la Sala Acusadora. Asimismo, elegir\u00e1n a los miembros que representar\u00e1n al Poder Legislativo ante el Ente Provincial \u00a0Regulador de la Electricidad (EPRE).<\/p>\n<\/div>\n<div class=\"itemFullText\">\n<p><span style=\"color: #cc99ff;\"><strong>Sala Acusadora y Juzgadora<\/strong><\/span><\/p>\n<p>Los legisladores deber\u00e1n conformar las Salas Acusadora y Juzgadora, a los fines\u00a0 de la tramitaci\u00f3n del Juicio Pol\u00edtico de acuerdo al art\u00edculo 220\u00ba de la Constituci\u00f3n provincial que establece: \u201cAnualmente la C\u00e1mara en su primera sesi\u00f3n, se divide por sorteo en dos Salas, compuesta cada una por la mitad de sus miembros, a los fines de la tramitaci\u00f3n del Juicio Pol\u00edtico. En caso de que la composici\u00f3n de la C\u00e1mara fuese impar, la Sala Segunda se integra con un miembro m\u00e1s. La Sala Primera tiene a su cargo la acusaci\u00f3n, y la Sala Segunda es la encargada de juzgar. Cada Sala es presidida por un diputado elegido de su seno\u201d.<\/p>\n<p>Asimismo, deber\u00e1n nombrar a los diputados y diputadas que integrar\u00e1n la Comisi\u00f3n Investigadora de la Sala Acusadora, en cumplimiento del art\u00edculo 221\u00ba de la Constituci\u00f3n que instituye: \u201cLa Sala Acusadora nombra anualmente, en la misma sesi\u00f3n una Comisi\u00f3n de Investigaci\u00f3n de cinco miembros, no pudiendo facultar el presidente para que lo haga. Dicha Comisi\u00f3n tiene por objeto investigar la verdad de los hechos en que se funda la acusaci\u00f3n, teniendo para ese efecto, las m\u00e1s amplias facultades\u201d.<\/p>\n<p><span style=\"color: #cc99ff;\"><strong>Designaci\u00f3n de representantes del EPRE<\/strong><\/span><\/p>\n<p>Luego, el cuerpo legislativo deber\u00e1 designar a quienes representar\u00e1n a esta C\u00e1mara, ante las audiencias p\u00fablicas que sean convocadas por el EPRE.<\/p>\n<p><span style=\"color: #cc99ff;\"><strong>Versiones taquigr\u00e1ficas<\/strong><\/span><\/p>\n<p>Por \u00faltimo, los diputados tratar\u00e1n el punto cuatro del orden del d\u00eda que consiste en la aprobaci\u00f3n de la versi\u00f3n taquigr\u00e1fica correspondiente a la Primera Sesi\u00f3n Especial de fecha 17 de diciembre de 2020, Primera Sesi\u00f3n Extraordinaria, de fecha 10 de diciembre de 2020, de la 1\u00aa Reuni\u00f3n de la Sala Acusadora de fecha 18 de febrero de 2021, y Sesi\u00f3n Preparatoria de fecha 25 de marzo de 2021, conforme art\u00edculo 111 del Reglamento Interno.<\/p>\n<p><span style=\"color: #cc99ff;\"><strong>Proyectos que ser\u00e1n girados a las Comisiones<\/strong><\/span><\/p>\n<p>Los legisladores considerar\u00e1n y remitir\u00e1n para estudio y an\u00e1lisis de las respectivas comisiones, los siguientes proyectos de Ley remitidos por el Poder Ejecutivo que proponen:<\/p>\n<ul>\n<li>Ratificar el convenio entre el Ministerio de Transporte de la Naci\u00f3n y la Provincia de San Juan.<\/li>\n<li>Aprobar el contrato suscripto entre la Secretar\u00eda de Estado de Ambiente y Desarrollo Sustentable y el Municipio de Chimbas.<\/li>\n<li>Ratificar el convenio suscripto entre la Secretar\u00eda de Estado de Ambiente y Desarrollo Sustentable y el Municipio de Rivadavia.<\/li>\n<li>Aprobar el convenio de colaboraci\u00f3n y cooperaci\u00f3n suscripto entre la Secretar\u00eda de Estado de Ambiente y Desarrollo Sustentable y el Municipio de Rawson.<\/li>\n<li>Aprobar el convenio entre la Secretar\u00eda de Estado de Ambiente y Desarrollo Sustentable y el Municipio de Caucete.<\/li>\n<li>Ratificar el acuerdo de refinanciaci\u00f3n entre la Administraci\u00f3n Nacional de la Seguridad Social y la Provincia de San Juan.<\/li>\n<li>Aprobar Convenio marco suscripto entre Cannabis Medicinal San Juan Sociedad del Estado (Ca.Me San Juan SE) y el Ministerio de Obras y Servicios P\u00fablicos.<\/li>\n<li>Ratificar el Convenio de Asistencia T\u00e9cnica rec\u00edproca y el Acta Complementaria N\u00ba 1, suscripto entre la provincia de San Juan y el Instituto Nacional de Agua (INA).<\/li>\n<li>Aprobar el convenio marco de colaboraci\u00f3n suscripto entre el Ministerio de Obras y Servicios P\u00fablicos de San Juan y la Direcci\u00f3n Nacional de Migraciones.<\/li>\n<li>Ratificar en todas sus partes el acuerdo del servicio t\u00e9cnico especializado para el desarrollo sustentable del ambiente en los Altos Valles Andinos, suscripto entre la Provincia de San Juan y el Instituto Nacional de Tecnolog\u00eda Agropecuaria.<\/li>\n<li>Rendici\u00f3n de cuentas integral sobre cuarto trimestre a\u00f1o 2020.<\/li>\n<li>Rendici\u00f3n de cuentas integral sobre tercer trimestre del a\u00f1o 2020.<\/li>\n<li>Aprobar convenio celebrado entre el Ministerio de Transporte de la Naci\u00f3n y el Gobierno de la Provincia de San Juan.<\/li>\n<li>Aprobar Convenio Mutuo de Asistencia Financiera y Adhesi\u00f3n entre el Fondo Fiduciario Federal de Infraestructura Regional (FFFIR) y el Gobierno de San Juan (Proyecto T\u00fanel Zonda).<\/li>\n<li>Aprobar en todas sus partes el convenio de subvenci\u00f3n y Anexo I, suscripto entre el Ministerio de Ciencia, Tecnolog\u00eda e Innovaci\u00f3n Productiva de la Naci\u00f3n y la Secretar\u00eda de Estado de Ciencia, Tecnolog\u00eda e Innovaci\u00f3n de la provincia de San Juan.<\/li>\n<li>Ratificar el\u00a0convenio marco de cooperaci\u00f3n t\u00e9cnica suscripto entre la Secretar\u00eda de Estado de Ambiente y Desarrollo Sustentable y la Asociaci\u00f3n de criadores de psit\u00e1cidos y ornamentales.<\/li>\n<li>Aprobar el convenio de cooperaci\u00f3n y asistencia entre la Secretar\u00eda de Estado de Ambiente y Desarrollo Sustentable y el Municipio de Rivadavia.<\/li>\n<li>Ratificar el convenio marco de Asistencia y Cooperaci\u00f3n Rec\u00edproca y su acta complementaria N\u00ba 1, celebrada entre el Ministerio de las Mujeres, G\u00e9neros y Diversidad y la Provincia de San Juan.<\/li>\n<li>Aprobar el acta celebrada entre la Agencia Territorial San Juan, Ministerio de Trabajo, Empleo y Seguridad Social de la Naci\u00f3n y la Provincia de San Juan.<\/li>\n<li>Remitir informaci\u00f3n relativa a las proyecciones de presupuestos plurianuales de la provincia de San Juan.<\/li>\n<li>Aprobar en todas sus partes el convenio marco de cooperaci\u00f3n entre la Secretar\u00eda de Estado de Ciencia, Tecnolog\u00eda e Innovaci\u00f3n y la Municipalidad de la Ciudad de San Juan.<\/li>\n<li>Ratificar el convenio marco de cooperaci\u00f3n entre la Secretar\u00eda de Estado de Ciencia, Tecnolog\u00eda e Innovaci\u00f3n del Gobierno de San Juan y el Consejo Profesional de En\u00f3logos de San Juan.<\/li>\n<li>Aprobar en todas sus partes el Convenio Marco de cooperaci\u00f3n entre la Secretar\u00eda de Estado de Ciencia, Tecnolog\u00eda e Innovaci\u00f3n del Gobierno de San Juan y la Municipalidad de J\u00e1chal.<\/li>\n<li>Ratificar el convenio de colaboraci\u00f3n suscripto entre la Secretar\u00eda de Estado de Ambiente y Desarrollo Sustentable y la Minera Andina del Sol.<\/li>\n<li>Adherir a la Ley Nacional N\u00ba 26691 sobre preservaci\u00f3n, se\u00f1alizaci\u00f3n y difusi\u00f3n de sitios de memoria del terrorismo de estado.<\/li>\n<li>Aprobar un convenio y su anexo suscripto entre el Ministerio de Transporte de la Naci\u00f3n y la Provincia de San Juan.<\/li>\n<li>Adherir a la Ley Nacional N\u00ba 27592 denominada \u00abLey Yolanda\u00bb.<\/li>\n<li>Modificar la Ley N\u00ba 1800-L, que crea el Observatorio Ambiental, integrado por el Centro de Monitoreo Ambiental, la Agencia de Cambio Clim\u00e1tico y el Observatorio de Residuos S\u00f3lidos Urbanos.<\/li>\n<li>Sustituir la Ley N\u00ba 2188-I, Ley Impositiva, A\u00f1o Fiscal 2021.<\/li>\n<li>Aprobar un convenio marco \u00abPrograma Casa Propia &#8211; Construir Futuro\u00bb, suscripto entre la Secretar\u00eda de H\u00e1bitat del Ministerio de Desarrollo Territorial y H\u00e1bitat y la provincia de San Juan, en el departamento de Rivadavia.<\/li>\n<li>Ratificar un convenio marco \u00abPrograma Casa Propia &#8211; Construir Futuro\u00bb, suscripto entre la Secretar\u00eda de H\u00e1bitat del Ministerio de Desarrollo Territorial y H\u00e1bitat y la provincia de San Juan, en el departamento Pocito.<\/li>\n<\/ul>\n<p>Por otro lado, el cuerpo parlamentario enviar\u00e1 a las respectivas comisiones los proyectos de Ley presentados por los diferentes bloques que proponen:<\/p>\n<ul>\n<li>Accesibilidad electoral (Diputado Sergio Miodowsky y diputada Nancy Pic\u00f3n -bloque Producci\u00f3n y Trabajo).<\/li>\n<li>Establecer ficha limpia para las candidaturas a cargos p\u00fablicos electivos, cargos partidarios y para el ejercicio de la funci\u00f3n p\u00fablica (Diputado Andr\u00e9s Chanampa- bloque Bloquista).<\/li>\n<li>Modificar la Ley N\u00ba 1268-N implementando el sistema de boleta \u00fanica de sufragio (Interbloque: Producci\u00f3n y Trabajo, Actuar y Pro-Juntos por el Cambio).<\/li>\n<li>Adherir a la Ley Nacional N\u00ba 27592, \u00abLey Yolanda\u00bb sobre Programa de Formaci\u00f3n para agentes de cambio en desarrollo sostenible (Diputada Celina Ramella-bloque Justicialista).<\/li>\n<li>Crear el Gabinete de Asistencia Psicol\u00f3gica en el \u00e1mbito de la Polic\u00eda de la Provincia de San Juan (Diputado Sergio Miodowsky y diputada Nancy Pic\u00f3n-bloque Producci\u00f3n y Trabajo).<\/li>\n<li>Instituir el r\u00e9gimen de asistencia material y desarrollo humano a v\u00edctimas de violencia de g\u00e9nero (Diputado Sergio Miodowsky y diputada Nancy Pic\u00f3n-bloque Producci\u00f3n y Trabajo).<\/li>\n<li>Crear al boleto estudiantil gratuito para ser utilizado en el servicio p\u00fablico de transporte (Diputado Gustavo Us\u00edn-bloque Actuar).<\/li>\n<li>Modificar la Ley N\u00ba 411-F de Patrimonio Cultural y Monumentos Hist\u00f3ricos &#8211; Ley Tem\u00e1tica (Diputada Celina Ramella- bloque Justicialista).<\/li>\n<li>Crea el Registro P\u00fablico de personas vacunadas COVID-19 (Interbloque: Pro-Juntos por el Cambio, Actuar y Producci\u00f3n y Trabajo).<\/li>\n<li>Establecer porcentajes de mano de obra local comunitaria y de proveedores de servicios mineros locales y determinaci\u00f3n de los estatus de zona de influencia del emprendimiento minero Jos\u00e9 Mar\u00eda (Diputado Enrique Monta\u00f1o-bloque San Juan Primero).<\/li>\n<li>Adherir a la Ley Nacional N\u00ba 27.505 de promesa de lealtad a la Constituci\u00f3n Nacional (Diputada Fernanda Paredes- bloque Justicialista).<\/li>\n<li>Adherir a la Ley Nacional N\u00ba 27.590 sobre Programa de Concientizaci\u00f3n del Grooming o ciberacoso contra ni\u00f1as, ni\u00f1os y adolescentes (Diputado Gast\u00f3n Berenguer-bloque Justicialista).<\/li>\n<li>Crear el r\u00e9gimen especial de pr\u00e1cticas de formaci\u00f3n para el empleo (Diputado Enzo Cornejo-bloque PRO-Juntos por el Cambio).<\/li>\n<li>Consolidaci\u00f3n anual legislativa del periodo 2020, conforme Ley N\u00b0 1260-E, art\u00edculo 18 (Comisi\u00f3n Permanente).<\/li>\n<li>Modificar la Ley N\u00ba 196-A, de creaci\u00f3n y regulaci\u00f3n del Instituto Provincial de la Vivienda (Diputado Sergio Miodowsky y diputada Nancy Pic\u00f3n-bloque Producci\u00f3n y Trabajo).<\/li>\n<li>Establecer el d\u00eda 15 de enero de cada a\u00f1o como \u00abD\u00eda Provincial de la Prevenci\u00f3n S\u00edsmica en la Provincia de San Juan\u00bb (Diputado Gast\u00f3n Berenguer- bloque Justicialista).<\/li>\n<li>Promover medidas para intervenir en contingencias s\u00edsmicas, clim\u00e1ticas y antr\u00f3picas para la construcci\u00f3n del h\u00e1bitat en la provincia de San Juan (Diputada Graciela Seva y diputados Leonardo Gioja y Juan Carlos Gioja-bloque Justicialista).<\/li>\n<\/ul>\n<p>Asimismo, ingresar\u00e1 para el tratamiento en comisiones, los siguientes proyectos de Resoluci\u00f3n que proponen declarar de inter\u00e9s:<\/p>\n<ul>\n<li>\u201cSocial y cultural\u201d la llegada e instalaci\u00f3n de una r\u00e9plica de la Virgen de Lujan que estuvo en el conflicto del Atl\u00e1ntico Sur en el a\u00f1o 1982 (Diputado Leonardo Gioja-bloque Justicialista).<\/li>\n<li>\u201cSocial y educativo\u201d la implementaci\u00f3n del Programa \u00abPromotoras Barriales para la prevenci\u00f3n de violencia de g\u00e9nero y el Registro Municipal de Promotoras territoriales de g\u00e9nero y diversidad\u00bb (Diputada Graciela Seva y diputados Leonardo Gioja y Juan Carlos Gioja-bloque Justicialista).<\/li>\n<li>\u201cSocial y cultural la muestra fotogr\u00e1fica \u00abIngravitto\u00bb a cargo del fot\u00f3grafo profesional Mariano de Vecchis (Diputado Andr\u00e9s Chanampa-bloque Bloquista).<\/li>\n<\/ul>\n<p>Y tambi\u00e9n, un proyecto de Resoluci\u00f3n remitido por el bloque Justicialista (diputada Graciela Seva) que proponen modificar el Cap\u00edtulo VI de la Comisiones del Reglamento Interno de la C\u00e1mara de Diputados.<\/p>\n<p>Adem\u00e1s, enviar\u00e1n para su estudio y an\u00e1lisis en las respectivas comisiones a los siguientes proyectos de Comunicaci\u00f3n que solicitan al Poder Ejecutivo:<\/p>\n<ul>\n<li>Informe sobra vacunaci\u00f3n COVID-19 (Diputado Enzo Cornejo-bloque Pro-Juntos por el Cambio).<\/li>\n<li>Instale una garita o puesto policial para el distrito de Colonia Fiscal, departamento Sarmiento (Diputado Federico Hensel-bloque Justicialista).<\/li>\n<li>Instale diez c\u00e1maras de video vigilancia tipo domo 360\u00ba en el Departamento de Iglesias (Diputado Enrique Monta\u00f1o-bloque San Juan Primero).<\/li>\n<li>Ampliaci\u00f3n y refacci\u00f3n del edificio de la Escuela Ingeniero F\u00e9lix Aguilar- Jorge Luis Bates-Cens H\u00e9roes de Malvinas, ubicado en Media Agua, departamento Sarmiento (Diputado Federico Hensel-bloque Justicialista).<\/li>\n<li>Relocalizaci\u00f3n del Molino de Bentonita emplazado en el departamento Calingasta (Diputado Mario Romero-bloque Justicialista).<\/li>\n<\/ul>\n<p>Y por \u00faltimo, ingresar\u00e1 a comisiones un proyecto de Declaraci\u00f3n presentado por el bloque PRO-Juntos por el Cambio (Diputado Enzo Cornejo), por el que se declara esencial la actividad f\u00edsica y el deporte.<\/p>\n<\/div>\n<p>&nbsp;<\/p>\n<p>&nbsp;<\/p>\n","protected":false},"excerpt":{"rendered":"<p>La C\u00e1mara de Diputados de San Juan, el Jueves, 8 de Abril, a partir de las 9.30 horas, la reanudaci\u00f3n<\/p>\n","protected":false},"author":3,"featured_media":24189,"comment_status":"closed","ping_status":"closed","sticky":false,"template":"","format":"standard","meta":{"_acf_changed":false,"_seopress_robots_primary_cat":"none","_seopress_titles_title":"","_seopress_titles_desc":"","_seopress_robots_index":"","colormag_page_container_layout":"default_layout","colormag_page_sidebar_layout":"default_layout","footnotes":""},"categories":[1],"tags":[],"class_list":["post-36666","post","type-post","status-publish","format-standard","has-post-thumbnail","hentry","category-destacadas"],"acf":[],"_links":{"self":[{"href":"https:\/\/vocesparalelas.com.ar\/sitio\/wp-json\/wp\/v2\/posts\/36666","targetHints":{"allow":["GET"]}}],"collection":[{"href":"https:\/\/vocesparalelas.com.ar\/sitio\/wp-json\/wp\/v2\/posts"}],"about":[{"href":"https:\/\/vocesparalelas.com.ar\/sitio\/wp-json\/wp\/v2\/types\/post"}],"author":[{"embeddable":true,"href":"https:\/\/vocesparalelas.com.ar\/sitio\/wp-json\/wp\/v2\/users\/3"}],"replies":[{"embeddable":true,"href":"https:\/\/vocesparalelas.com.ar\/sitio\/wp-json\/wp\/v2\/comments?post=36666"}],"version-history":[{"count":1,"href":"https:\/\/vocesparalelas.com.ar\/sitio\/wp-json\/wp\/v2\/posts\/36666\/revisions"}],"predecessor-version":[{"id":36668,"href":"https:\/\/vocesparalelas.com.ar\/sitio\/wp-json\/wp\/v2\/posts\/36666\/revisions\/36668"}],"wp:featuredmedia":[{"embeddable":true,"href":"https:\/\/vocesparalelas.com.ar\/sitio\/wp-json\/wp\/v2\/media\/24189"}],"wp:attachment":[{"href":"https:\/\/vocesparalelas.com.ar\/sitio\/wp-json\/wp\/v2\/media?parent=36666"}],"wp:term":[{"taxonomy":"category","embeddable":true,"href":"https:\/\/vocesparalelas.com.ar\/sitio\/wp-json\/wp\/v2\/categories?post=36666"},{"taxonomy":"post_tag","embeddable":true,"href":"https:\/\/vocesparalelas.com.ar\/sitio\/wp-json\/wp\/v2\/tags?post=36666"}],"curies":[{"name":"wp","href":"https:\/\/api.w.org\/{rel}","templated":true}]}}