{"id":36661,"date":"2021-04-07T21:06:54","date_gmt":"2021-04-08T00:06:54","guid":{"rendered":"http:\/\/vocesparalelas.com.ar\/sitio\/?p=36661"},"modified":"2021-04-09T00:17:13","modified_gmt":"2021-04-09T03:17:13","slug":"inscripcion-complementaria-para-interinatos-y-suplencias-2021-para-el-nivel-primario","status":"publish","type":"post","link":"https:\/\/vocesparalelas.com.ar\/sitio\/inscripcion-complementaria-para-interinatos-y-suplencias-2021-para-el-nivel-primario\/","title":{"rendered":"Inscripci\u00f3n complementaria para Interinatos y Suplencias 2021 para el Nivel Primario"},"content":{"rendered":"<p>La Junta de Clasificaci\u00f3n Docente Rama Primaria informa a los docentes, que desde el 12 al 30 de abril pueden solicitar turnos online ingresando al sitio del Ministerio de Educaci\u00f3n<\/p>\n<p><a href=\"http:\/\/http\/\/educaci\u00f3n.sanjuan.gob.ar\">http:\/\/http\/\/educaci\u00f3n.sanjuan.gob.ar<\/a><\/p>\n<p>para la inscripci\u00f3n a Interinatos y Suplencias A\u00f1o 2021 en todas las especialidades. La convocatoria es \u00fanicamente para aspirantes que se recibieron hasta el 31 de marzo del 2021 y docentes que estuvieron fuera de la provincia durante el periodo de inscripci\u00f3n ordinaria 2020, ajust\u00e1ndose al siguiente cronograma:<\/p>\n<ul>\n<li><span style=\"color: #99cc00;\"><strong>Solicitud de turnos e inscripci\u00f3n<\/strong>:<\/span> 12 al 30 de abril<\/li>\n<li><span style=\"color: #99cc00;\"><strong>Valoraci\u00f3n y Notificaci\u00f3n presencial<\/strong>:<\/span> de acuerdo con el turno solicitado a partir del 3\/05 al 31\/05<\/li>\n<li><span style=\"color: #99cc00;\"><strong>Apelaci\u00f3n<\/strong>:<\/span> comenzar\u00e1 a partir del d\u00eda siguiente de la fecha de notificaci\u00f3n, por un plazo de 10 (diez) d\u00edas h\u00e1biles.<\/li>\n<\/ul>\n<p>Al momento de la Valoraci\u00f3n y Notificaci\u00f3n, en la fecha y hora que consten en el turno concedido, el docente debe acudir bajo estricto protocolo sanitario preventivo a la sede de calle Tucum\u00e1n 75 norte, munido de la siguiente documentaci\u00f3n:<\/p>\n<ul>\n<li>Ficha de inscripci\u00f3n donde figure constancia de turno (emitida al momento de sacar turno y concluir el tr\u00e1mite del mismo)<\/li>\n<li>Una carpeta no colgante.<\/li>\n<li>DNI o tirilla de inicio de tr\u00e1mite otorgada por la Oficina del Registro Civil.<\/li>\n<li>Fotocopia de DNI legalizada o tirilla de constancia de tr\u00e1mite (cara y reverso)<\/li>\n<li>Fotocopia del t\u00edtulo secundario registrado y legalizado por la Oficina de Registro de T\u00edtulos del Ministerio de Educaci\u00f3n.<\/li>\n<li>Fotocopia del t\u00edtulo del cargo al que aspira legalizado por la oficina de t\u00edtulos del Ministerio de Educaci\u00f3n, o certificado donde conste que ha aprobado y culminado la carrera.<\/li>\n<li>Fotocopia legalizada por la oficina de registro de t\u00edtulos del Ministerio de Educaci\u00f3n de: cursos, jornadas y talleres.<\/li>\n<li>Declaraci\u00f3n Jurada de Cargos que ser\u00e1 otorgada por la Oficina de Personal Docente del Ministerio de Educaci\u00f3n.<\/li>\n<\/ul>\n<p><strong><span style=\"color: #99cc00;\">Para tener en cuenta<\/span><\/strong><\/p>\n<p>En la Declaraci\u00f3n Jurada de Cargos debe constar si posee cargos docentes de gesti\u00f3n estatal o privada y\/o administraci\u00f3n p\u00fablica (municipalidad, centros de salud, etc.).<\/p>\n<p>Quienes se inscriban para los departamentos de J\u00e1chal, Iglesia, Valle F\u00e9rtil y Calingasta deben presentar Declaraci\u00f3n Jurada de residencia firmada por el docente.<\/p>\n<p>&nbsp;<\/p>\n<p>&nbsp;<\/p>\n","protected":false},"excerpt":{"rendered":"<p>La Junta de Clasificaci\u00f3n Docente Rama Primaria informa a los docentes, que desde el 12 al 30 de abril pueden<\/p>\n","protected":false},"author":3,"featured_media":5000,"comment_status":"closed","ping_status":"closed","sticky":false,"template":"","format":"standard","meta":{"_acf_changed":false,"_seopress_robots_primary_cat":"none","_seopress_titles_title":"","_seopress_titles_desc":"","_seopress_robots_index":"","colormag_page_container_layout":"default_layout","colormag_page_sidebar_layout":"default_layout","footnotes":""},"categories":[5],"tags":[],"class_list":["post-36661","post","type-post","status-publish","format-standard","has-post-thumbnail","hentry","category-ofrecimientos"],"acf":[],"_links":{"self":[{"href":"https:\/\/vocesparalelas.com.ar\/sitio\/wp-json\/wp\/v2\/posts\/36661","targetHints":{"allow":["GET"]}}],"collection":[{"href":"https:\/\/vocesparalelas.com.ar\/sitio\/wp-json\/wp\/v2\/posts"}],"about":[{"href":"https:\/\/vocesparalelas.com.ar\/sitio\/wp-json\/wp\/v2\/types\/post"}],"author":[{"embeddable":true,"href":"https:\/\/vocesparalelas.com.ar\/sitio\/wp-json\/wp\/v2\/users\/3"}],"replies":[{"embeddable":true,"href":"https:\/\/vocesparalelas.com.ar\/sitio\/wp-json\/wp\/v2\/comments?post=36661"}],"version-history":[{"count":1,"href":"https:\/\/vocesparalelas.com.ar\/sitio\/wp-json\/wp\/v2\/posts\/36661\/revisions"}],"predecessor-version":[{"id":36663,"href":"https:\/\/vocesparalelas.com.ar\/sitio\/wp-json\/wp\/v2\/posts\/36661\/revisions\/36663"}],"wp:featuredmedia":[{"embeddable":true,"href":"https:\/\/vocesparalelas.com.ar\/sitio\/wp-json\/wp\/v2\/media\/5000"}],"wp:attachment":[{"href":"https:\/\/vocesparalelas.com.ar\/sitio\/wp-json\/wp\/v2\/media?parent=36661"}],"wp:term":[{"taxonomy":"category","embeddable":true,"href":"https:\/\/vocesparalelas.com.ar\/sitio\/wp-json\/wp\/v2\/categories?post=36661"},{"taxonomy":"post_tag","embeddable":true,"href":"https:\/\/vocesparalelas.com.ar\/sitio\/wp-json\/wp\/v2\/tags?post=36661"}],"curies":[{"name":"wp","href":"https:\/\/api.w.org\/{rel}","templated":true}]}}