{"id":36646,"date":"2021-04-07T01:12:20","date_gmt":"2021-04-07T04:12:20","guid":{"rendered":"http:\/\/vocesparalelas.com.ar\/sitio\/?p=36646"},"modified":"2021-04-07T01:12:20","modified_gmt":"2021-04-07T04:12:20","slug":"analizaron-el-nuevo-regimen-de-fomento-a-las-inversiones-que-beneficiara-a-san-juan","status":"publish","type":"post","link":"https:\/\/vocesparalelas.com.ar\/sitio\/analizaron-el-nuevo-regimen-de-fomento-a-las-inversiones-que-beneficiara-a-san-juan\/","title":{"rendered":"Analizaron el nuevo r\u00e9gimen de fomento a las inversiones que beneficiar\u00e1 a San Juan"},"content":{"rendered":"<p>El gobernador de San Juan, Dr. Sergio U\u00f1ac, mantuvo una reuni\u00f3n de trabajo con el ministro de Desarrollo Productivo de la Naci\u00f3n, Dr. Mat\u00edas Kulfas y el secretario de Miner\u00eda, Dr. Alberto Hensel, para dialogar sobre diversos temas, entre ellos, el nuevo r\u00e9gimen de fomento a las inversiones que prev\u00e9 que las empresas de los sectores foresto-industriales, mineros, agroindustriales, hidrocarbur\u00edferos y de industrias manufactureras que inviertan 100 millones de d\u00f3lares o m\u00e1s podr\u00e1n disponer del 20% de las divisas obtenidas en las exportaciones vinculadas a las nuevas inversiones por hasta un m\u00e1ximo anual equivalente al 25% del monto bruto de divisas ingresadas en el Mercado Libre de Cambio para financiar el desarrollo de los proyectos.<\/p>\n<p>Al respecto, el mandatario sanjuanino se manifest\u00f3 a favor de la nueva medida para que Argentina cuente con una herramienta que producir\u00e1 inversiones reales, con inversi\u00f3n productiva genuina, que genere mano de obra y beneficie a las econom\u00edas regionales para generar trabajo, inversi\u00f3n y producci\u00f3n.<\/p>\n<p>\u201cSe trata de una medida m\u00e1s que importante, teniendo en cuenta que la oferta de proyectos para recibir inversi\u00f3n es muy amplia en todo el mundo, y en esa l\u00ednea la Rep\u00fablica Argentina, mediante este decreto, queda en el orden de competitividad a nivel internacional, y como proyecto, que la provincia de San Juan presenta de manera tangible y de manera directa, en el \u00e1mbito minero, es Josemar\u00eda, el proyecto de cobre y oro que viene a sumar al desarrollo productivo de San Juan y tambi\u00e9n del pa\u00eds\u201d, afirm\u00f3.<\/p>\n<p>Sobre el proyecto minero que demandar\u00e1 una inversi\u00f3n de m\u00e1s de 3.000 millones de d\u00f3lares, U\u00f1ac indic\u00f3 que \u201cesta iniciativa podr\u00eda inaugurar una nueva era del cobre en el pa\u00eds\u201d.<\/p>\n<p>El gobernador de San Juan ratific\u00f3 que \u201ceste r\u00e9gimen da tranquilidad de que es posible crecer con cada una de las regiones de Argentina donde est\u00e9n generadas las condiciones de seguridad. No hay mayor posibilidad de crecimiento econ\u00f3mico si no planteamos el desarrollo de trabajo genuino\u201d.<\/p>\n<p>\u201cEs muy importante para todos los sectores de la econom\u00eda nacional contar con una herramienta de estas caracter\u00edsticas, que se convierte en un llamado seguro de atracci\u00f3n de inversiones\u201d, finaliz\u00f3 el gobernador sanjuanino.<\/p>\n<p><strong><span style=\"color: #99cc00;\">Sobre el r\u00e9gimen de fomento a las inversiones<\/span><\/strong><\/p>\n<p>Dicho r\u00e9gimen tiene como objetivo central ofrecer previsibilidad a las empresas para el repago de grandes inversiones de USD 100 millones o m\u00e1s, vinculadas a actividades primarias e industriales que generen aumentos en las exportaciones.<\/p>\n<p>La medida consiste en una adaptaci\u00f3n del esquema de controles de capitales de modo de favorecer las inversiones en la econom\u00eda real, mientras se desalientan los movimientos de capitales de corto plazo y de tipos especulativos que generan inestabilidad cambiaria.<\/p>\n<p>Tiene como objetivo transitar hacia un esquema de regulaciones que facilite las inversiones en la econom\u00eda real y desaliente los movimientos de capitales especulativos de corto plazo.<\/p>\n<p>&nbsp;<\/p>\n<p>&nbsp;<\/p>\n","protected":false},"excerpt":{"rendered":"<p>El gobernador de San Juan, Dr. Sergio U\u00f1ac, mantuvo una reuni\u00f3n de trabajo con el ministro de Desarrollo Productivo de<\/p>\n","protected":false},"author":3,"featured_media":36648,"comment_status":"closed","ping_status":"closed","sticky":false,"template":"","format":"standard","meta":{"_acf_changed":false,"_seopress_robots_primary_cat":"none","_seopress_titles_title":"","_seopress_titles_desc":"","_seopress_robots_index":"","colormag_page_container_layout":"default_layout","colormag_page_sidebar_layout":"default_layout","footnotes":""},"categories":[1],"tags":[],"class_list":["post-36646","post","type-post","status-publish","format-standard","has-post-thumbnail","hentry","category-destacadas"],"acf":[],"_links":{"self":[{"href":"https:\/\/vocesparalelas.com.ar\/sitio\/wp-json\/wp\/v2\/posts\/36646","targetHints":{"allow":["GET"]}}],"collection":[{"href":"https:\/\/vocesparalelas.com.ar\/sitio\/wp-json\/wp\/v2\/posts"}],"about":[{"href":"https:\/\/vocesparalelas.com.ar\/sitio\/wp-json\/wp\/v2\/types\/post"}],"author":[{"embeddable":true,"href":"https:\/\/vocesparalelas.com.ar\/sitio\/wp-json\/wp\/v2\/users\/3"}],"replies":[{"embeddable":true,"href":"https:\/\/vocesparalelas.com.ar\/sitio\/wp-json\/wp\/v2\/comments?post=36646"}],"version-history":[{"count":1,"href":"https:\/\/vocesparalelas.com.ar\/sitio\/wp-json\/wp\/v2\/posts\/36646\/revisions"}],"predecessor-version":[{"id":36649,"href":"https:\/\/vocesparalelas.com.ar\/sitio\/wp-json\/wp\/v2\/posts\/36646\/revisions\/36649"}],"wp:featuredmedia":[{"embeddable":true,"href":"https:\/\/vocesparalelas.com.ar\/sitio\/wp-json\/wp\/v2\/media\/36648"}],"wp:attachment":[{"href":"https:\/\/vocesparalelas.com.ar\/sitio\/wp-json\/wp\/v2\/media?parent=36646"}],"wp:term":[{"taxonomy":"category","embeddable":true,"href":"https:\/\/vocesparalelas.com.ar\/sitio\/wp-json\/wp\/v2\/categories?post=36646"},{"taxonomy":"post_tag","embeddable":true,"href":"https:\/\/vocesparalelas.com.ar\/sitio\/wp-json\/wp\/v2\/tags?post=36646"}],"curies":[{"name":"wp","href":"https:\/\/api.w.org\/{rel}","templated":true}]}}