{"id":36631,"date":"2021-04-07T00:42:13","date_gmt":"2021-04-07T03:42:13","guid":{"rendered":"http:\/\/vocesparalelas.com.ar\/sitio\/?p=36631"},"modified":"2021-04-08T00:15:49","modified_gmt":"2021-04-08T03:15:49","slug":"llamado-a-concurso-publico-para-director-del-irpha","status":"publish","type":"post","link":"https:\/\/vocesparalelas.com.ar\/sitio\/llamado-a-concurso-publico-para-director-del-irpha\/","title":{"rendered":"Llamado a Concurso P\u00fablico para Director del IRPHa"},"content":{"rendered":"<p>La Secretar\u00eda de Investigaci\u00f3n y Creaci\u00f3n de la FAUD informa qu\u00e9 el Consejo Nacional de Investigaciones Cient\u00edficas y T\u00e9cnicas y la Universidad Nacional de San Juan llaman a concurso p\u00fablico para la selecci\u00f3n de director regular de la siguiente unidad ejecutora de doble dependencia: Instituto Regional de Planeamiento y H\u00e1bitat (IRPHA).<\/p>\n<p><strong>Inscripci\u00f3n del 5 de abril de 2021 al 7 de mayo de 2021.<\/strong><\/p>\n<p>Consultas sobre reglamento, perfil, jurados y t\u00e9rminos de referencia en\u00a0<a href=\"https:\/\/convocatorias.conicet.gov.ar\/director-ue\/\" target=\"_blank\" rel=\"noopener noreferrer\">www.convocatorias.conicet.gov.ar<\/a><\/p>\n<p>Correo electr\u00f3nico:\u00a0<a href=\"concurso-ue@conicet.gov.ar\">concurso-ue@conicet.gov.ar<\/a><\/p>\n<p>Tel\u00e9fonos: (011) 4899-5400-\u00a0Int. 2839\/2841\/2845\/2847<\/p>\n<p><strong>UNSJ\u00a0<\/strong><a href=\"http:\/\/www.unsj.edu.ar\/\" target=\"_blank\" rel=\"noopener noreferrer\">www.unsj.edu.ar<\/a><\/p>\n<p>Correo electr\u00f3nico: secyt@unsj.edu.ar<\/p>\n<p>Tel\u00e9fonos: (0264) 429-5021<\/p>\n<p><em>En atenci\u00f3n a la situaci\u00f3n excepcional por la pandemia de COVID-19, solo se recibir\u00e1n las presentaciones electr\u00f3nicas a trav\u00e9s de los correos mencionados arriba.<\/em><\/p>\n<p>Archivos:<\/p>\n<p><a href=\"https:\/\/vocesparalelas.com.ar\/sitio\/wp-content\/uploads\/2021\/04\/REGLA_CONC_5417_058.pdf\">REGLA_CONC_5417_058<\/a><\/p>\n<p><a href=\"https:\/\/vocesparalelas.com.ar\/sitio\/wp-content\/uploads\/2021\/04\/TERMINOS_DE_REFERENCIA_IRPHA_5417_158.pdf\">TERMINOS_DE_REFERENCIA_IRPHA_5417_158<\/a><\/p>\n<p><a href=\"https:\/\/vocesparalelas.com.ar\/sitio\/wp-content\/uploads\/2021\/04\/JURADOS_IRPHA_5417_258.pdf\">JURADOS_IRPHA_5417_258<\/a><\/p>\n<p><a href=\"https:\/\/vocesparalelas.com.ar\/sitio\/wp-content\/uploads\/2021\/04\/PERFIL_IRPHA_5417_358.pdf\">PERFIL_IRPHA_5417_358<\/a><\/p>\n<p><img loading=\"lazy\" decoding=\"async\" class=\"alignnone wp-image-24036 size-large\" src=\"https:\/\/vocesparalelas.com.ar\/sitio\/wp-content\/uploads\/2019\/10\/FAUD-EDIFICIO-BANDERA-01-800x528.jpg\" alt=\"\" width=\"800\" height=\"528\" srcset=\"https:\/\/vocesparalelas.com.ar\/sitio\/wp-content\/uploads\/2019\/10\/FAUD-EDIFICIO-BANDERA-01.jpg 800w, https:\/\/vocesparalelas.com.ar\/sitio\/wp-content\/uploads\/2019\/10\/FAUD-EDIFICIO-BANDERA-01-300x198.jpg 300w, https:\/\/vocesparalelas.com.ar\/sitio\/wp-content\/uploads\/2019\/10\/FAUD-EDIFICIO-BANDERA-01-768x507.jpg 768w\" sizes=\"auto, (max-width: 800px) 100vw, 800px\" \/><\/p>\n","protected":false},"excerpt":{"rendered":"<p>La Secretar\u00eda de Investigaci\u00f3n y Creaci\u00f3n de la FAUD informa qu\u00e9 el Consejo Nacional de Investigaciones Cient\u00edficas y T\u00e9cnicas y<\/p>\n","protected":false},"author":3,"featured_media":36637,"comment_status":"closed","ping_status":"closed","sticky":false,"template":"","format":"standard","meta":{"_acf_changed":false,"_seopress_robots_primary_cat":"none","_seopress_titles_title":"","_seopress_titles_desc":"","_seopress_robots_index":"","colormag_page_container_layout":"default_layout","colormag_page_sidebar_layout":"default_layout","footnotes":""},"categories":[8],"tags":[],"class_list":["post-36631","post","type-post","status-publish","format-standard","has-post-thumbnail","hentry","category-concursos"],"acf":[],"_links":{"self":[{"href":"https:\/\/vocesparalelas.com.ar\/sitio\/wp-json\/wp\/v2\/posts\/36631","targetHints":{"allow":["GET"]}}],"collection":[{"href":"https:\/\/vocesparalelas.com.ar\/sitio\/wp-json\/wp\/v2\/posts"}],"about":[{"href":"https:\/\/vocesparalelas.com.ar\/sitio\/wp-json\/wp\/v2\/types\/post"}],"author":[{"embeddable":true,"href":"https:\/\/vocesparalelas.com.ar\/sitio\/wp-json\/wp\/v2\/users\/3"}],"replies":[{"embeddable":true,"href":"https:\/\/vocesparalelas.com.ar\/sitio\/wp-json\/wp\/v2\/comments?post=36631"}],"version-history":[{"count":1,"href":"https:\/\/vocesparalelas.com.ar\/sitio\/wp-json\/wp\/v2\/posts\/36631\/revisions"}],"predecessor-version":[{"id":36638,"href":"https:\/\/vocesparalelas.com.ar\/sitio\/wp-json\/wp\/v2\/posts\/36631\/revisions\/36638"}],"wp:featuredmedia":[{"embeddable":true,"href":"https:\/\/vocesparalelas.com.ar\/sitio\/wp-json\/wp\/v2\/media\/36637"}],"wp:attachment":[{"href":"https:\/\/vocesparalelas.com.ar\/sitio\/wp-json\/wp\/v2\/media?parent=36631"}],"wp:term":[{"taxonomy":"category","embeddable":true,"href":"https:\/\/vocesparalelas.com.ar\/sitio\/wp-json\/wp\/v2\/categories?post=36631"},{"taxonomy":"post_tag","embeddable":true,"href":"https:\/\/vocesparalelas.com.ar\/sitio\/wp-json\/wp\/v2\/tags?post=36631"}],"curies":[{"name":"wp","href":"https:\/\/api.w.org\/{rel}","templated":true}]}}