{"id":36624,"date":"2021-04-06T23:56:32","date_gmt":"2021-04-07T02:56:32","guid":{"rendered":"http:\/\/vocesparalelas.com.ar\/sitio\/?p=36624"},"modified":"2021-04-07T22:39:37","modified_gmt":"2021-04-08T01:39:37","slug":"los-adultos-mayores-de-80-anos-pueden-vacunarse-sin-turno-previo","status":"publish","type":"post","link":"https:\/\/vocesparalelas.com.ar\/sitio\/los-adultos-mayores-de-80-anos-pueden-vacunarse-sin-turno-previo\/","title":{"rendered":"Los adultos mayores de 80 a\u00f1os pueden vacunarse sin turno previo"},"content":{"rendered":"<p>Con motivo de finalizar la inmunizaci\u00f3n de los mayores de 80 a\u00f1os en la provincia, las autoridades de Salud P\u00fablica han decidido que este grupo etario, exclusivamente, se dirija a la sede de vacunaci\u00f3n correspondiente a su domicilio para la administraci\u00f3n de la vacuna contra el COVID-19.<\/p>\n<p>Es importante resaltar que la convocatoria es para aquellas personas mayores de 80 a\u00f1os que no se pudieron inscribir en la p\u00e1gina o que tuvieron alg\u00fan inconveniente para asistir a la vacunaci\u00f3n o para recibir el mensaje de texto con la confirmaci\u00f3n del turno, para que se dirijan a los centros de vacunaci\u00f3n de cada departamento que abajo se detallan.<\/p>\n<p>Asimismo, se informa que no olviden llevar el DNI, asistir con un acompa\u00f1ante y mantener las medidas de prevenci\u00f3n como es el uso de tapaboca, la higiene de manos con alcohol en gel y respetar la distancia social.<\/p>\n<p>Salud prev\u00e9 de esta manera completar la primera dosis de la vacunaci\u00f3n a un grupo altamente vulnerable al virus, y continuar con los dem\u00e1s grupos de riesgo.<\/p>\n<p><strong><span style=\"color: #ff0000;\">Los centros de vacunaci\u00f3n<\/span><\/strong><\/p>\n<ul>\n<li>Albard\u00f3n: CIC La Laja.<\/li>\n<li>Angaco: Uni\u00f3n Vecinal Villa El Salvador.<\/li>\n<li>Calingasta: Uni\u00f3n Vecinal Villa Calingasta \u2013 Barreal: Polideportivo Barreal.<\/li>\n<li>Capital: Polideportivo Escuela San Mart\u00edn.<\/li>\n<li>Caucete: Sal\u00f3n San Isidro.<\/li>\n<li>Chimbas: Parque de Chimbas.<\/li>\n<li>Iglesia: Polideportivo Municipal de Rodeo.<\/li>\n<li>J\u00e1chal: Teatro del Bicentenario.<\/li>\n<li>9 de Julio: Centro de Jubilados.<\/li>\n<li>Pocito: Sal\u00f3n La Posta (Mendoza entre calles 10 y 11).<\/li>\n<li>Rawson: Teatro Kummel.<\/li>\n<li>Rivadavia: Complejo Islas Malvinas, CUIM, Facultad de Ciencias Sociales. UNSJ<\/li>\n<li>San Mart\u00edn: Estadio Marta Orellana.<\/li>\n<li>Santa Luc\u00eda: Uni\u00f3n Vecinal Santa Luc\u00eda Centro.<\/li>\n<li>Sarmiento: Centro Cultural.<\/li>\n<li>Ullum: CIC Ullum.<\/li>\n<li>Valle F\u00e9rtil: Sal\u00f3n Cultural.<\/li>\n<li>25 de Mayo: CIC Santa Rosa<\/li>\n<li>Zonda: Sal\u00f3n de Eventos del Centro de Jubilados.<\/li>\n<\/ul>\n","protected":false},"excerpt":{"rendered":"<p>Con motivo de finalizar la inmunizaci\u00f3n de los mayores de 80 a\u00f1os en la provincia, las autoridades de Salud P\u00fablica<\/p>\n","protected":false},"author":3,"featured_media":35394,"comment_status":"closed","ping_status":"closed","sticky":false,"template":"","format":"standard","meta":{"_acf_changed":false,"_seopress_robots_primary_cat":"none","_seopress_titles_title":"","_seopress_titles_desc":"","_seopress_robots_index":"","colormag_page_container_layout":"default_layout","colormag_page_sidebar_layout":"default_layout","footnotes":""},"categories":[6],"tags":[],"class_list":["post-36624","post","type-post","status-publish","format-standard","has-post-thumbnail","hentry","category-eventos"],"acf":[],"_links":{"self":[{"href":"https:\/\/vocesparalelas.com.ar\/sitio\/wp-json\/wp\/v2\/posts\/36624","targetHints":{"allow":["GET"]}}],"collection":[{"href":"https:\/\/vocesparalelas.com.ar\/sitio\/wp-json\/wp\/v2\/posts"}],"about":[{"href":"https:\/\/vocesparalelas.com.ar\/sitio\/wp-json\/wp\/v2\/types\/post"}],"author":[{"embeddable":true,"href":"https:\/\/vocesparalelas.com.ar\/sitio\/wp-json\/wp\/v2\/users\/3"}],"replies":[{"embeddable":true,"href":"https:\/\/vocesparalelas.com.ar\/sitio\/wp-json\/wp\/v2\/comments?post=36624"}],"version-history":[{"count":1,"href":"https:\/\/vocesparalelas.com.ar\/sitio\/wp-json\/wp\/v2\/posts\/36624\/revisions"}],"predecessor-version":[{"id":36626,"href":"https:\/\/vocesparalelas.com.ar\/sitio\/wp-json\/wp\/v2\/posts\/36624\/revisions\/36626"}],"wp:featuredmedia":[{"embeddable":true,"href":"https:\/\/vocesparalelas.com.ar\/sitio\/wp-json\/wp\/v2\/media\/35394"}],"wp:attachment":[{"href":"https:\/\/vocesparalelas.com.ar\/sitio\/wp-json\/wp\/v2\/media?parent=36624"}],"wp:term":[{"taxonomy":"category","embeddable":true,"href":"https:\/\/vocesparalelas.com.ar\/sitio\/wp-json\/wp\/v2\/categories?post=36624"},{"taxonomy":"post_tag","embeddable":true,"href":"https:\/\/vocesparalelas.com.ar\/sitio\/wp-json\/wp\/v2\/tags?post=36624"}],"curies":[{"name":"wp","href":"https:\/\/api.w.org\/{rel}","templated":true}]}}