{"id":36614,"date":"2021-04-06T21:26:28","date_gmt":"2021-04-07T00:26:28","guid":{"rendered":"http:\/\/vocesparalelas.com.ar\/sitio\/?p=36614"},"modified":"2021-04-07T22:13:05","modified_gmt":"2021-04-08T01:13:05","slug":"vacunacion-para-mayores-de-60-anos-contra-el-covid-19","status":"publish","type":"post","link":"https:\/\/vocesparalelas.com.ar\/sitio\/vacunacion-para-mayores-de-60-anos-contra-el-covid-19\/","title":{"rendered":"Vacunaci\u00f3n para mayores de 60 a\u00f1os contra el COVID &#8211; 19"},"content":{"rendered":"<p>A partir del Jueves, 8 de Abril, comienza la inscripci\u00f3n a la poblaci\u00f3n mayor de 60 a\u00f1os contra el COVID-19. As\u00ed lo\u00a0confirm\u00f3 la ministro de Salud P\u00fablica del Gobierno de San Juan, Dra. Alejandra Venerando.<\/p>\n<p>El sector convocado se puede inscribir a trav\u00e9s de la plataforma del Gobierno de San Juan SI San Juan<\/p>\n<p><a href=\"http:\/\/www.sisanjuan.gob.ar\/\">http:\/\/www.sisanjuan.gob.ar\/<\/a><\/p>\n<ul>\n<li>El Jueves, 8 de Abri, pueden inscribirse solo los mayores de 60 a\u00f1os con terminaci\u00f3n de DNI de 0 a 4,<\/li>\n<li>El Viernes 9 de Abril, pueden hacerlo aquellos cuyo DNI termine de 5 a 9.<\/li>\n<li>A partir del S\u00e1bado, 10 de Abril, la inscripci\u00f3n queda abierta para todos los mayores de 60 a\u00f1os, independientemente de la terminaci\u00f3n de DNI.<\/li>\n<\/ul>\n<p>Asimismo se informa que se incorpor a la vacunaci\u00f3n a los docentes de 4\u00ba, 5\u00ba y 6\u00ba grado, como tambi\u00e9n a los porteros, considerados estos \u00faltimos como personal de primera l\u00ednea.<\/p>\n<p>Teniendo en cuenta que se segue vacunando al grupo de docentes de Nivel Inicial, Educaci\u00f3n Especial, jardines maternales, 1\u00ba, 2\u00ba y 3\u00ba grado y directivos de todos los niveles.<\/p>\n<p>La ministro adem\u00e1s inform\u00f3 que el grupo de docentes de nivel secundario tanto p\u00fablico como privado son incorporados apenas concluya la vacunaci\u00f3n de los grupos se\u00f1alados. Adem\u00e1s, indic\u00f3 que se est\u00e1 trabajando en la log\u00edstica para la campa\u00f1a de vacunaci\u00f3n contra la gripe y neumon\u00eda que se lanza proximamente.<\/p>\n<p>&nbsp;<\/p>\n<p><img loading=\"lazy\" decoding=\"async\" class=\"alignnone wp-image-36616 size-full\" src=\"https:\/\/vocesparalelas.com.ar\/sitio\/wp-content\/uploads\/2021\/04\/vacunacion-60.jpg\" alt=\"\" width=\"650\" height=\"1024\" srcset=\"https:\/\/vocesparalelas.com.ar\/sitio\/wp-content\/uploads\/2021\/04\/vacunacion-60.jpg 650w, https:\/\/vocesparalelas.com.ar\/sitio\/wp-content\/uploads\/2021\/04\/vacunacion-60-190x300.jpg 190w, https:\/\/vocesparalelas.com.ar\/sitio\/wp-content\/uploads\/2021\/04\/vacunacion-60-508x800.jpg 508w\" sizes=\"auto, (max-width: 650px) 100vw, 650px\" \/><\/p>\n<p>&nbsp;<\/p>\n","protected":false},"excerpt":{"rendered":"<p>A partir del Jueves, 8 de Abril, comienza la inscripci\u00f3n a la poblaci\u00f3n mayor de 60 a\u00f1os contra el COVID-19.<\/p>\n","protected":false},"author":3,"featured_media":3895,"comment_status":"closed","ping_status":"closed","sticky":false,"template":"","format":"standard","meta":{"_acf_changed":false,"_seopress_robots_primary_cat":"none","_seopress_titles_title":"","_seopress_titles_desc":"","_seopress_robots_index":"","colormag_page_container_layout":"default_layout","colormag_page_sidebar_layout":"default_layout","footnotes":""},"categories":[6],"tags":[],"class_list":["post-36614","post","type-post","status-publish","format-standard","has-post-thumbnail","hentry","category-eventos"],"acf":[],"_links":{"self":[{"href":"https:\/\/vocesparalelas.com.ar\/sitio\/wp-json\/wp\/v2\/posts\/36614","targetHints":{"allow":["GET"]}}],"collection":[{"href":"https:\/\/vocesparalelas.com.ar\/sitio\/wp-json\/wp\/v2\/posts"}],"about":[{"href":"https:\/\/vocesparalelas.com.ar\/sitio\/wp-json\/wp\/v2\/types\/post"}],"author":[{"embeddable":true,"href":"https:\/\/vocesparalelas.com.ar\/sitio\/wp-json\/wp\/v2\/users\/3"}],"replies":[{"embeddable":true,"href":"https:\/\/vocesparalelas.com.ar\/sitio\/wp-json\/wp\/v2\/comments?post=36614"}],"version-history":[{"count":2,"href":"https:\/\/vocesparalelas.com.ar\/sitio\/wp-json\/wp\/v2\/posts\/36614\/revisions"}],"predecessor-version":[{"id":36618,"href":"https:\/\/vocesparalelas.com.ar\/sitio\/wp-json\/wp\/v2\/posts\/36614\/revisions\/36618"}],"wp:featuredmedia":[{"embeddable":true,"href":"https:\/\/vocesparalelas.com.ar\/sitio\/wp-json\/wp\/v2\/media\/3895"}],"wp:attachment":[{"href":"https:\/\/vocesparalelas.com.ar\/sitio\/wp-json\/wp\/v2\/media?parent=36614"}],"wp:term":[{"taxonomy":"category","embeddable":true,"href":"https:\/\/vocesparalelas.com.ar\/sitio\/wp-json\/wp\/v2\/categories?post=36614"},{"taxonomy":"post_tag","embeddable":true,"href":"https:\/\/vocesparalelas.com.ar\/sitio\/wp-json\/wp\/v2\/tags?post=36614"}],"curies":[{"name":"wp","href":"https:\/\/api.w.org\/{rel}","templated":true}]}}