{"id":36608,"date":"2021-04-06T20:44:54","date_gmt":"2021-04-06T23:44:54","guid":{"rendered":"http:\/\/vocesparalelas.com.ar\/sitio\/?p=36608"},"modified":"2021-04-06T20:46:46","modified_gmt":"2021-04-06T23:46:46","slug":"radio-abierta-en-la-puerta-del-rectorado-de-la-unsj","status":"publish","type":"post","link":"https:\/\/vocesparalelas.com.ar\/sitio\/radio-abierta-en-la-puerta-del-rectorado-de-la-unsj\/","title":{"rendered":"Radio abierta en la puerta del Rectorado de la UNSJ"},"content":{"rendered":"<div dir=\"auto\">\n<div dir=\"auto\">El Mi\u00e9rcoles, 07 de Abril, a partir de las 10 hs, ADICUS realiza una actividad de visibilizaci\u00f3n con una Radio Abierta en la puerta del Rectorado de la Universidad Nacional de San Juan.<\/div>\n<div dir=\"auto\"><\/div>\n<div dir=\"auto\">El objetivo es poder informar a la sociedad y a toda la docencia universitaria y preuniversitaria de la UNSJ sobre las razones del Paro Nacional y dar a conocer tanto nuestra situaci\u00f3n salarial como la exigencias en todo el pa\u00eds.<\/div>\n<div dir=\"auto\"><\/div>\n<div dir=\"auto\">En las \u00faltimas horas, el Gobierno Nacional convoc\u00f3 a la Mesa de Negociaci\u00f3n Salarial, dejando afuera de la misma a la CONADU Hist\u00f3rica.<\/div>\n<div dir=\"auto\"><\/div>\n<div dir=\"auto\">Se entiende que es un intento de amedrentar a la lucha de la docencia universitaria y preuniversitaria por un salario digno y condiciones laborales dignas.<\/div>\n<div dir=\"auto\"><\/div>\n<div dir=\"auto\">No aceptan que se los castigue por ejercer sobre el Derecho a huelga y sigun exigiendo la urgente convocatoria a la Paritaria Salarial que incluya a la Federaci\u00f3n CONADU Hist\u00f3rica.<\/div>\n<div dir=\"auto\"><\/div>\n<ul>\n<li dir=\"auto\">Urgente apertura salarial<\/li>\n<li dir=\"auto\"><span style=\"line-height: 1.5;\">Recuperaci\u00f3n del 20% perdido en la paritaria anterior hasta marzo 2021<\/span><\/li>\n<li dir=\"auto\"><span style=\"line-height: 1.5;\">Aumento no menor a la inflaci\u00f3n en 2021 (cl\u00e1usula gatillo)<\/span><\/li>\n<li dir=\"auto\"><span style=\"line-height: 1.5;\">Reconocimiento de gastos por conectividad.<\/span><\/li>\n<\/ul>\n<div dir=\"auto\">Las personas que asistan deben cumplir estrictamente el protocolo sanitario con el uso de barbijo y manteniendo siempre el distanciamiento social.<\/div>\n<div dir=\"auto\"><\/div>\n<div dir=\"auto\">#ADICUS #ElGremioUniversitario #PARONacional #CONADUHist\u00f3rica #ParitariaSalarialYA<\/div>\n<\/div>\n<div dir=\"auto\"><\/div>\n<div dir=\"auto\"><img loading=\"lazy\" decoding=\"async\" class=\"alignnone wp-image-36612 size-full\" src=\"https:\/\/vocesparalelas.com.ar\/sitio\/wp-content\/uploads\/2021\/04\/ADICUS.RADIO_.jpg\" alt=\"\" width=\"800\" height=\"534\" srcset=\"https:\/\/vocesparalelas.com.ar\/sitio\/wp-content\/uploads\/2021\/04\/ADICUS.RADIO_.jpg 800w, https:\/\/vocesparalelas.com.ar\/sitio\/wp-content\/uploads\/2021\/04\/ADICUS.RADIO_-300x200.jpg 300w, https:\/\/vocesparalelas.com.ar\/sitio\/wp-content\/uploads\/2021\/04\/ADICUS.RADIO_-768x513.jpg 768w\" sizes=\"auto, (max-width: 800px) 100vw, 800px\" \/><\/div>\n<div dir=\"auto\"><\/div>\n","protected":false},"excerpt":{"rendered":"<p>El Mi\u00e9rcoles, 07 de Abril, a partir de las 10 hs, ADICUS realiza una actividad de visibilizaci\u00f3n con una Radio<\/p>\n","protected":false},"author":3,"featured_media":12481,"comment_status":"closed","ping_status":"closed","sticky":false,"template":"","format":"standard","meta":{"_acf_changed":false,"_seopress_robots_primary_cat":"none","_seopress_titles_title":"","_seopress_titles_desc":"","_seopress_robots_index":"","colormag_page_container_layout":"default_layout","colormag_page_sidebar_layout":"default_layout","footnotes":""},"categories":[1],"tags":[],"class_list":["post-36608","post","type-post","status-publish","format-standard","has-post-thumbnail","hentry","category-destacadas"],"acf":[],"_links":{"self":[{"href":"https:\/\/vocesparalelas.com.ar\/sitio\/wp-json\/wp\/v2\/posts\/36608","targetHints":{"allow":["GET"]}}],"collection":[{"href":"https:\/\/vocesparalelas.com.ar\/sitio\/wp-json\/wp\/v2\/posts"}],"about":[{"href":"https:\/\/vocesparalelas.com.ar\/sitio\/wp-json\/wp\/v2\/types\/post"}],"author":[{"embeddable":true,"href":"https:\/\/vocesparalelas.com.ar\/sitio\/wp-json\/wp\/v2\/users\/3"}],"replies":[{"embeddable":true,"href":"https:\/\/vocesparalelas.com.ar\/sitio\/wp-json\/wp\/v2\/comments?post=36608"}],"version-history":[{"count":3,"href":"https:\/\/vocesparalelas.com.ar\/sitio\/wp-json\/wp\/v2\/posts\/36608\/revisions"}],"predecessor-version":[{"id":36613,"href":"https:\/\/vocesparalelas.com.ar\/sitio\/wp-json\/wp\/v2\/posts\/36608\/revisions\/36613"}],"wp:featuredmedia":[{"embeddable":true,"href":"https:\/\/vocesparalelas.com.ar\/sitio\/wp-json\/wp\/v2\/media\/12481"}],"wp:attachment":[{"href":"https:\/\/vocesparalelas.com.ar\/sitio\/wp-json\/wp\/v2\/media?parent=36608"}],"wp:term":[{"taxonomy":"category","embeddable":true,"href":"https:\/\/vocesparalelas.com.ar\/sitio\/wp-json\/wp\/v2\/categories?post=36608"},{"taxonomy":"post_tag","embeddable":true,"href":"https:\/\/vocesparalelas.com.ar\/sitio\/wp-json\/wp\/v2\/tags?post=36608"}],"curies":[{"name":"wp","href":"https:\/\/api.w.org\/{rel}","templated":true}]}}