{"id":36602,"date":"2021-04-06T01:11:25","date_gmt":"2021-04-06T04:11:25","guid":{"rendered":"http:\/\/vocesparalelas.com.ar\/sitio\/?p=36602"},"modified":"2021-04-06T01:11:25","modified_gmt":"2021-04-06T04:11:25","slug":"los-alumnos-de-los-institutos-preuniversitario-de-la-unsj-iniciaron-las-clases-con-presecialidad","status":"publish","type":"post","link":"https:\/\/vocesparalelas.com.ar\/sitio\/los-alumnos-de-los-institutos-preuniversitario-de-la-unsj-iniciaron-las-clases-con-presecialidad\/","title":{"rendered":"Los alumnos de los Institutos Preuniversitario de la UNSJ iniciaron las clases con presecialidad"},"content":{"rendered":"<p>En la primera jornada de car\u00e1cter presencial, m\u00e1s de 250 estudiantes, volvieron a las aulas de la Escuela Industrial \u201cDomingo Faustino Sarmiento\u201d. Se trata de los \u201cgrupos A\u201d correspondientes a primero, segundo y tercer a\u00f1o. Tambi\u00e9n retornaron todas las especialidades pertenecientes al s\u00e9ptimo a\u00f1o. Para tal fin se ha previsto la implementaci\u00f3n de estrictos protocolos que incluye el uso de tapabocas, establecimientos de horarios, distanciamiento de 2 metros, toma de temperatura y suministro de alcohol, entre otros.<\/p>\n<p>El director de este instituto preuniversitario, Jorge Guti\u00e9rrez, expres\u00f3 que la jornada inici\u00f3 con la bienvenida a los y las estudiantes, especialmente de primero y segundo a\u00f1o \u201cque no conoc\u00edan la Escuela, se procedi\u00f3 a coordinar los grupos en el patio y llevarlos a las aulas debidamente asignadas\u201d. Adem\u00e1s, aclar\u00f3 que la disposici\u00f3n y cantidad de alumnos y alumnas en los diferentes espacios est\u00e1 determinado por lo dispuesto en las normativas desarrolladas por el Comit\u00e9 de Higiene y Seguridad de la Universidad Nacional de San Juan.<\/p>\n<p>Asimismo, el director aclar\u00f3 que hoy se presentan, en la Secretar\u00eda Acad\u00e9mica de la UNSJ, los proyectos de protocolos para el desarrollo de las actividades de talleres y laboratorios. Los mismos ser\u00e1n remitidos al comit\u00e9 COVID para su aprobaci\u00f3n. En este sentido, durante esta semana se realizar\u00e1n solo jornadas en el patio de la Escuela.<\/p>\n<p><span style=\"color: #99cc00;\"><strong>Institutos Preuniversitarios<\/strong>\u00a0<\/span><\/p>\n<p>La Escuela de Comercio \u00abLibertador General San Mart\u00edn\u00bb tambi\u00e9n retorna a la presencialidad en sus horarios \u00abTarde\u00bb y \u00abVespertino\u00bb. Inician los grupos correspondientes a primero y segundo a\u00f1o. Los\/as estudiantes de 1\u00b0 a\u00f1o tendr\u00e1n su ingreso por calle Mitre, mientras que 2\u00b0 a\u00f1o ser\u00e1 por calle Caseros, respetando los protocolos vigentes.<\/p>\n<p>Por su parte el Colegio Central Universitario \u00abMariano Moreno\u00bb vuelve a la presencialidad con grupos conformados por la terminaci\u00f3n de DNI.<\/p>\n<p><span style=\"color: #99cc00;\"><strong>M\u00e1s informaci\u00f3n<\/strong><\/span><\/p>\n<p>Escuela Industrial \u00abDomingo Faustino Sarmiento\u00bb<\/p>\n<p><a href=\"https:\/\/www.eidfs.unsj.edu.ar\/\">https:\/\/www.eidfs.unsj.edu.ar\/<\/a><\/p>\n<p>Escuela de Comercio \u00abLibertador General San Mart\u00edn\u00bb<\/p>\n<p><a href=\"https:\/\/www.eclgsm.unsj.edu.ar\/\">https:\/\/www.eclgsm.unsj.edu.ar\/<\/a><\/p>\n<p>Colegio Central Universitario \u00abMariano Moreno\u00bb<\/p>\n<p><a href=\"https:\/\/www.ccu.unsj.edu.ar\/\">https:\/\/www.ccu.unsj.edu.ar\/<\/a><\/p>\n","protected":false},"excerpt":{"rendered":"<p>En la primera jornada de car\u00e1cter presencial, m\u00e1s de 250 estudiantes, volvieron a las aulas de la Escuela Industrial \u201cDomingo<\/p>\n","protected":false},"author":3,"featured_media":36604,"comment_status":"closed","ping_status":"closed","sticky":false,"template":"","format":"standard","meta":{"_acf_changed":false,"_seopress_robots_primary_cat":"none","_seopress_titles_title":"","_seopress_titles_desc":"","_seopress_robots_index":"","colormag_page_container_layout":"default_layout","colormag_page_sidebar_layout":"default_layout","footnotes":""},"categories":[1],"tags":[],"class_list":["post-36602","post","type-post","status-publish","format-standard","has-post-thumbnail","hentry","category-destacadas"],"acf":[],"_links":{"self":[{"href":"https:\/\/vocesparalelas.com.ar\/sitio\/wp-json\/wp\/v2\/posts\/36602","targetHints":{"allow":["GET"]}}],"collection":[{"href":"https:\/\/vocesparalelas.com.ar\/sitio\/wp-json\/wp\/v2\/posts"}],"about":[{"href":"https:\/\/vocesparalelas.com.ar\/sitio\/wp-json\/wp\/v2\/types\/post"}],"author":[{"embeddable":true,"href":"https:\/\/vocesparalelas.com.ar\/sitio\/wp-json\/wp\/v2\/users\/3"}],"replies":[{"embeddable":true,"href":"https:\/\/vocesparalelas.com.ar\/sitio\/wp-json\/wp\/v2\/comments?post=36602"}],"version-history":[{"count":1,"href":"https:\/\/vocesparalelas.com.ar\/sitio\/wp-json\/wp\/v2\/posts\/36602\/revisions"}],"predecessor-version":[{"id":36605,"href":"https:\/\/vocesparalelas.com.ar\/sitio\/wp-json\/wp\/v2\/posts\/36602\/revisions\/36605"}],"wp:featuredmedia":[{"embeddable":true,"href":"https:\/\/vocesparalelas.com.ar\/sitio\/wp-json\/wp\/v2\/media\/36604"}],"wp:attachment":[{"href":"https:\/\/vocesparalelas.com.ar\/sitio\/wp-json\/wp\/v2\/media?parent=36602"}],"wp:term":[{"taxonomy":"category","embeddable":true,"href":"https:\/\/vocesparalelas.com.ar\/sitio\/wp-json\/wp\/v2\/categories?post=36602"},{"taxonomy":"post_tag","embeddable":true,"href":"https:\/\/vocesparalelas.com.ar\/sitio\/wp-json\/wp\/v2\/tags?post=36602"}],"curies":[{"name":"wp","href":"https:\/\/api.w.org\/{rel}","templated":true}]}}