{"id":36592,"date":"2021-04-06T00:52:26","date_gmt":"2021-04-06T03:52:26","guid":{"rendered":"http:\/\/vocesparalelas.com.ar\/sitio\/?p=36592"},"modified":"2021-04-06T00:52:26","modified_gmt":"2021-04-06T03:52:26","slug":"un-recorrido-por-los-sitios-culturales-historicos-de-iglesia","status":"publish","type":"post","link":"https:\/\/vocesparalelas.com.ar\/sitio\/un-recorrido-por-los-sitios-culturales-historicos-de-iglesia\/","title":{"rendered":"Un recorrido por los sitios culturales hist\u00f3ricos de Iglesia"},"content":{"rendered":"<p>Las autoridades del Ministerio de Turismo y Cultura participaron de un importante recorrido cultural por el departamento de Iglesia y sus sitios hist\u00f3ricos tradicionales, adem\u00e1s se reunieron con representantes de la comunidad, artesanos y artistas.<\/p>\n<p>La comitiva oficial estuvo conformada por Prof.\u00a0Virginia Agote, secretaria de Cultura de la Provincia; el director de Patrimonio Cultural, Arq. Jorge Martin; la directora de Acci\u00f3n Territorial, Arq. Celia Soler; adem\u00e1s de la titular del Mercado Artesanal Luisa Escudero, Miriam Atencio. En Iglesia, las autoridades fueron recibidas por el secretario de Turismo y Cultura de la municipalidad, Gonzalo Anes y por la directora de Cultura en la localidad de Villa Iglesia.<\/p>\n<p>Como parte del amplio itinerario, realizaron una inspecci\u00f3n del Molino de Bella Vista, vista al Molino de Villa Iglesia, el templo y caser\u00edo de Achango -sitios declarados Monumento Hist\u00f3rico Nacional-, adem\u00e1s visitaron el museo Arqueol\u00f3gico \u201cLuis Benedetti\u201d y el Pueblo Hist\u00f3rico de Colang\u00fcil y la capilla de San Isidro Labrador.<\/p>\n<p>Tanto en la localidad Las Flores como en Pismanta y Tudcum, Virginia Agote y su equipo de trabajo mantuvieron un fruct\u00edfero encuentro con artesanos y gestores que trabajan en danza y m\u00fasica del departamento.<\/p>\n<p><img loading=\"lazy\" decoding=\"async\" class=\"alignnone wp-image-36595 size-full\" src=\"https:\/\/vocesparalelas.com.ar\/sitio\/wp-content\/uploads\/2021\/04\/IGLESIA-MUSEO.jpg\" alt=\"\" width=\"800\" height=\"488\" srcset=\"https:\/\/vocesparalelas.com.ar\/sitio\/wp-content\/uploads\/2021\/04\/IGLESIA-MUSEO.jpg 800w, https:\/\/vocesparalelas.com.ar\/sitio\/wp-content\/uploads\/2021\/04\/IGLESIA-MUSEO-300x183.jpg 300w, https:\/\/vocesparalelas.com.ar\/sitio\/wp-content\/uploads\/2021\/04\/IGLESIA-MUSEO-768x468.jpg 768w\" sizes=\"auto, (max-width: 800px) 100vw, 800px\" \/><\/p>\n<p><img loading=\"lazy\" decoding=\"async\" class=\"alignnone wp-image-36596 size-full\" src=\"https:\/\/vocesparalelas.com.ar\/sitio\/wp-content\/uploads\/2021\/04\/IGLESIA-01.jpg\" alt=\"\" width=\"800\" height=\"533\" srcset=\"https:\/\/vocesparalelas.com.ar\/sitio\/wp-content\/uploads\/2021\/04\/IGLESIA-01.jpg 800w, https:\/\/vocesparalelas.com.ar\/sitio\/wp-content\/uploads\/2021\/04\/IGLESIA-01-300x200.jpg 300w, https:\/\/vocesparalelas.com.ar\/sitio\/wp-content\/uploads\/2021\/04\/IGLESIA-01-768x512.jpg 768w\" sizes=\"auto, (max-width: 800px) 100vw, 800px\" \/><\/p>\n<p><span style=\"color: #33cccc;\"><strong>Aporte al Qhapaq \u00d1an &#8211; Sistema Vial Andino<\/strong><\/span><\/p>\n<p>Con el objetivo firme de poner en valor el sitio arqueol\u00f3gico de Angualasto, \u00abLlano de los Leones\u00bb y otros sitios asociados, las autoridades de Cultura tambi\u00e9n articularon diferentes acciones referidas a la integraci\u00f3n por parte de la Administraci\u00f3n de Parques Nacionales y del Municipio en la Unidad de Gesti\u00f3n Local &#8211; UGL y en la Unidad de Gesti\u00f3n Provincial &#8211; UGP del \u00abQhapaq \u00d1an &#8211; Sistema Vial Andino\u00bb. Este \u00faltimo lugar, es considerado Patrimonio de la Humanidad por la Unesco.<\/p>\n<p>En este sentido, intervinieron en el encuentro la intendenta del Parque Nacional San Guillermo, Mar\u00eda Bettina Aued y la directora del Instituto de Investigaciones Arqueol\u00f3gicas y Museos \u00abProfesor Mariano Gambier\u00bb, Claudia Mallea.<\/p>\n<p>En la ocasi\u00f3n, el yacimiento arqueol\u00f3gico Angualasto fue inspeccionado por parte del equipo de Cultura, adem\u00e1s con la contribuci\u00f3n de representantes de la comunidad \u201cCacique Angualasto\u00bb e integrantes de la Unidad de Gesti\u00f3n Local (\u00abQhapaq \u00d1an\u201d)<\/p>\n<p>&nbsp;<\/p>\n<p><img loading=\"lazy\" decoding=\"async\" class=\"alignnone wp-image-36597 size-full\" src=\"https:\/\/vocesparalelas.com.ar\/sitio\/wp-content\/uploads\/2021\/04\/IGLESIA-03.jpg\" alt=\"\" width=\"800\" height=\"533\" srcset=\"https:\/\/vocesparalelas.com.ar\/sitio\/wp-content\/uploads\/2021\/04\/IGLESIA-03.jpg 800w, https:\/\/vocesparalelas.com.ar\/sitio\/wp-content\/uploads\/2021\/04\/IGLESIA-03-300x200.jpg 300w, https:\/\/vocesparalelas.com.ar\/sitio\/wp-content\/uploads\/2021\/04\/IGLESIA-03-768x512.jpg 768w\" sizes=\"auto, (max-width: 800px) 100vw, 800px\" \/><\/p>\n<p>&nbsp;<\/p>\n","protected":false},"excerpt":{"rendered":"<p>Las autoridades del Ministerio de Turismo y Cultura participaron de un importante recorrido cultural por el departamento de Iglesia y<\/p>\n","protected":false},"author":3,"featured_media":36594,"comment_status":"closed","ping_status":"closed","sticky":false,"template":"","format":"standard","meta":{"_acf_changed":false,"_seopress_robots_primary_cat":"none","_seopress_titles_title":"","_seopress_titles_desc":"","_seopress_robots_index":"","colormag_page_container_layout":"default_layout","colormag_page_sidebar_layout":"default_layout","footnotes":""},"categories":[1],"tags":[],"class_list":["post-36592","post","type-post","status-publish","format-standard","has-post-thumbnail","hentry","category-destacadas"],"acf":[],"_links":{"self":[{"href":"https:\/\/vocesparalelas.com.ar\/sitio\/wp-json\/wp\/v2\/posts\/36592","targetHints":{"allow":["GET"]}}],"collection":[{"href":"https:\/\/vocesparalelas.com.ar\/sitio\/wp-json\/wp\/v2\/posts"}],"about":[{"href":"https:\/\/vocesparalelas.com.ar\/sitio\/wp-json\/wp\/v2\/types\/post"}],"author":[{"embeddable":true,"href":"https:\/\/vocesparalelas.com.ar\/sitio\/wp-json\/wp\/v2\/users\/3"}],"replies":[{"embeddable":true,"href":"https:\/\/vocesparalelas.com.ar\/sitio\/wp-json\/wp\/v2\/comments?post=36592"}],"version-history":[{"count":1,"href":"https:\/\/vocesparalelas.com.ar\/sitio\/wp-json\/wp\/v2\/posts\/36592\/revisions"}],"predecessor-version":[{"id":36598,"href":"https:\/\/vocesparalelas.com.ar\/sitio\/wp-json\/wp\/v2\/posts\/36592\/revisions\/36598"}],"wp:featuredmedia":[{"embeddable":true,"href":"https:\/\/vocesparalelas.com.ar\/sitio\/wp-json\/wp\/v2\/media\/36594"}],"wp:attachment":[{"href":"https:\/\/vocesparalelas.com.ar\/sitio\/wp-json\/wp\/v2\/media?parent=36592"}],"wp:term":[{"taxonomy":"category","embeddable":true,"href":"https:\/\/vocesparalelas.com.ar\/sitio\/wp-json\/wp\/v2\/categories?post=36592"},{"taxonomy":"post_tag","embeddable":true,"href":"https:\/\/vocesparalelas.com.ar\/sitio\/wp-json\/wp\/v2\/tags?post=36592"}],"curies":[{"name":"wp","href":"https:\/\/api.w.org\/{rel}","templated":true}]}}