{"id":36580,"date":"2021-04-06T00:29:29","date_gmt":"2021-04-06T03:29:29","guid":{"rendered":"http:\/\/vocesparalelas.com.ar\/sitio\/?p=36580"},"modified":"2021-04-07T00:11:45","modified_gmt":"2021-04-07T03:11:45","slug":"se-extiende-el-plazo-de-inscripcion-complementaria-para-nivel-superior","status":"publish","type":"post","link":"https:\/\/vocesparalelas.com.ar\/sitio\/se-extiende-el-plazo-de-inscripcion-complementaria-para-nivel-superior\/","title":{"rendered":"Se extiende el plazo de inscripci\u00f3n complementaria para Nivel Superior"},"content":{"rendered":"<p>La Junta de Clasificaci\u00f3n Docente Rama Media y Superior del Ministerio de Educaci\u00f3n del Gobierno de San Juan inform\u00f3 a los egresados de Nivel Superior de gesti\u00f3n estatal y gesti\u00f3n privada que en car\u00e1cter excepcional prorrog\u00f3 hasta el 15 de Abril las inscripciones complementarias, Ciclo Lectivo 2021 avalado por Resoluci\u00f3n N\u00b0 0535-ME-2021.<\/p>\n<p><span style=\"color: #99cc00;\"><strong>Los interesados deben cumplir los siguientes requisitos:<\/strong><\/span><\/p>\n<p><span style=\"color: #99cc00;\"><strong>1- Insripci\u00f3n por primera vez<\/strong><\/span><\/p>\n<ul>\n<li>El postulante tiene que acreditar su egreso hasta el 31 de Marzo de 2021.<\/li>\n<li>Carpeta de cartulina, tama\u00f1o oficio con espiral.<\/li>\n<li>Formulario de inscripci\u00f3n, el que se tiene que descargar para imprimir de la p\u00e1gina: http:\/\/educaci\u00f3n.sanjuan.edu.ar. Es imprescindible que este completo y firmado<\/li>\n<li>Fotocopia legalizada del DNI, cara y reverso.<\/li>\n<li>Constancia que certifique el cumplimiento del 100% de finalizaci\u00f3n de la carrera acompa\u00f1ado de copia legalizada del libro matriz o del historial acad\u00e9mico, con firma y sello original.<\/li>\n<\/ul>\n<p><span style=\"color: #99cc00;\"><strong>2- Para docentes con carpeta en Junta<\/strong><\/span><\/p>\n<ul>\n<li>Fotocopia legalizada de DNI, cara y reverso(en el caso de cambio de datos).<\/li>\n<li>Constancia que certifique el cumplimiento del 100% de finalizaci\u00f3n de la carrera acompa\u00f1ado de copia legalizada del libro matriz o del historial acad\u00e9mico, con firma y sello original.<\/li>\n<\/ul>\n<p><strong><span style=\"color: #99cc00;\">Modalidad de inscripci\u00f3n<\/span><\/strong><\/p>\n<p>La Inscripci\u00f3n Complementaria no requiere turno previo.<\/p>\n<p>El aspirante, bajo estricto protocolo sanitario preventivo, debe acudir en horario de 8 a 12 y de 13:30 a 17 horas a la sede de la Junta ubicada en calle Laprida 372, este, para entregar la documentaci\u00f3n requerida dentro de un sobre papel madera tama\u00f1o oficio. En el exterior del sobre debe constar los siguientes datos del docente: apellido y nombre, DNI, tel\u00e9fono y email de contacto y consignar la cantidad de folios agregados, inclusive el del formulario. Tiene que entregar el sobre cerrado.<\/p>\n<p>Culminada la recepci\u00f3n de la documentaci\u00f3n, los miembros de Junta, en trabajo interno, realizar\u00e1n la inscripci\u00f3n y valoraci\u00f3n sin la presencia del docente.<\/p>\n<p>Por consultas o mayor informaci\u00f3n comunicarse en horario de 8 a 12 y de 13.30 a 17 horas al 4307982.<\/p>\n<p>&nbsp;<\/p>\n<p>&nbsp;<\/p>\n<p>&nbsp;<\/p>\n","protected":false},"excerpt":{"rendered":"<p>La Junta de Clasificaci\u00f3n Docente Rama Media y Superior del Ministerio de Educaci\u00f3n del Gobierno de San Juan inform\u00f3 a<\/p>\n","protected":false},"author":3,"featured_media":28823,"comment_status":"closed","ping_status":"closed","sticky":false,"template":"","format":"standard","meta":{"_acf_changed":false,"_seopress_robots_primary_cat":"none","_seopress_titles_title":"","_seopress_titles_desc":"","_seopress_robots_index":"","colormag_page_container_layout":"default_layout","colormag_page_sidebar_layout":"default_layout","footnotes":""},"categories":[5],"tags":[],"class_list":["post-36580","post","type-post","status-publish","format-standard","has-post-thumbnail","hentry","category-ofrecimientos"],"acf":[],"_links":{"self":[{"href":"https:\/\/vocesparalelas.com.ar\/sitio\/wp-json\/wp\/v2\/posts\/36580","targetHints":{"allow":["GET"]}}],"collection":[{"href":"https:\/\/vocesparalelas.com.ar\/sitio\/wp-json\/wp\/v2\/posts"}],"about":[{"href":"https:\/\/vocesparalelas.com.ar\/sitio\/wp-json\/wp\/v2\/types\/post"}],"author":[{"embeddable":true,"href":"https:\/\/vocesparalelas.com.ar\/sitio\/wp-json\/wp\/v2\/users\/3"}],"replies":[{"embeddable":true,"href":"https:\/\/vocesparalelas.com.ar\/sitio\/wp-json\/wp\/v2\/comments?post=36580"}],"version-history":[{"count":1,"href":"https:\/\/vocesparalelas.com.ar\/sitio\/wp-json\/wp\/v2\/posts\/36580\/revisions"}],"predecessor-version":[{"id":36582,"href":"https:\/\/vocesparalelas.com.ar\/sitio\/wp-json\/wp\/v2\/posts\/36580\/revisions\/36582"}],"wp:featuredmedia":[{"embeddable":true,"href":"https:\/\/vocesparalelas.com.ar\/sitio\/wp-json\/wp\/v2\/media\/28823"}],"wp:attachment":[{"href":"https:\/\/vocesparalelas.com.ar\/sitio\/wp-json\/wp\/v2\/media?parent=36580"}],"wp:term":[{"taxonomy":"category","embeddable":true,"href":"https:\/\/vocesparalelas.com.ar\/sitio\/wp-json\/wp\/v2\/categories?post=36580"},{"taxonomy":"post_tag","embeddable":true,"href":"https:\/\/vocesparalelas.com.ar\/sitio\/wp-json\/wp\/v2\/tags?post=36580"}],"curies":[{"name":"wp","href":"https:\/\/api.w.org\/{rel}","templated":true}]}}