{"id":36562,"date":"2021-04-06T00:26:49","date_gmt":"2021-04-06T03:26:49","guid":{"rendered":"http:\/\/vocesparalelas.com.ar\/sitio\/?p=36562"},"modified":"2021-04-06T00:26:49","modified_gmt":"2021-04-06T03:26:49","slug":"el-embajador-de-italia-en-argentina-mg-ue-manzo-visito-san-juan","status":"publish","type":"post","link":"https:\/\/vocesparalelas.com.ar\/sitio\/el-embajador-de-italia-en-argentina-mg-ue-manzo-visito-san-juan\/","title":{"rendered":"El embajador de Italia en Argentina Mg. ue Manzo visit\u00f3 San Juan"},"content":{"rendered":"<p>Durante el Lunes, 05 de Abril, el embajador de Italia en Argentina, Mg. Giuseppe Manzo, realiz\u00f3 una visita oficial a San Juan y fue recibido por el Gabinete provincial presidido por el vicegobernador en ejercicio del Poder Ejecutivo, CPN Roberto Gattoni.<\/p>\n<p><iframe loading=\"lazy\" title=\"El embajador de Italia visit\u00f3 San Juan y mantuvo una reuni\u00f3n con el Gabinete provincial\" width=\"800\" height=\"450\" src=\"https:\/\/www.youtube.com\/embed\/I_7BOreaBGs?feature=oembed\" frameborder=\"0\" allow=\"accelerometer; autoplay; clipboard-write; encrypted-media; gyroscope; picture-in-picture\" allowfullscreen><\/iframe><\/p>\n<p>&nbsp;<\/p>\n<p><img loading=\"lazy\" decoding=\"async\" class=\"alignnone wp-image-36571 size-full\" src=\"https:\/\/vocesparalelas.com.ar\/sitio\/wp-content\/uploads\/2021\/04\/ITALIA-SAN-JUAN-08.jpg\" alt=\"\" width=\"800\" height=\"533\" srcset=\"https:\/\/vocesparalelas.com.ar\/sitio\/wp-content\/uploads\/2021\/04\/ITALIA-SAN-JUAN-08.jpg 800w, https:\/\/vocesparalelas.com.ar\/sitio\/wp-content\/uploads\/2021\/04\/ITALIA-SAN-JUAN-08-300x200.jpg 300w, https:\/\/vocesparalelas.com.ar\/sitio\/wp-content\/uploads\/2021\/04\/ITALIA-SAN-JUAN-08-768x512.jpg 768w\" sizes=\"auto, (max-width: 800px) 100vw, 800px\" \/><\/p>\n<p><img loading=\"lazy\" decoding=\"async\" class=\"alignnone wp-image-36570 size-full\" src=\"https:\/\/vocesparalelas.com.ar\/sitio\/wp-content\/uploads\/2021\/04\/ITALIA-SAN-JUAN-07.jpg\" alt=\"\" width=\"800\" height=\"533\" srcset=\"https:\/\/vocesparalelas.com.ar\/sitio\/wp-content\/uploads\/2021\/04\/ITALIA-SAN-JUAN-07.jpg 800w, https:\/\/vocesparalelas.com.ar\/sitio\/wp-content\/uploads\/2021\/04\/ITALIA-SAN-JUAN-07-300x200.jpg 300w, https:\/\/vocesparalelas.com.ar\/sitio\/wp-content\/uploads\/2021\/04\/ITALIA-SAN-JUAN-07-768x512.jpg 768w\" sizes=\"auto, (max-width: 800px) 100vw, 800px\" \/><\/p>\n<p>Los saludos protocolares se llevaron a cabo en la sala Rogelio Cerdera de Casa de Gobierno, donde el Mg. Giuseppe Manzo fue declarado hu\u00e9sped oficial mientras dure su permanencia en la provincia. Adem\u00e1s, se le entreg\u00f3 la moneda que contiene acu\u00f1ada el busto de Domingo Faustino Sarmiento y un libro que muestra San Juan fotogr\u00e1fico.<\/p>\n<p><img loading=\"lazy\" decoding=\"async\" class=\"alignnone wp-image-36565 size-full\" src=\"https:\/\/vocesparalelas.com.ar\/sitio\/wp-content\/uploads\/2021\/04\/ITALIA-SAN-JUAN.jpg\" alt=\"\" width=\"800\" height=\"533\" srcset=\"https:\/\/vocesparalelas.com.ar\/sitio\/wp-content\/uploads\/2021\/04\/ITALIA-SAN-JUAN.jpg 800w, https:\/\/vocesparalelas.com.ar\/sitio\/wp-content\/uploads\/2021\/04\/ITALIA-SAN-JUAN-300x200.jpg 300w, https:\/\/vocesparalelas.com.ar\/sitio\/wp-content\/uploads\/2021\/04\/ITALIA-SAN-JUAN-768x512.jpg 768w\" sizes=\"auto, (max-width: 800px) 100vw, 800px\" \/><\/p>\n<p><img loading=\"lazy\" decoding=\"async\" class=\"alignnone wp-image-36568 size-full\" src=\"https:\/\/vocesparalelas.com.ar\/sitio\/wp-content\/uploads\/2021\/04\/ITALIA-SAN-JUAN-05.jpg\" alt=\"\" width=\"800\" height=\"533\" srcset=\"https:\/\/vocesparalelas.com.ar\/sitio\/wp-content\/uploads\/2021\/04\/ITALIA-SAN-JUAN-05.jpg 800w, https:\/\/vocesparalelas.com.ar\/sitio\/wp-content\/uploads\/2021\/04\/ITALIA-SAN-JUAN-05-300x200.jpg 300w, https:\/\/vocesparalelas.com.ar\/sitio\/wp-content\/uploads\/2021\/04\/ITALIA-SAN-JUAN-05-768x512.jpg 768w\" sizes=\"auto, (max-width: 800px) 100vw, 800px\" \/><\/p>\n<p>Durante la reuni\u00f3n, el vicegobernador destac\u00f3 que la provincia cuenta con todas sus cuentas ordenadas para luego repasar la evoluci\u00f3n en la matriz productiva de San Juan y la fuerte inversi\u00f3n realizada en materia de energ\u00edas renovables.<\/p>\n<p>Adem\u00e1s, puso en valor los distintos proyectos mineros que se realizan en San Juan y distingui\u00f3 la experiencia de Italia en esta materia.<\/p>\n<p>Finalmente, realiz\u00f3 una comparativa de la pasi\u00f3n por el deporte en San Juan e Italia por el ciclismo y el hockey sobre patines.<\/p>\n<p>Por su parte, el embajador italiano agradeci\u00f3 la hospitalidad sanjuanina y destac\u00f3 las bondades de San Juan. Luego, explic\u00f3 que Italia cuenta con m\u00e1s de 1 mill\u00f3n de personas con pasaporte italiano, acotando que se trata de la comunidad m\u00e1s grande del Mundo. Cabe destacar que en San Juan hay 8 mil personas que cuentan con la ciudadan\u00eda argentino-italiana.<\/p>\n<p>En ese sentido, Manzo mencion\u00f3 distintas propuestas para desarrollar de manera conjunta entre Italia y el Gobierno de San Juan. Adem\u00e1s, propuso realizar una jornada de San Juan en la embajada de Italia ubicada en Buenos Aires para que empresarios de ese pa\u00eds puedan relacionarse con sus pares sanjuaninos.<\/p>\n<p>Sobre el final, tanto el embajador como el vicegobernador aseguraron que el encuentro fue muy positivo y que trabajar\u00e1n de manera conjunta para poder desarrollar en distintos acuerdos para la cooperaci\u00f3n entre la naci\u00f3n europea y la provincia argentina.<\/p>\n<p>Gattoni estuvo acompa\u00f1ado por miembros del Gabinete, entre ellos los ministros de Hacienda y Finanzas, CPN Marisa L\u00f3pez; de Desarrollo Humano y Promoci\u00f3n Social, Prof. Fabi\u00e1n Aballay; de Educaci\u00f3n, Lic. Felipe De Los R\u00edos; de Turismo y Cultura, Lic. Claudia Grynszpan; de Salud P\u00fablica, Dra. Alejandra Venerando; de Producci\u00f3n y Desarrollo Econ\u00f3mico, Lic. Andr\u00e9s D\u00edaz Cano; de Obras y Servicios P\u00fablicos, Ing. Julio Ortiz Andino; de Miner\u00eda, Ing. Carlos Astudillo. Adem\u00e1s, los secretarios de Estado de Deportes, Jorge Chica; de Seguridad y Orden P\u00fablico, Dr. Carlos Munisaga; de Ambiente y Desarrollo Sustentable, Lic. Ra\u00fal Tello; de Ciencia, Tecnolog\u00eda e Innovaci\u00f3n, Ing. Tulio Del Bono; secretario General de la Gobernaci\u00f3n, CPN Juan Flores; el secretario de Relaciones Institucionales, Lic. Marcelo Fretes; y el asesor Letrado de Gobierno, Dr. Carlos Lorenzo.<\/p>\n<p><img loading=\"lazy\" decoding=\"async\" class=\"alignnone wp-image-36567 size-full\" src=\"https:\/\/vocesparalelas.com.ar\/sitio\/wp-content\/uploads\/2021\/04\/ITALIA-SAN-JUAN-04.jpg\" alt=\"\" width=\"800\" height=\"533\" srcset=\"https:\/\/vocesparalelas.com.ar\/sitio\/wp-content\/uploads\/2021\/04\/ITALIA-SAN-JUAN-04.jpg 800w, https:\/\/vocesparalelas.com.ar\/sitio\/wp-content\/uploads\/2021\/04\/ITALIA-SAN-JUAN-04-300x200.jpg 300w, https:\/\/vocesparalelas.com.ar\/sitio\/wp-content\/uploads\/2021\/04\/ITALIA-SAN-JUAN-04-768x512.jpg 768w\" sizes=\"auto, (max-width: 800px) 100vw, 800px\" \/><\/p>\n<p><strong><span style=\"color: #99cc00;\">Trayectoria de Mg. Giuseppe Manzo<\/span><\/strong><\/p>\n<p>Naci\u00f3 en 1967 en N\u00e1poles, Italia. Manzo lleg\u00f3 a Buenos Aires desde Belgrado, donde en Junio de 2013 condujo la Embajada en Serbia.<\/p>\n<p>Fue jefe del Servicio de Prensa y Portavoz del Ministro italiano de Asuntos Exteriores en la Canciller\u00eda Italiana desde 2012 al 2013, adem\u00e1s dirigi\u00f3 la Oficina de Prensa en la Embajada en Washington del 2009 al 2012, luego de haber prestado servicio en la Misi\u00f3n italiana en la ONU en Nueva York, donde se desempe\u00f1\u00f3 como miembro de la delegaci\u00f3n italiana en el Consejo de Seguridad durante el bienio 2007-2008.<\/p>\n<p>En los comienzos de su carrera, luego de un primer cargo en Tirana de 1995 a 1998, el diplom\u00e1tico prest\u00f3 servicio en Washington de 1998 a 2002, acreditado tambi\u00e9n como Observador Permanente Adjunto en la Organizaci\u00f3n de Estados Americanos. En la Canciller\u00eda Italiana, Manzo se desempe\u00f1\u00f3 en la Cooperaci\u00f3n al Desarrollo, en la Direcci\u00f3n de Asuntos Econ\u00f3micos y en la Secretar\u00eda General.<\/p>\n<p>Es autor de art\u00edculos y ensayos sobre el rol de los medios de comunicaci\u00f3n en la lucha contra el terrorismo, sobre las comunicaciones de la ONU y sobre el sistema interamericano de tutela y promoci\u00f3n de los derechos humanos. Tambi\u00e9n fue docente en el Master de Comunicaci\u00f3n Internacional de la Universidad IULM de Mil\u00e1n.<\/p>\n<p>&nbsp;<\/p>\n<p><img loading=\"lazy\" decoding=\"async\" class=\"alignnone wp-image-36569 size-full\" src=\"https:\/\/vocesparalelas.com.ar\/sitio\/wp-content\/uploads\/2021\/04\/ITALIA-SAN-JUAN-06.jpg\" alt=\"\" width=\"800\" height=\"533\" srcset=\"https:\/\/vocesparalelas.com.ar\/sitio\/wp-content\/uploads\/2021\/04\/ITALIA-SAN-JUAN-06.jpg 800w, https:\/\/vocesparalelas.com.ar\/sitio\/wp-content\/uploads\/2021\/04\/ITALIA-SAN-JUAN-06-300x200.jpg 300w, https:\/\/vocesparalelas.com.ar\/sitio\/wp-content\/uploads\/2021\/04\/ITALIA-SAN-JUAN-06-768x512.jpg 768w\" sizes=\"auto, (max-width: 800px) 100vw, 800px\" \/><\/p>\n<p>&nbsp;<\/p>\n<p>&nbsp;<\/p>\n<p>&nbsp;<\/p>\n","protected":false},"excerpt":{"rendered":"<p>Durante el Lunes, 05 de Abril, el embajador de Italia en Argentina, Mg. Giuseppe Manzo, realiz\u00f3 una visita oficial a<\/p>\n","protected":false},"author":3,"featured_media":36566,"comment_status":"closed","ping_status":"closed","sticky":false,"template":"","format":"video","meta":{"_acf_changed":false,"_seopress_robots_primary_cat":"none","_seopress_titles_title":"","_seopress_titles_desc":"","_seopress_robots_index":"","colormag_page_container_layout":"default_layout","colormag_page_sidebar_layout":"default_layout","footnotes":""},"categories":[1,7],"tags":[],"class_list":["post-36562","post","type-post","status-publish","format-video","has-post-thumbnail","hentry","category-destacadas","category-videos","post_format-post-format-video"],"acf":[],"_links":{"self":[{"href":"https:\/\/vocesparalelas.com.ar\/sitio\/wp-json\/wp\/v2\/posts\/36562","targetHints":{"allow":["GET"]}}],"collection":[{"href":"https:\/\/vocesparalelas.com.ar\/sitio\/wp-json\/wp\/v2\/posts"}],"about":[{"href":"https:\/\/vocesparalelas.com.ar\/sitio\/wp-json\/wp\/v2\/types\/post"}],"author":[{"embeddable":true,"href":"https:\/\/vocesparalelas.com.ar\/sitio\/wp-json\/wp\/v2\/users\/3"}],"replies":[{"embeddable":true,"href":"https:\/\/vocesparalelas.com.ar\/sitio\/wp-json\/wp\/v2\/comments?post=36562"}],"version-history":[{"count":1,"href":"https:\/\/vocesparalelas.com.ar\/sitio\/wp-json\/wp\/v2\/posts\/36562\/revisions"}],"predecessor-version":[{"id":36578,"href":"https:\/\/vocesparalelas.com.ar\/sitio\/wp-json\/wp\/v2\/posts\/36562\/revisions\/36578"}],"wp:featuredmedia":[{"embeddable":true,"href":"https:\/\/vocesparalelas.com.ar\/sitio\/wp-json\/wp\/v2\/media\/36566"}],"wp:attachment":[{"href":"https:\/\/vocesparalelas.com.ar\/sitio\/wp-json\/wp\/v2\/media?parent=36562"}],"wp:term":[{"taxonomy":"category","embeddable":true,"href":"https:\/\/vocesparalelas.com.ar\/sitio\/wp-json\/wp\/v2\/categories?post=36562"},{"taxonomy":"post_tag","embeddable":true,"href":"https:\/\/vocesparalelas.com.ar\/sitio\/wp-json\/wp\/v2\/tags?post=36562"}],"curies":[{"name":"wp","href":"https:\/\/api.w.org\/{rel}","templated":true}]}}