{"id":36558,"date":"2021-04-05T21:12:42","date_gmt":"2021-04-06T00:12:42","guid":{"rendered":"http:\/\/vocesparalelas.com.ar\/sitio\/?p=36558"},"modified":"2021-04-06T01:57:20","modified_gmt":"2021-04-06T04:57:20","slug":"programa-de-entrenamiento-en-el-sector-privado","status":"publish","type":"post","link":"https:\/\/vocesparalelas.com.ar\/sitio\/programa-de-entrenamiento-en-el-sector-privado\/","title":{"rendered":"Programa de Entrenamiento en el Sector Privado"},"content":{"rendered":"<p>La Municipalidad de Rivadavia informa que, con el objetivo de mejorar las condiciones de empleabilidad de trabajadores desocupados del Departamento Rivadavia.<\/p>\n<p>El Programa de Entrenamiento en el Sector Privado, brinda incentivos econ\u00f3micos a las empresas, para que entrenen aprendices en los puestos que necesitan, de manera temporal.<\/p>\n<p>Durante el desarrollo del proyecto, se establece un acuerdo a trav\u00e9s de pasant\u00eda laboral, entre la empresa y los trabajadores.<\/p>\n<p>\u00c9stos \u00faltimos, reciben, en condici\u00f3n de pago, una ayuda econ\u00f3mica mensual del Ministerio de Trabajo, Empleo y Seguridad Social de la Naci\u00f3n. Lo que contribuye al fortalecimiento de la productividad.<\/p>\n<p>Las empresas o comercios interesados en incorporar aprendices, pueden acercarse por la Oficina de Empleo, de la Municipalidad de Rivadavia, Av. Libertador Gral. San Mart\u00edn 5135- O &#8211; Rivadavia, o comunicarse al 2645614327, de Lunes a Viernes, de 7:30 a 12:30 hs.<\/p>\n<p><span style=\"color: #99cc00;\"><strong>Requisitos<\/strong><\/span><\/p>\n<ul>\n<li>Habilitaci\u00f3n Municipal<\/li>\n<li>Constancia de AFIP<\/li>\n<li>No haber realizado despidos masivos en el \u00faltimo a\u00f1o.<\/li>\n<\/ul>\n<p><img loading=\"lazy\" decoding=\"async\" class=\"alignnone wp-image-2493 size-large\" src=\"https:\/\/vocesparalelas.com.ar\/sitio\/wp-content\/uploads\/2017\/06\/RIVADAVIA-FRENTE-01-800x534.jpg\" alt=\"\" width=\"800\" height=\"534\" srcset=\"https:\/\/vocesparalelas.com.ar\/sitio\/wp-content\/uploads\/2017\/06\/RIVADAVIA-FRENTE-01-800x534.jpg 800w, https:\/\/vocesparalelas.com.ar\/sitio\/wp-content\/uploads\/2017\/06\/RIVADAVIA-FRENTE-01-300x200.jpg 300w, https:\/\/vocesparalelas.com.ar\/sitio\/wp-content\/uploads\/2017\/06\/RIVADAVIA-FRENTE-01-768x512.jpg 768w, https:\/\/vocesparalelas.com.ar\/sitio\/wp-content\/uploads\/2017\/06\/RIVADAVIA-FRENTE-01.jpg 1000w\" sizes=\"auto, (max-width: 800px) 100vw, 800px\" \/><\/p>\n","protected":false},"excerpt":{"rendered":"<p>La Municipalidad de Rivadavia informa que, con el objetivo de mejorar las condiciones de empleabilidad de trabajadores desocupados del Departamento<\/p>\n","protected":false},"author":3,"featured_media":36560,"comment_status":"closed","ping_status":"closed","sticky":false,"template":"","format":"standard","meta":{"_acf_changed":false,"_seopress_robots_primary_cat":"none","_seopress_titles_title":"","_seopress_titles_desc":"","_seopress_robots_index":"","colormag_page_container_layout":"default_layout","colormag_page_sidebar_layout":"default_layout","footnotes":""},"categories":[2],"tags":[],"class_list":["post-36558","post","type-post","status-publish","format-standard","has-post-thumbnail","hentry","category-convocatorias"],"acf":[],"_links":{"self":[{"href":"https:\/\/vocesparalelas.com.ar\/sitio\/wp-json\/wp\/v2\/posts\/36558","targetHints":{"allow":["GET"]}}],"collection":[{"href":"https:\/\/vocesparalelas.com.ar\/sitio\/wp-json\/wp\/v2\/posts"}],"about":[{"href":"https:\/\/vocesparalelas.com.ar\/sitio\/wp-json\/wp\/v2\/types\/post"}],"author":[{"embeddable":true,"href":"https:\/\/vocesparalelas.com.ar\/sitio\/wp-json\/wp\/v2\/users\/3"}],"replies":[{"embeddable":true,"href":"https:\/\/vocesparalelas.com.ar\/sitio\/wp-json\/wp\/v2\/comments?post=36558"}],"version-history":[{"count":1,"href":"https:\/\/vocesparalelas.com.ar\/sitio\/wp-json\/wp\/v2\/posts\/36558\/revisions"}],"predecessor-version":[{"id":36561,"href":"https:\/\/vocesparalelas.com.ar\/sitio\/wp-json\/wp\/v2\/posts\/36558\/revisions\/36561"}],"wp:featuredmedia":[{"embeddable":true,"href":"https:\/\/vocesparalelas.com.ar\/sitio\/wp-json\/wp\/v2\/media\/36560"}],"wp:attachment":[{"href":"https:\/\/vocesparalelas.com.ar\/sitio\/wp-json\/wp\/v2\/media?parent=36558"}],"wp:term":[{"taxonomy":"category","embeddable":true,"href":"https:\/\/vocesparalelas.com.ar\/sitio\/wp-json\/wp\/v2\/categories?post=36558"},{"taxonomy":"post_tag","embeddable":true,"href":"https:\/\/vocesparalelas.com.ar\/sitio\/wp-json\/wp\/v2\/tags?post=36558"}],"curies":[{"name":"wp","href":"https:\/\/api.w.org\/{rel}","templated":true}]}}