{"id":36552,"date":"2021-04-05T20:11:17","date_gmt":"2021-04-05T23:11:17","guid":{"rendered":"http:\/\/vocesparalelas.com.ar\/sitio\/?p=36552"},"modified":"2021-04-06T01:44:41","modified_gmt":"2021-04-06T04:44:41","slug":"convocatoria-al-premio-fundaciones-grupo-petersen-a-la-innovacion-educativa-reimaginando-la-escuela","status":"publish","type":"post","link":"https:\/\/vocesparalelas.com.ar\/sitio\/convocatoria-al-premio-fundaciones-grupo-petersen-a-la-innovacion-educativa-reimaginando-la-escuela\/","title":{"rendered":"Convocatoria al \u00abPremio Fundaciones Grupo Petersen a la Innovaci\u00f3n Educativa \u2013 Reimaginando la Escuela\u00bb"},"content":{"rendered":"<p>La<em>\u00a0<\/em>Fundaci\u00f3n Banco San Juan lanz\u00f3 la convocatoria al \u201cPremio Fundaciones Grupo Petersen a la Innovaci\u00f3n Educativa \u2013 Reimaginando la Escuela\u201d, un programa de acompa\u00f1amiento institucional dirigido a establecimientos educativos\u00a0de nivel secundario que tiene por objetivo brindar a las instituciones la posibilidad de repensar y reimaginar la escuela en el camino de la innovaci\u00f3n, la transformaci\u00f3n y el aprendizaje significativo.<\/p>\n<p>La convocatoria est\u00e1 abierta hasta el martes 6 de abril inclusive, y est\u00e1 orientada a Directores de escuelas secundarias de gesti\u00f3n estatal y de gesti\u00f3n privada de las provincias de San Juan, Santa Fe, Entre R\u00edos y Santa Cruz y escuelas secundarias de gesti\u00f3n privada de la Ciudad de Buenos Aires. Los interesados pueden inscribirse completando el formulario a trav\u00e9s de la p\u00e1gina web\u00a0https:\/\/<a href=\"https:\/\/www.premiofgpinnovacioneducativa.com.ar\/landing\/91\/premio-fgp-2021\">www.premiofgpinnovacioneducativa.com.ar<\/a>.<\/p>\n<p>El programa incluye una instancia de acompa\u00f1amiento formativo desde el Campo Virtual de Fundaciones Grupo Petersen dirigida a Directores y Docentes que se realizar\u00e1 entre los meses de mayo y\u00a0octubre, y una instancia posterior de competencia de proyectos de impacto social presentados por\u00a0alumnos de las escuelas participantes.<\/p>\n<p>Durante la primera etapa, los equipos seleccionados participar\u00e1n de clases y actividades sincr\u00f3nicas y asincr\u00f3nicas trav\u00e9s del Campus Educativo de FGP, en tem\u00e1ticas afines a: Matem\u00e1tica; Aprendizaje Basado en Proyectos; Transformaci\u00f3n Digital; Clima Escolar y Educaci\u00f3n Emocional; Proyecto de Vida y Vocaci\u00f3n; Educaci\u00f3n Financiera; Gesti\u00f3n y Liderazgo Pedag\u00f3gico. Durante el curso virtual se brindar\u00e1 a los participantes,\u00a0 herramientas y canales de consultas para la revisi\u00f3n y\/o elaboraci\u00f3n de las ideas proyecto de cada instituci\u00f3n. El Campus Educativo de Fundaciones Grupo Petersen\u00a0es una exclusiva plataforma LMS (Learning Management System)\u00a0 que permite vincular diferentes actores de la sociedad y brindar capacitaciones en un entorno virtual de calidad.<\/p>\n<p>En la segunda etapa, los educadores (Directores y Docentes) que hayan participado de la instancia\u00a0formativa de Aprendizaje Basado en Proyectos, deber\u00e1n presentar junto a alumnos de su instituci\u00f3n, un proyecto de innovaci\u00f3n e impacto social orientado a STEM (Ciencia, Tecnolog\u00eda, Educaci\u00f3n y Matem\u00e1ticas). Los proyectos deber\u00e1n integrar los distintos aspectos trabajados durante la formaci\u00f3n y\u00a0aportar\u00a0soluciones a problem\u00e1ticas reales de la comunidad.<\/p>\n<p>Por \u00faltimo, se llevar\u00e1 a cabo la etapa de competencia donde resultar\u00e1n\u00a0seleccionados\u00a0los proyectos a\u00a0implementarse\u00a0 durante el 2022.\u00a0 En la instancia Regional, se seleccionar\u00e1n 5 proyectos ganadores (uno por cada provincia participante), y cada ganador recibir\u00e1 la suma de hasta $1.000.000 (un mill\u00f3n de pesos).<\/p>\n<p>Los ganadores de la Instancia Regional expondr\u00e1n\u00a0sus proyectos ante un Jurado de especialistas, y se elegir\u00e1 1 proyecto ganador Nacional, que se har\u00e1 acreedor de otro $1.000.000, para ser destinados a la ampliaci\u00f3n y\/o mejora de infraestructura, equipamiento o capacitaci\u00f3n en el marco del Proyecto elaborado.<\/p>\n<p>La\u00a0Fundaci\u00f3n Banco San Juan contin\u00faa\u00a0afianzando su compromiso con la calidad\u00a0educativa\u00a0y el fortalecimiento de las instituciones, a trav\u00e9s\u00a0de estrategias de innovaci\u00f3n y transformaci\u00f3n escolar.<\/p>\n<p>Para m\u00e1s informaci\u00f3n ingresar a\u00a0https:\/\/<a href=\"http:\/\/www.premiofgpinnovacioneducativa.com.ar\/\">www.premiofgpinnovacioneducativa.com.ar<\/a><\/p>\n<p><img loading=\"lazy\" decoding=\"async\" class=\"alignnone wp-image-36554 size-full\" src=\"https:\/\/vocesparalelas.com.ar\/sitio\/wp-content\/uploads\/2021\/04\/FBSJ-CONCURSO.jpg\" alt=\"\" width=\"800\" height=\"600\" \/><\/p>\n","protected":false},"excerpt":{"rendered":"<p>La\u00a0Fundaci\u00f3n Banco San Juan lanz\u00f3 la convocatoria al \u201cPremio Fundaciones Grupo Petersen a la Innovaci\u00f3n Educativa \u2013 Reimaginando la Escuela\u201d,<\/p>\n","protected":false},"author":3,"featured_media":36555,"comment_status":"closed","ping_status":"closed","sticky":false,"template":"","format":"standard","meta":{"_acf_changed":false,"_seopress_robots_primary_cat":"none","_seopress_titles_title":"","_seopress_titles_desc":"","_seopress_robots_index":"","colormag_page_container_layout":"default_layout","colormag_page_sidebar_layout":"default_layout","footnotes":""},"categories":[2],"tags":[],"class_list":["post-36552","post","type-post","status-publish","format-standard","has-post-thumbnail","hentry","category-convocatorias"],"acf":[],"_links":{"self":[{"href":"https:\/\/vocesparalelas.com.ar\/sitio\/wp-json\/wp\/v2\/posts\/36552","targetHints":{"allow":["GET"]}}],"collection":[{"href":"https:\/\/vocesparalelas.com.ar\/sitio\/wp-json\/wp\/v2\/posts"}],"about":[{"href":"https:\/\/vocesparalelas.com.ar\/sitio\/wp-json\/wp\/v2\/types\/post"}],"author":[{"embeddable":true,"href":"https:\/\/vocesparalelas.com.ar\/sitio\/wp-json\/wp\/v2\/users\/3"}],"replies":[{"embeddable":true,"href":"https:\/\/vocesparalelas.com.ar\/sitio\/wp-json\/wp\/v2\/comments?post=36552"}],"version-history":[{"count":1,"href":"https:\/\/vocesparalelas.com.ar\/sitio\/wp-json\/wp\/v2\/posts\/36552\/revisions"}],"predecessor-version":[{"id":36556,"href":"https:\/\/vocesparalelas.com.ar\/sitio\/wp-json\/wp\/v2\/posts\/36552\/revisions\/36556"}],"wp:featuredmedia":[{"embeddable":true,"href":"https:\/\/vocesparalelas.com.ar\/sitio\/wp-json\/wp\/v2\/media\/36555"}],"wp:attachment":[{"href":"https:\/\/vocesparalelas.com.ar\/sitio\/wp-json\/wp\/v2\/media?parent=36552"}],"wp:term":[{"taxonomy":"category","embeddable":true,"href":"https:\/\/vocesparalelas.com.ar\/sitio\/wp-json\/wp\/v2\/categories?post=36552"},{"taxonomy":"post_tag","embeddable":true,"href":"https:\/\/vocesparalelas.com.ar\/sitio\/wp-json\/wp\/v2\/tags?post=36552"}],"curies":[{"name":"wp","href":"https:\/\/api.w.org\/{rel}","templated":true}]}}