{"id":36537,"date":"2021-04-04T19:47:57","date_gmt":"2021-04-04T22:47:57","guid":{"rendered":"http:\/\/vocesparalelas.com.ar\/sitio\/?p=36537"},"modified":"2021-04-06T01:53:16","modified_gmt":"2021-04-06T04:53:16","slug":"se-extiende-la-inscripcion-complementaria-para-egresados-de-institutos-superiores","status":"publish","type":"post","link":"https:\/\/vocesparalelas.com.ar\/sitio\/se-extiende-la-inscripcion-complementaria-para-egresados-de-institutos-superiores\/","title":{"rendered":"Se extiende la Inscripci\u00f3n complementaria para egresados de institutos superiores"},"content":{"rendered":"<p>La Junta de Clasificaci\u00f3n Docente, Rama T\u00e9cnica, Agrot\u00e9cnica, Monot\u00e9cnica, de Formaci\u00f3n Profesional y Capacitaci\u00f3n Laboral del Ministerio de Educaci\u00f3n del Gobierno de San Juan, \u00a0inform\u00f3 que extendieron las inscripciones complementarias de los egresados de los institutos superiores, para el ciclo lectivo 2021, hasta el Jueves, 15 de Abril de 2021.<\/p>\n<p>Considerando la Resoluci\u00f3n N\u00ba 5847, que estableci\u00f3 un nuevo cronograma para Educaci\u00f3n Superior, fijando el cierre del ciclo acad\u00e9mico el 31 de Marzo de 2021, se prorrog\u00f3 el per\u00edodo de inscripci\u00f3n.<\/p>\n<p>La convocatoria a inscripci\u00f3n complementaria, es \u00fanicamente para estudiantes de Nivel Superior de gesti\u00f3n estatal y privada, que finalizaron el ciclo acad\u00e9mico el 31 de marzo de 2021.<\/p>\n<p>La documentaci\u00f3n debe ser presentada dentro de sobre papel madera con nombre y apellido, n\u00famero del DNI, tel\u00e9fono y correo electr\u00f3nico de contacto. Dentro del sobre colocar carpeta tipo espiral con: copia del t\u00edtulo registrado y legalizado, fotocopia de DNI legalizada.<\/p>\n<p>La recepci\u00f3n de la documentaci\u00f3n en calle Mitre 289 (este), antes de Av. Rioja, en horario de 7:30 a 15:30 horas.<\/p>\n<p>&nbsp;<\/p>\n<p>&nbsp;<\/p>\n","protected":false},"excerpt":{"rendered":"<p>La Junta de Clasificaci\u00f3n Docente, Rama T\u00e9cnica, Agrot\u00e9cnica, Monot\u00e9cnica, de Formaci\u00f3n Profesional y Capacitaci\u00f3n Laboral del Ministerio de Educaci\u00f3n del<\/p>\n","protected":false},"author":3,"featured_media":36539,"comment_status":"closed","ping_status":"closed","sticky":false,"template":"","format":"standard","meta":{"_acf_changed":false,"_seopress_robots_primary_cat":"none","_seopress_titles_title":"","_seopress_titles_desc":"","_seopress_robots_index":"","colormag_page_container_layout":"default_layout","colormag_page_sidebar_layout":"default_layout","footnotes":""},"categories":[5],"tags":[],"class_list":["post-36537","post","type-post","status-publish","format-standard","has-post-thumbnail","hentry","category-ofrecimientos"],"acf":[],"_links":{"self":[{"href":"https:\/\/vocesparalelas.com.ar\/sitio\/wp-json\/wp\/v2\/posts\/36537","targetHints":{"allow":["GET"]}}],"collection":[{"href":"https:\/\/vocesparalelas.com.ar\/sitio\/wp-json\/wp\/v2\/posts"}],"about":[{"href":"https:\/\/vocesparalelas.com.ar\/sitio\/wp-json\/wp\/v2\/types\/post"}],"author":[{"embeddable":true,"href":"https:\/\/vocesparalelas.com.ar\/sitio\/wp-json\/wp\/v2\/users\/3"}],"replies":[{"embeddable":true,"href":"https:\/\/vocesparalelas.com.ar\/sitio\/wp-json\/wp\/v2\/comments?post=36537"}],"version-history":[{"count":2,"href":"https:\/\/vocesparalelas.com.ar\/sitio\/wp-json\/wp\/v2\/posts\/36537\/revisions"}],"predecessor-version":[{"id":36541,"href":"https:\/\/vocesparalelas.com.ar\/sitio\/wp-json\/wp\/v2\/posts\/36537\/revisions\/36541"}],"wp:featuredmedia":[{"embeddable":true,"href":"https:\/\/vocesparalelas.com.ar\/sitio\/wp-json\/wp\/v2\/media\/36539"}],"wp:attachment":[{"href":"https:\/\/vocesparalelas.com.ar\/sitio\/wp-json\/wp\/v2\/media?parent=36537"}],"wp:term":[{"taxonomy":"category","embeddable":true,"href":"https:\/\/vocesparalelas.com.ar\/sitio\/wp-json\/wp\/v2\/categories?post=36537"},{"taxonomy":"post_tag","embeddable":true,"href":"https:\/\/vocesparalelas.com.ar\/sitio\/wp-json\/wp\/v2\/tags?post=36537"}],"curies":[{"name":"wp","href":"https:\/\/api.w.org\/{rel}","templated":true}]}}