{"id":36525,"date":"2021-04-02T22:13:37","date_gmt":"2021-04-03T01:13:37","guid":{"rendered":"http:\/\/vocesparalelas.com.ar\/sitio\/?p=36525"},"modified":"2021-04-02T22:13:37","modified_gmt":"2021-04-03T01:13:37","slug":"homenaje-a-los-veteranos-y-caidos-en-la-guerra-de-malvinas-de-1982","status":"publish","type":"post","link":"https:\/\/vocesparalelas.com.ar\/sitio\/homenaje-a-los-veteranos-y-caidos-en-la-guerra-de-malvinas-de-1982\/","title":{"rendered":"Homenaje a los Veteranos y Ca\u00eddos en la Guerra de Malvinas de 1982"},"content":{"rendered":"<div class=\"itemFullText jbintrotext\">\n<p>En el marco del 39\u00ba aniversario de la gesta de Malvinas, el vicegobernador y presidente nato de la C\u00e1mara de Diputados, CPN Roberto\u00a0 Gattoni, \u00b4residi\u00f3 el acto conmemorativo en Homenaje a los Veteranos y Ca\u00eddos en la Guerra de Malvinas de 1982.<\/p>\n<\/div>\n<div class=\"itemFullText\">\n<p>La ceremonia oficial fue llevada a cabo en la plaza Espa\u00f1a donde se encuentra el monumento Islas Malvinas. Particip\u00f3 la ministra de Gobierno, Fabiola Aubone; el jefe del Regimiento de Infanter\u00eda de Monta\u00f1a 22, coronel Rolando Alberto Labrousse; el obispo auxiliar, monse\u00f1or Carlos Mar\u00eda Dom\u00ednguez; el secretario de Relaciones Institucionales, Marcelo Fretes; la directora de Organizaciones No Gubernamentales y Culto, Liliana Olgu\u00edn; representantes de las agrupaciones de veteranos de guerras, familiares de veteranos y ca\u00eddos en el conflicto b\u00e9lico.<\/p>\n<p>Tras el izamiento del pabell\u00f3n nacional por parte de las autoridades, el vicegobernador junto con la ministra de Gobierno realiz\u00f3 la colocaci\u00f3n de una ofrenda floral en el monumento donde se perpet\u00faa los nombres de los excombatientes. Del mismo modo, lo hicieron los representantes de la Agrupaci\u00f3n 2 de Abril.<\/p>\n<p>Acto seguido, fueron entonadas las estrofas del Himno Nacional Argentino y la Marcha a Malvinas, acompa\u00f1ada por la Banda de M\u00fasica del RIM 22. Luego, el arzobispo auxiliar llev\u00f3 a cabo la invocaci\u00f3n religiosa.<\/p>\n<\/div>\n<p><img loading=\"lazy\" decoding=\"async\" class=\"alignnone wp-image-36528 size-full\" src=\"https:\/\/vocesparalelas.com.ar\/sitio\/wp-content\/uploads\/2021\/04\/MALVINAS-ARGENTINAS-02.jpg\" alt=\"\" width=\"800\" height=\"451\" srcset=\"https:\/\/vocesparalelas.com.ar\/sitio\/wp-content\/uploads\/2021\/04\/MALVINAS-ARGENTINAS-02.jpg 800w, https:\/\/vocesparalelas.com.ar\/sitio\/wp-content\/uploads\/2021\/04\/MALVINAS-ARGENTINAS-02-300x169.jpg 300w, https:\/\/vocesparalelas.com.ar\/sitio\/wp-content\/uploads\/2021\/04\/MALVINAS-ARGENTINAS-02-768x433.jpg 768w\" sizes=\"auto, (max-width: 800px) 100vw, 800px\" \/><\/p>\n<p><img loading=\"lazy\" decoding=\"async\" class=\"alignnone wp-image-36527 size-full\" src=\"https:\/\/vocesparalelas.com.ar\/sitio\/wp-content\/uploads\/2021\/04\/MALVINAS-ARGENTINAS-01.jpg\" alt=\"\" width=\"800\" height=\"409\" srcset=\"https:\/\/vocesparalelas.com.ar\/sitio\/wp-content\/uploads\/2021\/04\/MALVINAS-ARGENTINAS-01.jpg 800w, https:\/\/vocesparalelas.com.ar\/sitio\/wp-content\/uploads\/2021\/04\/MALVINAS-ARGENTINAS-01-300x153.jpg 300w, https:\/\/vocesparalelas.com.ar\/sitio\/wp-content\/uploads\/2021\/04\/MALVINAS-ARGENTINAS-01-768x393.jpg 768w\" sizes=\"auto, (max-width: 800px) 100vw, 800px\" \/><\/p>\n<div class=\"itemFullText\">\n<p>Despu\u00e9s, habl\u00f3 el vicegobernador, la ministra y un veterano de Malvinas. En la ocasi\u00f3n, el presidente de la C\u00e1mara de Diputados expres\u00f3 que \u201choy conmemoramos la gesta de Malvinas pero creo que tambi\u00e9n honramos a quienes combatieron en esa guerra. A los que quedaron o dejaron sus vidas en las Islas, a los que regresaron y que en el tr\u00e1nsito de su vida llevan el orgullo de haber defendido la patria pero tambi\u00e9n cargan en la mochila las secuelas de una guerra. Un reconocimiento especial para todos ellos y tambi\u00e9n para los familiares porque acompa\u00f1an, siguen y apoyan a quienes han tenido la tan noble tarea de defender a la patria\u201d.<\/p>\n<p>Seguidamente, agreg\u00f3 que \u201cesto es un acto vivo, un acto de lucha, porque el conflicto b\u00e9lico termin\u00f3 pero la lucha por la soberan\u00eda de Malvinas no descansar\u00e1 y no cesar\u00e1 hasta que las Islas est\u00e9n bajo la soberan\u00eda del suelo argentino\u201d. A continuaci\u00f3n, transmiti\u00f3 el saludo del primer mandatario provincial, Sergio U\u00f1ac, que por cuestiones de agenda no pudo estar presente y anunci\u00f3 que \u201cel gobernador ha enviado a la C\u00e1mara de Diputados un proyecto de ley por el cual reconoce el cuarenta por ciento de antig\u00fcedad para los excombatientes, cuesti\u00f3n que hemos conversado durante un largo tiempo y ahora est\u00e1 pr\u00f3ximo a materializarse\u201d.<\/p>\n<p>A su turno, la ministra de Gobierno expres\u00f3 que \u201cme llena de honor y emoci\u00f3n poder estar ac\u00e1 con ustedes despu\u00e9s de un a\u00f1o muy dif\u00edcil donde no nos pudimos reunir a conmemorar juntos este d\u00eda. La causa de Malvinas es parte de la pol\u00edtica del gobierno que encabeza nuestro gobernador U\u00f1ac. Y no lo hace solo desde lo discursivo. Hemos logrado concretar cinco viajes de regreso a las islas. En alguno de ellos me toc\u00f3 participar y compartir con ustedes lo que vivieron y lo que hicieron, a lo que siempre estaremos agradecidos. Esto nos permiti\u00f3 una escucha activa a todos los que estuvimos acompa\u00f1ando en estos viajes y poder trabajar de manera coordinada y permanente con todos ustedes y los familiares. Entonces, la causa de Malvinas y aquella promesa de poder trabajar siempre por ella, se concreta en acciones reales. Estamos trabajando, como ustedes lo saben, en la revalorizaci\u00f3n de este espacio para que todos los sanjuaninos y sanjuaninas puedan verdaderamente apropiarse de este lugar, pasar por ac\u00e1, encontrarse con ustedes y encontrarse con la causa\u201d.<\/p>\n<p>Posteriormente, detall\u00f3 otras acciones que el gobierno lleva a cabo por Malvinas y se\u00f1al\u00f3 que \u201cestamos trabajando entre todos y quienes quieran pueden sumarse, porque este es un trabajo de todos y para todos, en un libro cuya propuesta surgi\u00f3 en alg\u00fan momento del grupo del viaje que me toc\u00f3 estar. Esta publicaci\u00f3n, m\u00e1s all\u00e1 que tendr\u00e1 testimonios, lo que buscar\u00e1 es contar la guerra con la voz de los verdaderos protagonistas de la historia argentina, para que las generaciones futuras puedan conocer esa historia desde la versi\u00f3n que ustedes tienen, de c\u00f3mo lo vivieron y la sintieron\u201d.<\/p>\n<p>Por \u00faltimo, el veterano Andr\u00e9s Gazzo dedic\u00f3 unas palabras conmemorativas por este d\u00eda especial y, luego, expres\u00f3 \u201cqueremos agradecer el cumplimiento de los acuerdos que en su momento hab\u00edamos pactado y realmente hoy merecen la honra de los veteranos. Vamos a estar, no solamente nosotros sino tambi\u00e9n nuestros familiares, permanentemente agradecidos con el actuar que han tenido despu\u00e9s de tantos a\u00f1os con los veteranos. Realmente se han ganado un lugar en nuestros corazones\u201d.<\/p>\n<\/div>\n<p><img loading=\"lazy\" decoding=\"async\" class=\"alignnone wp-image-36530 size-full\" src=\"https:\/\/vocesparalelas.com.ar\/sitio\/wp-content\/uploads\/2021\/04\/MALVINAS-ARGENTINAS-05.jpg\" alt=\"\" width=\"800\" height=\"502\" srcset=\"https:\/\/vocesparalelas.com.ar\/sitio\/wp-content\/uploads\/2021\/04\/MALVINAS-ARGENTINAS-05.jpg 800w, https:\/\/vocesparalelas.com.ar\/sitio\/wp-content\/uploads\/2021\/04\/MALVINAS-ARGENTINAS-05-300x188.jpg 300w, https:\/\/vocesparalelas.com.ar\/sitio\/wp-content\/uploads\/2021\/04\/MALVINAS-ARGENTINAS-05-768x482.jpg 768w\" sizes=\"auto, (max-width: 800px) 100vw, 800px\" \/><\/p>\n","protected":false},"excerpt":{"rendered":"<p>En el marco del 39\u00ba aniversario de la gesta de Malvinas, el vicegobernador y presidente nato de la C\u00e1mara de<\/p>\n","protected":false},"author":3,"featured_media":36529,"comment_status":"closed","ping_status":"closed","sticky":false,"template":"","format":"standard","meta":{"_acf_changed":false,"_seopress_robots_primary_cat":"none","_seopress_titles_title":"","_seopress_titles_desc":"","_seopress_robots_index":"","colormag_page_container_layout":"default_layout","colormag_page_sidebar_layout":"default_layout","footnotes":""},"categories":[1],"tags":[],"class_list":["post-36525","post","type-post","status-publish","format-standard","has-post-thumbnail","hentry","category-destacadas"],"acf":[],"_links":{"self":[{"href":"https:\/\/vocesparalelas.com.ar\/sitio\/wp-json\/wp\/v2\/posts\/36525","targetHints":{"allow":["GET"]}}],"collection":[{"href":"https:\/\/vocesparalelas.com.ar\/sitio\/wp-json\/wp\/v2\/posts"}],"about":[{"href":"https:\/\/vocesparalelas.com.ar\/sitio\/wp-json\/wp\/v2\/types\/post"}],"author":[{"embeddable":true,"href":"https:\/\/vocesparalelas.com.ar\/sitio\/wp-json\/wp\/v2\/users\/3"}],"replies":[{"embeddable":true,"href":"https:\/\/vocesparalelas.com.ar\/sitio\/wp-json\/wp\/v2\/comments?post=36525"}],"version-history":[{"count":1,"href":"https:\/\/vocesparalelas.com.ar\/sitio\/wp-json\/wp\/v2\/posts\/36525\/revisions"}],"predecessor-version":[{"id":36531,"href":"https:\/\/vocesparalelas.com.ar\/sitio\/wp-json\/wp\/v2\/posts\/36525\/revisions\/36531"}],"wp:featuredmedia":[{"embeddable":true,"href":"https:\/\/vocesparalelas.com.ar\/sitio\/wp-json\/wp\/v2\/media\/36529"}],"wp:attachment":[{"href":"https:\/\/vocesparalelas.com.ar\/sitio\/wp-json\/wp\/v2\/media?parent=36525"}],"wp:term":[{"taxonomy":"category","embeddable":true,"href":"https:\/\/vocesparalelas.com.ar\/sitio\/wp-json\/wp\/v2\/categories?post=36525"},{"taxonomy":"post_tag","embeddable":true,"href":"https:\/\/vocesparalelas.com.ar\/sitio\/wp-json\/wp\/v2\/tags?post=36525"}],"curies":[{"name":"wp","href":"https:\/\/api.w.org\/{rel}","templated":true}]}}