{"id":36511,"date":"2021-04-01T21:41:46","date_gmt":"2021-04-02T00:41:46","guid":{"rendered":"http:\/\/vocesparalelas.com.ar\/sitio\/?p=36511"},"modified":"2021-04-04T21:20:56","modified_gmt":"2021-04-05T00:20:56","slug":"acciones-y-desafios-para-el-2021-en-san-juan","status":"publish","type":"post","link":"https:\/\/vocesparalelas.com.ar\/sitio\/acciones-y-desafios-para-el-2021-en-san-juan\/","title":{"rendered":"Acciones y desaf\u00edos para el 2021 en San Juan"},"content":{"rendered":"<div class=\"itemFullText jbintrotext\">\n<p>Con el pronunciamiento del mensaje anual del gobernador de San Juan, Dr. Sergio U\u00f1ac, qued\u00f3 habilitado el Periodo Ordinario de Sesiones 2021, tal como lo establece el art\u00edculo 189\u00ba, inciso 6, de la Constituci\u00f3n de la provincia. Durante su discurso, el primer mandatario realiz\u00f3 un resumen de lo actuado hasta la fecha destacando la capacidad de resiliencia y el esp\u00edritu de recuperaci\u00f3n que tuvieron los sanjuaninos y las sanjuaninas ante las adversidades que present\u00f3 el 2020 con la pandemia y el \u00a0inicio del 2021 con el terremoto. Frente a este marco, puso en valor el sostenimiento de la econom\u00eda, la continuidad de las obras, la r\u00e1pida respuesta atendiendo la emergencia y el no haberse endeudado.<\/p>\n<p><img loading=\"lazy\" decoding=\"async\" class=\"alignnone wp-image-36514 size-full\" src=\"https:\/\/vocesparalelas.com.ar\/sitio\/wp-content\/uploads\/2021\/04\/UNAC-2021-02.jpg\" alt=\"\" width=\"800\" height=\"534\" srcset=\"https:\/\/vocesparalelas.com.ar\/sitio\/wp-content\/uploads\/2021\/04\/UNAC-2021-02.jpg 800w, https:\/\/vocesparalelas.com.ar\/sitio\/wp-content\/uploads\/2021\/04\/UNAC-2021-02-300x200.jpg 300w, https:\/\/vocesparalelas.com.ar\/sitio\/wp-content\/uploads\/2021\/04\/UNAC-2021-02-768x513.jpg 768w\" sizes=\"auto, (max-width: 800px) 100vw, 800px\" \/><\/p>\n<p><img loading=\"lazy\" decoding=\"async\" class=\"alignnone wp-image-36513 size-full\" src=\"https:\/\/vocesparalelas.com.ar\/sitio\/wp-content\/uploads\/2021\/04\/UNAC-2021-01.jpg\" alt=\"\" width=\"800\" height=\"534\" srcset=\"https:\/\/vocesparalelas.com.ar\/sitio\/wp-content\/uploads\/2021\/04\/UNAC-2021-01.jpg 800w, https:\/\/vocesparalelas.com.ar\/sitio\/wp-content\/uploads\/2021\/04\/UNAC-2021-01-300x200.jpg 300w, https:\/\/vocesparalelas.com.ar\/sitio\/wp-content\/uploads\/2021\/04\/UNAC-2021-01-768x513.jpg 768w\" sizes=\"auto, (max-width: 800px) 100vw, 800px\" \/><\/p>\n<\/div>\n<div class=\"itemFullText\">\n<p>Al comenzar su alocuci\u00f3n, el titular del Poder Ejecutivo se\u00f1al\u00f3 que \u201cel di\u00e1logo es el mejor y m\u00e1s eficaz instrumento para el encuentro y la pol\u00edtica debe ser la herramienta para construir m\u00e1s y mejores oportunidades para todos\u201d.<\/p>\n<p>Seguidamente, se refiri\u00f3 al impacto que la pandemia trajo en el mundo, el pa\u00eds y la provincia y se\u00f1al\u00f3 que \u201ca pesar de los esfuerzos de toda la sociedad y de lo dif\u00edcil que fue el a\u00f1o que pas\u00f3, a\u00fan no hemos superado el COVID-19. Hicimos todo lo que pudimos y supimos, intentando mitigar sus efectos y resistimos como provincia todo lo posible. Pero finalmente el virus lleg\u00f3 y comenz\u00f3 a circular entre nosotros con lamentables consecuencias\u201d. En este sentido, transmiti\u00f3 su profundo pesar\u00a0 por las v\u00edctimas fatales por esta enfermedad y manifest\u00f3 que \u201cconstituye el saldo m\u00e1s negativo y lamentable de esta situaci\u00f3n\u201d.<\/p>\n<p>Luego, recalc\u00f3\u00a0 que desde un primer momento el abordaje de la pandemia fue prioridad del Gobierno y su principal ocupaci\u00f3n como gobernador. \u201cTuvimos que tomar decisiones en un contexto altamente incierto, sin antecedentes, sabiendo que cada acci\u00f3n de restricci\u00f3n impactaba en la salud, en la econom\u00eda, y lo que es m\u00e1s importante, cada medida que tom\u00e1bamos impactaba en el \u00e1nimo y la emocionalidad de los sanjuaninos. Esta pandemia puso a prueba a todos los gobiernos\u201d.<\/p>\n<p>Despu\u00e9s, destac\u00f3 el trabajo conjunto entre Provincia y Naci\u00f3n, as\u00ed como con los gobiernos municipales con \u201cla responsabilidad de cuidar a todos, de asistir a los que necesitan, de respetar sus libertades, de preservar el trabajo y la actividad econ\u00f3mica\u201d. Tambi\u00e9n, agradeci\u00f3 el importante aporte de los equipos de Salud, a las fuerzas de Seguridad y Defensa y personal de Desarrollo Humano, que con profesionalismo y compromiso acompa\u00f1aron a enfrentar la pandemia. Asimismo, reconoci\u00f3 el esfuerzo cotidiano de los docentes que se reinventaron con vocaci\u00f3n y voluntad para contribuir al proceso educativo; as\u00ed como de los intendentes, c\u00e1maras empresariales y asociaciones civiles y salud\u00f3 especialmente \u201ca las sanjuaninas y los sanjuaninos que actuaron con responsabilidad y empat\u00eda\u201d y \u201ca quienes la lucharon\u201d.<\/p>\n<p>A continuaci\u00f3n, inst\u00f3 a la sociedad a extremar los cuidados fundamentales para proteger la salud propia, la de los seres queridos y la de todos los ciudadanos y ciudadanas. Y se\u00f1al\u00f3 que \u201cseguiremos vacunando al ritmo que nos permita las entregas de vacunas; esta segunda ola encontrar\u00e1 a nuestro sistema de Salud y a nuestro gobierno m\u00e1s fortalecido y experimentado\u201d. \u201cFuimos capaces de superar este 2020 y seremos capaces de superar lo que resta\u201d, asever\u00f3 el mandatario.<\/p>\n<p>Al instante, sostuvo que \u201cla crisis despert\u00f3 nuestro talento para dialogar y acordar\u201d, de esta manera puso de relieve la capacidad de los sanjuaninos para generar \u201cel espacio y el tiempo para pensar c\u00f3mo salir y qu\u00e9 acciones instrumentar para recuperar nuestros niveles de crecimiento y desarrollo\u201d, valorando la concreci\u00f3n del Acuerdo San Juan como \u201cla reacci\u00f3n de una Provincia que no quer\u00eda resignar futuro; una construcci\u00f3n colectiva que cont\u00f3 con el aporte y el compromiso de todos los sectores\u201d.<\/p>\n<p>M\u00e1s tarde, el gobernador se refiri\u00f3 al terremoto que afect\u00f3 la provincia el pasado 18 de enero provocando numerosos da\u00f1os materiales, y destac\u00f3 la capacidad \u201cde los sanjuaninos de renacer, de encontrar en la adversidad la fuerza y el coraje para recuperarse\u201d. Sobre esta situaci\u00f3n, destac\u00f3 la r\u00e1pida reacci\u00f3n del Estado provincial, que atendi\u00f3 la emergencia con todos los recursos, as\u00ed como la solidaridad de todo el pa\u00eds y la r\u00e1pida y oportuna ayuda del Gobierno nacional, que se materializ\u00f3 en la visita del presidente Alberto Fern\u00e1ndez y su equipo de trabajo para anunciar la construcci\u00f3n de viviendas para los damnificados por el sismo, obra que ya est\u00e1 en marcha.<\/p>\n<p>\u201cSon momentos dif\u00edciles, por lo tanto, son momentos de prudencia, de di\u00e1logo, de buscar la equidad, la unidad, ayudando a quienes m\u00e1s lo necesitan y sumando; conscientes que en cada decisi\u00f3n se juega la paz y el bienestar de muchos\u201d, agreg\u00f3 el gobernador.<\/p>\n<p>Luego, dijo que \u201chemos afrontado\u00a0 en un mismo a\u00f1o\u00a0 la crisis\u00a0 que arrastraban nuestras econom\u00edas regionales de los \u00faltimos a\u00f1os y la ca\u00edda de los principales indicadores econ\u00f3micos y sociales al\u00a0 ritmo\u00a0 de\u00a0 un preocupante\u00a0 aumento\u00a0 de\u00a0 la inflaci\u00f3n.<\/p>\n<p>Paralelamente, la situaci\u00f3n sanitaria demandaba restringir actividades: todos los sectores, comercial, industrial y de servicios sufrieron el impacto de la pandemia, elev\u00e1ndose los niveles de desocupaci\u00f3n.<\/p>\n<p>Con gran esfuerzo fuimos recuperando\u00a0 niveles\u00a0 de actividad: la obra p\u00fablica, una vez\u00a0 m\u00e1s se puso a la vanguardia\u00a0 y\u00a0 comenz\u00f3\u00a0 a traccionar: luego movilizamos\u00a0 la miner\u00eda con toda su potencia, la industria y el comercio. El sector tur\u00edstico y\u00a0 gastron\u00f3mico, muy afectados en los primeros meses, se comenz\u00f3 a activar. Fuimos una de las primeras provincias en tener su econom\u00eda activada. Tenemos, a pesar del contexto, una econom\u00eda de pie, trabajando y los diferentes sectores reactivados y con proyecciones alentadoras. Nuestro nivel de empleo se ha recuperado y el presupuesto provincial ha seguido inyectando liquidez al mercado local\u201d.<\/p>\n<p>Acto seguido, el gobernador comenz\u00f3 a detallar cada una de las acciones llevadas a cabo por cada \u00e1rea del gobierno comenzando por destacar, en medio de un dif\u00edcil contexto,\u00a0 la recuperaci\u00f3n de los niveles de actividad, la tracci\u00f3n de la obra p\u00fablica y la reactivaci\u00f3n de la miner\u00eda, la industria y el comercio. Y por \u00faltimo, anunci\u00f3 las nuevas medidas y pol\u00edticas a implementar en el presente a\u00f1o. (ver detalles m\u00e1s adelante)<\/p>\n<p>Para cerrar,\u00a0 expres\u00f3 \u201csanjuaninos y sanjuaninas, ac\u00e1 estamos, porque esta es nuestra tierra y por m\u00e1s que tiemble o llueva, por m\u00e1s pandemia que la azote, ac\u00e1 nos quedaremos y seguiremos trabajando. Sigamos, no bajemos los brazos, hemos vivido una situaci\u00f3n dif\u00edcil y no puedo prometer que lo que viene no sea dif\u00edcil tambi\u00e9n. Pero lo que puedo asegurar es que si nos mantenemos juntos y unidos ser\u00e1 posible asumir desaf\u00edos del presente y construir el futuro\u201d.<\/p>\n<p><span style=\"color: #800080;\"><strong>Desarrollo de la sesi\u00f3n<\/strong><\/span><\/p>\n<p>La sesi\u00f3n comenz\u00f3 a la 9.01 bajo un estricto cumplimiento de los protocolos sanitarios vigentes para la prevenci\u00f3n del COVID-19. Estuvo encabezada por el vicegobernador y presidente nato de la C\u00e1mara de Diputados, Roberto Gattoni. Acompa\u00f1aron los secretarios Legislativo, Nicol\u00e1s Alvo y Administrativo, Roberto Iglesias.<\/p>\n<p>Como invitados especiales concurrieron de forma presencial el secretario General de la Gobernaci\u00f3n, Juan Flores; el asesor Letrado de Gobierno, Carlos Lorenzo; el ex gobernador de la provincia, Jorge Escobar; el jefe RIM 22 teniente coronel, Rolando Alberto Labrousse; el jefe de la Polic\u00eda de San Juan, comisario general Luis Walter Mart\u00ednez; el jefe de Gendarmer\u00eda, comandante principal V\u00edctor Nelson Senicen; el arzobispo de San Juan, monse\u00f1or Jorge Eduardo Lozano; el fiscal general de la Corte de Justicia, Eduardo Quatropanni; el presidente de la Corte de Justicia de la provincia, Daniel Olivares Yapur; el defensor del Pueblo, Pablo Garc\u00eda Nieto; el fiscal de Estado, Jorge Eduardo Alvo Varela; los diputados Nacionales, Jos\u00e9 Luis Gioja, Francisco Guevara, Walberto Allende, Eduardo C\u00e1ceres, Marcelo Orrego y la diputada Nacional, Graciela Caselles.<\/p>\n<p>Tambi\u00e9n asistieron los senadores Nacionales, Rub\u00e9n U\u00f1ac, Roberto Basualdo y la senadora Nacional, Cristina Del Carmen L\u00f3pez; el secretario de Ambiente y Desarrollo Sustentable, Domingo Ra\u00fal Tello; el secretario de Ciencia, Tecnolog\u00eda e Innovaci\u00f3n, Tulio Abel Del Bono; el secretario de Estado de Seguridad y Orden Publico, Carlos Munisaga; el secretario de Deportes, Jorge Chica; las ministras de Gobierno, Fabiola Aubone; de Salud P\u00fablica, Alejandra Venerando; de Turismo y Cultura, Claudia Grynszpan; de Hacienda Y Finanzas, Marisa L\u00f3pez; y los ministros de Producci\u00f3n y Desarrollo Econ\u00f3mico, Andr\u00e9s D\u00edaz Cano; de Miner\u00eda, Carlos Astudillo; de Planificaci\u00f3n e Infraestructura, Julio Ortiz Andino; de Educaci\u00f3n Lic. Felipe De Los R\u00edos; de Desarrollo Humano y Promoci\u00f3n Social, Fabio Aballay; el presidente de Tribunal de Cuentas de la provincia, Isaac Abecasis; y el secretario General de la Asociaci\u00f3n del Personal Legislativo (A.Pe.L.), Sergio Peralta.<\/p>\n<p>Cabe recordar que los intendentes municipales estuvieron conectados virtualmente mediante la plataforma Zoom debido a las medidas sanitarias de prevenci\u00f3n COVID-19.<\/p>\n<p>Tras el izamiento de las banderas nacional y provincial por parte del diputado Carlos Platero, el secretario Legislativo arranc\u00f3 con la lectura del orden del d\u00eda de la sesi\u00f3n, que fue interrumpida por la moci\u00f3n de omitir la lectura por parte del legislador Juan Carlos Abarca.<\/p>\n<p>A la vez, propuso un cuarto intermedio, siendo las 9.09 horas, para que pudieran salir a cumplir su misi\u00f3n los legisladores miembros de las comisiones encargadas de la recepci\u00f3n y acompa\u00f1amiento del gobernador Sergio U\u00f1ac al recinto de sesiones.<\/p>\n<p>En este sentido, la Comisi\u00f3n de Exterior integrada por la diputada Florencia Pe\u00f1aloza y los diputados Juan Carlos Abarca, Sergio Miodowsky, Gustavo Us\u00edn y Andr\u00e9s Chanampa, recibieron al gobernador por el ingreso de calle Las Heras donde hizo su arribo y luego procedi\u00f3 a brindar unas breves palabras a los medios de comunicaci\u00f3n.<\/p>\n<p>A continuaci\u00f3n, el titular del Poder Ejecutivo, escoltado por la Comisi\u00f3n de Exterior, ingres\u00f3 al edificio legislativo donde fue recibido por la Comisi\u00f3n de Interior, conformada por los legisladores Horacio Quiroga, Enrique Monta\u00f1o, Enzo Cornejo y Marcelo Mallea. Ellos lo acompa\u00f1aron hasta el despacho del presidente de la C\u00e1mara de Diputados, Roberto Gattoni, con quien mantuvo una breve reuni\u00f3n junto con los parlamentarios titulares de los bloques.<\/p>\n<p>A las 9.38 horas, las autoridades ingresaron al recinto y la sesi\u00f3n fue reanudada. El vicegobernador brind\u00f3 la bienvenida al titular del Poder Ejecutivo para dar inicio al pronunciamiento de su mensaje anual que comenz\u00f3 a las 9.40 y culmin\u00f3 a las 11.03 horas. Finalizado el discurso, el diputado Juan Carlos Abarca pidi\u00f3 la palabra para agradecer la presencia del primer mandatario, solicit\u00f3 la realizaci\u00f3n de un nuevo cuarto intermedio para despedirlo e hizo moci\u00f3n para reanudar la primera sesi\u00f3n el pr\u00f3ximo jueves 8 de abril a partir de las 9 horas, la cual fue aprobada por unanimidad.<\/p>\n<p>Por \u00faltimo, el gobernador Sergio U\u00f1ac, acompa\u00f1ado por el vicegobernador Roberto Gattoni, brind\u00f3 una conferencia de prensa en la sala de Vicegobernadores.<\/p>\n<p><span style=\"color: #800080;\"><strong>Acciones implementadas durante el 2020<\/strong><\/span><\/p>\n<p>En el desarrollo de la s\u00edntesis de las principales acciones desplegadas en el per\u00edodo 2020, U\u00f1ac acot\u00f3 que San Juan cuenta con \u201cuna econom\u00eda de pie, trabajando, y los diferentes sectores reactivados y con proyecciones alentadoras. Nuestro nivel de empleo se ha recuperado y el presupuesto provincial ha seguido inyectando liquidez al mercado local\u201d<\/p>\n<p>Asimismo, el gobernador resalt\u00f3 la presencia de indicadores econ\u00f3micos alentadores, como los \u00edndices de desocupaci\u00f3n y de pobreza, que posicionan a San Juan como una de las provincias con mejores registros en ambos aspectos. Esto fue posible gracias a la construcci\u00f3n, en los \u00faltimos a\u00f1os, de \u201cuna base s\u00f3lida, con una matriz productiva diversificada, respetuosa del ambiente, innovadora y vinculada al desarrollo cient\u00edfico tecnol\u00f3gico\u201d.<\/p>\n<p>Por otro lado, puso \u00e9nfasis en destacar las \u201cmedidas de control, contenci\u00f3n y reasignaci\u00f3n del gasto corriente que posibilitaron a la provincia adecuarse a la situaci\u00f3n fiscal\u201d, as\u00ed como tambi\u00e9n en la capacidad para \u201ctransitar un a\u00f1o econ\u00f3mica y financieramente muy dif\u00edcil sin apelar al Fondo de Reserva Antic\u00edclico, ni tomar compromisos de deuda\u201d.<\/p>\n<p>U\u00f1ac consider\u00f3 que el a\u00f1o 2020 represent\u00f3 un gran esfuerzo para el sistema de salud y sus profesionales, ponderando el dise\u00f1o y puso en marcha de un plan operativo de respuesta para COVID-19, el cual cont\u00f3 con el trabajo coordinado que permiti\u00f3 el acondicionamiento de instalaciones para abordar la pandemia, as\u00ed como la adquisici\u00f3n de insumos y el nombramiento de nuevos profesionales de la salud.<\/p>\n<p>Con respecto a la asistencia social a las familias afectadas por la pandemia, remarc\u00f3 las diversas acciones como la tarjeta AlimentAR, que permiti\u00f3 asistir a los sectores m\u00e1s vulnerables con m\u00e1s de 1.800 millones de pesos, y un fuerte impulso a la econom\u00eda popular a trav\u00e9s de distintas iniciativas.<\/p>\n<p>Tambi\u00e9n, se\u00f1al\u00f3 las pol\u00edticas de abordaje ante casos de violencia de g\u00e9nero, a trav\u00e9s del fortalecimiento de la estructura de asesoramiento, seguimiento y contenci\u00f3n de las v\u00edctimas.<\/p>\n<p>Adem\u00e1s, el primer mandatario resalt\u00f3 las tareas desarrolladas junto a organismos nacionales e internacionales para repatriar a m\u00e1s de 6 mil ciudadanos nativos y residentes en San Juan que quedaron varados en los m\u00e1s diversos lugares del mundo en el inicio de la pandemia.<\/p>\n<p>Otro tema en el que hizo hincapi\u00e9 fue el transporte p\u00fablico de pasajeros, que se ver\u00e1 transformado a trav\u00e9s de la RedTulum en un cambio de paradigma en el traslado de los sanjuaninos, apostando a la incorporaci\u00f3n de tecnolog\u00eda, confort y agilidad. Esta iniciativa ya se puso en marcha en cuatro departamentos y pr\u00f3ximamente se implementar\u00e1 en las comunas restantes.<\/p>\n<p><span style=\"color: #800080;\"><strong>Educaci\u00f3n<\/strong><\/span><\/p>\n<p>En materia educativa, U\u00f1ac puso de relieve el trabajo realizado desde la Provincia para garantizar la continuidad de la educaci\u00f3n ante la suspensi\u00f3n de las clases presenciales en todo el pa\u00eds a ra\u00edz de la pandemia. Ese contexto signific\u00f3 un desaf\u00edo para la comunidad educativa sanjuanina, que a trav\u00e9s de diversas acciones, herramientas tecnol\u00f3gicas y la vocaci\u00f3n de los docentes, consigui\u00f3 garantizar la continuidad pedag\u00f3gica en todos los niveles.<\/p>\n<p>\u201cSe implement\u00f3 el sitio web \u201cNuestra Aula en Linea\u2019 que contuvo 152.000 gu\u00edas pedag\u00f3gicas, dise\u00f1ada por docentes de todos los niveles y modalidades. Al mismo tiempo, se elabor\u00f3 el Plan Jurisdiccional de Retorno a Clases Presenciales, siendo San Juan la primera provincia argentina en iniciarlas en forma paulatina. En febrero de 2021 se inici\u00f3 la primera instancia de presencialidad, y deseamos que poco a poco recuperemos la normalidad\u201d.<\/p>\n<p>En materia de infraestructura educativa destac\u00f3 que \u201ccompletamos las obras de las Escuelas Normal San Martin, Berutti y Gorriti, por un total de $550 millones. Se licitaron m\u00e1s de 20 obras en establecimientos educativos con recursos provinciales, como la EPET 6 y la Agrot\u00e9cnica de Pocito, por un total de $150 millones. Durante el 2020 se refaccionaron m\u00e1s de 400 edificios escolares. Y como consecuencia del terremoto, estamos trabajando en mejoras en 90 edificios que sufrieron alg\u00fan tipo de da\u00f1o no estructural, con una inversi\u00f3n de m\u00e1s de $100 millones. Hace pocos d\u00edas, se licitaron 8 escuelas de nivel inicial financiadas por el BID, y anunciamos concursos de obras con fondos nacionales para adecuar instalaciones sanitarias en la lucha contra el COVID-19 en otros establecimientos. Tambi\u00e9n obtuvimos del Instituto Nacional de Educaci\u00f3n T\u00e9cnica, el financiamiento para la refacci\u00f3n total del emblem\u00e1tico edificio de la escuela t\u00e9cnica EPET 4, obra de m\u00e1s de 5000 m2 y un presupuesto de m\u00e1s de $400 millones\u201d.<\/p>\n<p><span style=\"color: #800080;\"><strong>Miner\u00eda<\/strong><\/span><\/p>\n<p>Con respecto a la actividad minera, sostuvo que la provincia ratific\u00f3 en el a\u00f1o 2020 la continuidad de la miner\u00eda en la provincia bajo una mirada integral, bajo los pilares de \u201cvelar por la seguridad ambiental, agilizar las concesiones mineras para la generaci\u00f3n de puestos de trabajo y mantener la licencia social\u201d.<\/p>\n<p>Por otro lado, destac\u00f3 la modificaci\u00f3n de la ley de regal\u00edas mineras que estableci\u00f3 que los municipios que reciben estos fondos los destinen a inversi\u00f3n p\u00fabica exclusivamente, destinando parte de estos recursos al desarrollo y fortalecimiento de proyectos vinculados a la econom\u00eda del conocimiento, representando un cambio de paradigma y una apuesta al futuro de la provincia.<\/p>\n<p>Tambi\u00e9n se\u00f1al\u00f3 que con una inversi\u00f3n superior a los 1.234 millones de pesos provenientes de la actividad minera, se realizaron proyectos estrat\u00e9gicos vinculados a la salud, a la educaci\u00f3n, al desarrollo econ\u00f3mico, social, productivo, industrial y tur\u00edstico. \u201cEn este sentido quisiera se\u00f1alar que el 42% de la inversi\u00f3n total de exploraci\u00f3n del pa\u00eds en materia minera, se est\u00e1 realizando en San Juan, los cual nos demuestra que estamos en el camino correcto\u201d.<\/p>\n<p><span style=\"color: #800080;\"><strong>Inversi\u00f3n P\u00fablica<\/strong><\/span><\/p>\n<p>U\u00f1ac ubic\u00f3 asimismo a la inversi\u00f3n p\u00fablica como uno de los pilares del desarrollo provincial, sosteniendo \u201cen 2020 un 20% del presupuesto destinado a obras p\u00fablicas y manteniendo el ritmo de construcci\u00f3n de viviendas, obras viales y el\u00e9ctricas, aspirando en este per\u00edodo a llevar el presupuesto de obras a un 22.35%\u201d.<\/p>\n<p>Manifest\u00f3 que con una importante inversi\u00f3n, numerosas obras viales y de servicio de aguas, cloacas y gas fueron concluidas, aportando una mejorar calidad de vida para miles de sanjuaninos beneficiados en toda la provincia.<\/p>\n<p>Asimismo, resalt\u00f3 la continuidad del desarrollo de proyectos de energ\u00edas limpias en la provincia,\u00a0 con millonarias inversiones que posibilitan diversificar la matriz energ\u00e9tica de forma sustentable.<\/p>\n<p><span style=\"color: #800080;\"><strong>Turismo<\/strong><\/span><\/p>\n<p>Pese al adverso contexto que el 2020 signific\u00f3 para el turismo, el gobernador rescat\u00f3 la capacidad del sector tur\u00edstico p\u00fablico y privado para \u201ctransformar esta crisis en una oportunidad para desarrollar el turismo interno\u201d, cuya reapertura en la provincia registr\u00f3 picos de ocupaci\u00f3n que superaron el 90%.<\/p>\n<p>Los operadores de la actividad tur\u00edstica, gastron\u00f3mica y art\u00edstica de San Juan recibieron asistencia inmediata a trav\u00e9s de programas de apoyo y l\u00edneas de cr\u00e9dito, como tambi\u00e9n el alivio de la presi\u00f3n tributaria sobre el sector y la capacitaci\u00f3n de sus integrantes.<\/p>\n<p>\u201cDiversos programas como el Emprendedor Tur\u00edstico y Cultural, el Programa de Financiamiento \u201cSan Juan Activa\u2019, aportaron m\u00e1s de $48.000.000 al sector y contribuyeron a sostener mas de 1.000 puestos de trabajo y a crear m\u00e1s de 200 puestos nuevos. Destacar que en el \u00e1mbito de la cultura y fruto del Acuerdo San Juan dimos un gran paso promulgando la Ley de Mecenazgo Cultural destinada a estimular e incentivar la participaci\u00f3n privada en el financiamiento de proyectos culturales\u201d se\u00f1al\u00f3 el gobernador.<\/p>\n<p><span style=\"color: #800080;\"><strong>Empleo del sector privado<\/strong><\/span><\/p>\n<p>Con respecto a la situaci\u00f3n laboral del sector privado, el titular del Poder Ejecutivo record\u00f3 \u201csiempre hemos sostenido que el empleo de calidad es la base del desarrollo y que es el sector privado el que debe promover m\u00e1s y mejor empleo para las sanjuaninas y los sanjuaninos, por ello durante el 2020 se destinaron 1500 millones de pesos a l\u00edneas de cr\u00e9ditos con tasas subsidiadas, con el fin de asistir y sostener a todos los sectores productivos, econ\u00f3micos y de servicios de la provincia\u201d.<\/p>\n<p>\u201c Tambi\u00e9n aportamos al empleo desde el programa, \u201cSan Juan Trabaja\u201d en el que oferta y demanda de empleo se articulan para que los trabajadores desocupados y las empresas demandantes de trabajo, puedan relacionarse de forma directa, 400 empresas y 10.000 trabajadores son parte de este programa que surgid del seno del AS). Conjuntamente desde el Programa de Incentivos Fiscales a la Inversi\u00f3n Productiva se dispusieron 337 millones de pesos favoreciendo que fueran destinados a 62 empresas que demandan empleo y servicios. En pandemia fueron necesarias m\u00e1s que nunca, las herramientas de inclusi\u00f3n financiera. Desde Garant\u00eda San Juan hemos asistido a m\u00e1s de 50 MiPyMEs, monto total de garant\u00edas otorgadas para operaciones de 100 millones de pesos. A trav\u00e9s de la Agencia Calidad San Juan sostuvimos los programas de apoyo a la competitividad apuntando a la transformaci\u00f3n digital y a la reactivaci\u00f3n de las Mipymes\u201d.<\/p>\n<p><span style=\"color: #800080;\"><strong>Ciencia y T\u00e9cnica<\/strong><\/span><\/p>\n<p>En referencia los avances en ciencia y t\u00e9cnica, el mandatario remarc\u00f3 la incorporaci\u00f3n de herramientas tecnol\u00f3gicas y mejora en los procesos productivos beneficio a cooperativas de varios departamentos, y a trav\u00e9s de la creaci\u00f3n de la primera incubadora de empresas del Gobierno de San Juan, se brind\u00f3 asistencia t\u00e9cnica y financiera para el desarrollo de nuevas empresas con alto contenido tecnol\u00f3gico e innovador.<\/p>\n<p>En sinton\u00eda con esas medidas, 200 investigadores de las universidades locales fueron asistidos en proyectos de investigaci\u00f3n aplicada vinculados a la mejora de procesos de producci\u00f3n, sostenibilidad ambiental, reconversi\u00f3n energ\u00e9tica, e innovaci\u00f3n tecnol\u00f3gica.<\/p>\n<p><span style=\"color: #800080;\"><strong>Deporte<\/strong><\/span><\/p>\n<p>El sector de deportes fue uno de los m\u00e1s afectados por la pandemia, consider\u00f3 U\u00f1ac, y valor\u00f3 la capacidad de adaptaci\u00f3n del mismo que y a trav\u00e9s del cumplimiento de los correspondientes protocolos sanitarios logr\u00f3 poner en marcha nuevamente las actividades.<\/p>\n<p>Las obras de infraestructura en instituciones deportivas no detuvieron su marcha. Construcciones y remodelaciones fueron una constante que benefici\u00f3 a centenares de clubes sanjuaninos a trav\u00e9s de diversos programas, as\u00ed como tambi\u00e9n la gesti\u00f3n de fondos nacionales y la Ley de Inembargabilidad e Inejecutabilidad que dio un marco leg\u00edtimo a las instituciones para su funcionamiento<\/p>\n<p><span style=\"color: #800080;\"><strong>Ambiente<\/strong><\/span><\/p>\n<p>El primer mandatario provincial asever\u00f3 que \u201cen materia ambiental continuaremos trabajando con el convencimiento que la planificaci\u00f3n del desarrollo econ\u00f3mico debe ir de la mano con la preservaci\u00f3n del ambiente\u201d y puso como ejemplo al Centro Ambiental Anchipurac y al Complejo Ambiental San Juan, integrado por el Parque de Tecnolog\u00edas Ambientales, el Centro de Educaci\u00f3n e Interpretaci\u00f3n y el Parque Tecnol\u00f3gico Ambiental Regional (PITAR), al que se est\u00e1 dotando de red vial, provisi\u00f3n de gas, conectividad, energ\u00eda el\u00e9ctrica y solar, y la red de agua.<\/p>\n<p>Puso de relieve adem\u00e1s iniciativas que van a la absoluta vanguardia en el cuidado de ambiente, como la construcci\u00f3n de la Planta Procesadora de Residuos Electr\u00f3nicos, Electrodom\u00e9sticos y de Pilas y Bater\u00edas.<\/p>\n<p>\u201cVinculado con el tema agua y en el marco el control de su calidad hemos instalado en el cauce del Rio San Juan 4 estaciones de telemonitoreo, y fue puesto en funcionamiento en el Parque de la Biodiversidad un moderno laboratorio de limnolog\u00eda, que analizar\u00e1 el agua de nuestros lagos\u201d, afirm\u00f3 el gobernador, para luego enumerar las obras que permiten ser cuidadosos con el agua \u201cporque es un recurso escaso en la provincia\u201d.<\/p>\n<p>La constante incorporaci\u00f3n de tecnolog\u00eda, capacitaci\u00f3n de efectivos y optimizaci\u00f3n del uso de los recursos fueron los ejes m\u00e1s destacados por el gobernador en materia de seguridad, considerada una prioridad de su gesti\u00f3n.<\/p>\n<p><span style=\"color: #800080;\"><strong>Seguridad<\/strong><\/span><\/p>\n<p>Sobre las acciones implementadas en Seguridad, se\u00f1al\u00f3 U\u00f1ac, comprenden la \u201cincorporaci\u00f3n de tecnolog\u00eda, c\u00e1maras, recursos humanos y capacitaci\u00f3n de las fuerzas\u201d, \u00a0lo que ha permitido reducir los \u00edndices delictivos en la provincia desde el 2016 al 2020.<\/p>\n<p>Un p\u00e1rrafo aparte en su discurso ocup\u00f3 el comienzo de la nueva Unidad Penitenciaria en el departamento Ullum, posible gracias a una inversi\u00f3n conjunta entre Provincia y Naci\u00f3n que supera los 2 millones de pesos.<\/p>\n<p><span style=\"color: #800080;\"><strong>Acciones y desaf\u00edos para el 2021<\/strong><\/span><\/p>\n<p>El gobernador Sergio U\u00f1ac proyect\u00f3 un 2021 con \u201cperspectivas econ\u00f3micas que nos permiten pensar en una recuperaci\u00f3n de los niveles de crecimiento\u201d. Sin embargo, reconoci\u00f3 que \u201cenfrentamos un a\u00f1o con incertidumbre. Sabemos que el escenario puede cambiar y que a lo mejor las condiciones que hemos pensado no se dan o son distintas a lo que esperamos. Pero somos optimistas, tenemos esperanza y por sobre esto tenemos la obligaci\u00f3n de proyectar siempre un futuro mejor\u201d.<\/p>\n<p>Entre las medidas a implementar destac\u00f3:<\/p>\n<ul>\n<li>M\u00e1s lugares de testeos de COVID y \u201csumaremos dos laboratorios de an\u00e1lisis en el Marcial Quiroga y en la Rotonda, en Rawson, lo que implicar\u00e1 un aumento del 40% en la capacidad del dispositivo de diagn\u00f3stico\u201d en la lucha contra la pandemia.<\/li>\n<li>\u00a0Implementaci\u00f3n en la provincia del plan \u201cSegundos Mil D\u00edas\u201d, que beneficiar\u00e1 a ni\u00f1os, madres y familias, contribuyendo en el crecimiento y desarrollo del capital humano provincial.<\/li>\n<li>La producci\u00f3n de cannabis medicinal, mediante la cual la provincia busca convertirse en un polo de desarrollo cient\u00edfico y tecnol\u00f3gico, promoviendo una nueva actividad y contribuyendo a la diversificaci\u00f3n de la matriz productiva local con innovadores cultivos. U\u00f1ac anunci\u00f3 en esa l\u00ednea \u201cque se realiz\u00f3 el llamado p\u00fablico de selecci\u00f3n de las empresas, y a partir de ahora comienza el trabajo conjunto para llevar a cabo el proceso de investigaci\u00f3n y posterior producci\u00f3n\u201d.<\/li>\n<li>Promoci\u00f3n y garant\u00eda, desde el enfoque de los derechos humanos, de la convivencia igualitaria y respetuosa entre los g\u00e9neros con el fin de erradicar la violencia hacia las mujeres y el reconocimiento y respeto de la diversidad del colectivo LGBTIQ+. Sobre este particular, record\u00f3 y destac\u00f3 la importancia de la sanci\u00f3n de ley de paridad de g\u00e9nero para las elecciones de cuerpos colegiados provinciales.<\/li>\n<li>Los avances del proyecto Josemar\u00eda, que significar\u00e1 la inversi\u00f3n privada m\u00e1s importante del pa\u00eds constituyendo un hito en la miner\u00eda en San Juan.<\/li>\n<li>La construcci\u00f3n de viviendas. Este a\u00f1o se construir\u00e1n 5448 viviendas con una inversi\u00f3n de 14 mil millones de pesos<strong>, <\/strong>lo que significano solo una respuesta al problema habitacional sino a la necesidad de remediar los estragos causados por el reciente terremoto.<\/li>\n<li>La financiaci\u00f3n de numerosas obras viales, destac\u00e1ndose la pavimentaci\u00f3n de la Ruta Provincial N\u00b054 (Camino a Matagusanos), la construcci\u00f3n del puente y accesos a Pedernal, la pavimentaci\u00f3n, obras de defensa y complementarias de la Ruta Provincial N\u00b012 (ex RN N\u00b0149) en tramo Pachaco- Calingasta y la transformaci\u00f3n en Autov\u00eda de la RN 40 Norte, Secci\u00f3n: \u201cAv. de Circunvalaci\u00f3n\u2013Callej\u00f3n Blanco\u201d en Chimbas.<\/li>\n<li>La construcci\u00f3n del nuevo y moderno edificio para la Estaci\u00f3n Terminal de \u00d3mnibus, que se emplazar\u00e1 en un predio de 11 ha adyacente al eje vial de la Ruta Nacional N\u00b020 y requerir\u00e1 una inversi\u00f3n estimada de 2.500 millones financiados por el Gobierno nacional.<\/li>\n<li>La realizaci\u00f3n de diversas obras en materia de energ\u00edas renovables y la licitaci\u00f3n de la ampliaci\u00f3n y optimizaci\u00f3n del Subsistema Cloacal Rawson y Planta de Tratamiento de L\u00edquidos Cloacales Cerrillo Barbosa, una obra fundamental del sistema cuyo monto de inversi\u00f3n superar\u00e1 los 3.250 millones de pesos.<\/li>\n<li>La ratificaci\u00f3n del compromiso del gobernador con la promoci\u00f3n del desarrollo humano de los sanjuaninos, mediante iniciativas inclusivas, a trav\u00e9s de programas como \u201cSin L\u00edmites\u201d, \u201cEmprender + 55\u201d, \u201cJoven Podes\u201d, entre otros.<\/li>\n<li>La nueva ley de turismo, cuyo proyecto ingresar\u00e1 pr\u00f3ximamente a la Legislatura, significar\u00e1 una bisagra para el sector, contemplando nuevos escenarios y pr\u00e1cticas y promueve el desarrollo de innovadoras oportunidades. Asimismo, detall\u00f3 diversas construcciones y refacciones que se llevan adelante para fomentar la actividad tur\u00edstica y adem\u00e1s generar espacios de esparcimiento para los sanjuaninos. En ese aspecto, destacando la importancia de diversificar la matriz productiva, se trabaja en posicionar a la provincia de San Juan a nivel internacional con el turismo astron\u00f3mico, apuntalando adem\u00e1s el crecimiento del turismo religioso y cultural.<\/li>\n<li>La inversi\u00f3n de 7 millones d\u00f3lares a trav\u00e9s del BID con aportes no reintegrables, para construir una planta de tomate provincial, fomentando asimismo el uso de energ\u00edas renovables a trav\u00e9s de una l\u00ednea de financiamiento para peque\u00f1os productores.<\/li>\n<li>El apoyo a la producci\u00f3n a trav\u00e9s de la ampliaci\u00f3n de las \u00e1reas de cultivo y desarrollo de nuevos polos productivos, haciendo especial hincapi\u00e9 en la creaci\u00f3n de 4000 empleos en San Juan para toda la cadena productiva de los sectores industriales y agroindustriales, generando \u201ccondiciones que favorezcan el desarrollo econ\u00f3mico, productivo y eleven la calidad de vida de su poblaci\u00f3n\u201d.<\/li>\n<li>La implementaci\u00f3n de \u201cun nuevo Programa de Incentivos Fiscales para Apoyar la Inversi\u00f3n; siendo la principal finalidad la creaci\u00f3n de empleo de calidad y el desarrollo sustentable en la provincia de San Juan. Pondremos a disposici\u00f3n de este Programa $2.000.000.000 millones a trav\u00e9s de Certificados de Cr\u00e9dito Fiscal que podr\u00e1n imputarse al pago de impuestos provinciales\u201d.<\/li>\n<li>La inversi\u00f3n de $200.000.000, contemplando regal\u00edas mineras y estimaci\u00f3n de fondos nacionales destinados a las actividades cient\u00edficas y tecnol\u00f3gicas, para el fortalecimiento del sistema local de innovaci\u00f3n, financiando adem\u00e1s a equipos de cient\u00edficos y tecn\u00f3logos para la generaci\u00f3n de ideas proyecto de r\u00e1pida aplicaci\u00f3n del conocimiento existente con el fin de proponer soluciones a los principales desaf\u00edos estrat\u00e9gicos de la provincia.<\/li>\n<li>La instalaci\u00f3n del Radio Telescopio Chino \u2013 Argentino en el Complejo Astron\u00f3mico el Leoncito que representa una inversi\u00f3n estimada de U$D 16.000.000,00 aportados por la Rep\u00fablica Popular de China.<\/li>\n<li>La inversi\u00f3n en el sector deportivo y sus instituciones para vincular el deporte con el sistema educativo formal e implementar el Programa Primeros Pasos, potenciando la cultura y h\u00e1bitos deportivos desde la primera edad hasta la adolescencia.<\/li>\n<li>La ampliaci\u00f3n de otras iniciativas referidas al deporte, como \u201cYo Amo MI Club\u201d y al desarrollo de infraestructura de los clubes, al igual que como el programa \u201cUn Techo para No Tener Techo y la colocaci\u00f3n del piso de parquet provisto por Conmebol y AFA en el Estadio de Pocito.<\/li>\n<li>La continuaci\u00f3n del desarrollo de la Ciudad Deportiva durante el a\u00f1o 2021, otro compromiso asumido en el Acuerdo San Juan, \u00a0\u00a0para que se realice su inauguraci\u00f3n a comienzos del 2022, sumando adem\u00e1s el inicio de obras del nuevo polideportivo y de las instalaciones definitivas de la Secretar\u00eda de Estado de Deportes y un convenio con AFA para crear el Primer Centro de Desarrollo del pa\u00eds.<\/li>\n<li>La protecci\u00f3n animal tambi\u00e9n tiene lugar en la agenda provincia con la presentaci\u00f3n de una nueva etapa del programa \u201cAcompa\u00f1ame\u201d, que cont\u00f3 con el aporte de proteccionistas, veterinarios y voluntarios para logar grandes avances en cuanto a legislaci\u00f3n, regulaci\u00f3n e implementaci\u00f3n de pol\u00edticas que permitan mejorar la tenencia responsable de animales de compa\u00f1\u00eda y de perros potencialmente peligrosos.<\/li>\n<li>La construcci\u00f3n y refacci\u00f3n de comisar\u00edas, contemplando asimismo una renovaci\u00f3n parcial del equipamiento de la fuerza policial y la incorporaci\u00f3n de \u201cm\u00e1s de 200 nuevas c\u00e1maras monitoreadas desde el CISEM 911 para reforzar el sistema de videovigilancia, con lo que llegaremos a un total de 520 equipos de monitoreo\u201d.<\/li>\n<\/ul>\n<p>En el tramo final de su discurso, el gobernador se refiri\u00f3 a \u201cun tema que hace a nuestro sistema pol\u00edtico institucional\u201d, como la realizaci\u00f3n de elecciones primarias en agosto y generales en octubre. En este sentido, pidi\u00f3 al sector pol\u00edtico demostrar \u201ccon hechos que somos capaces de debatir, que la pol\u00edtica es y debe ser confrontaci\u00f3n de ideas y no de personas\u201d.<\/p>\n<p>\u201cSer\u00e1 una oportunidad para que la sociedad elija a sus representantes, en este caso en la C\u00e1mara de Diputados de la Naci\u00f3n. Todos propondremos a nuestras mejores mujeres y hombres y todos los partidos y frentes seguramente querremos quedarnos con la victoria; pero como gobernador quiero destacar que por encima de la victoria de uno u otro partido est\u00e1n los intereses de San Juan\u201d, agreg\u00f3 el gobernador, para a continuaci\u00f3n considerar que la provincia necesita \u201cdiputados nacionales que sostengan el desarrollo y las pol\u00edticas de crecimiento\u201d.<\/p>\n<\/div>\n","protected":false},"excerpt":{"rendered":"<p>Con el pronunciamiento del mensaje anual del gobernador de San Juan, Dr. Sergio U\u00f1ac, qued\u00f3 habilitado el Periodo Ordinario de<\/p>\n","protected":false},"author":3,"featured_media":36515,"comment_status":"closed","ping_status":"closed","sticky":false,"template":"","format":"standard","meta":{"_acf_changed":false,"_seopress_robots_primary_cat":"none","_seopress_titles_title":"","_seopress_titles_desc":"","_seopress_robots_index":"","colormag_page_container_layout":"default_layout","colormag_page_sidebar_layout":"default_layout","footnotes":""},"categories":[10],"tags":[],"class_list":["post-36511","post","type-post","status-publish","format-standard","has-post-thumbnail","hentry","category-opiniones"],"acf":[],"_links":{"self":[{"href":"https:\/\/vocesparalelas.com.ar\/sitio\/wp-json\/wp\/v2\/posts\/36511","targetHints":{"allow":["GET"]}}],"collection":[{"href":"https:\/\/vocesparalelas.com.ar\/sitio\/wp-json\/wp\/v2\/posts"}],"about":[{"href":"https:\/\/vocesparalelas.com.ar\/sitio\/wp-json\/wp\/v2\/types\/post"}],"author":[{"embeddable":true,"href":"https:\/\/vocesparalelas.com.ar\/sitio\/wp-json\/wp\/v2\/users\/3"}],"replies":[{"embeddable":true,"href":"https:\/\/vocesparalelas.com.ar\/sitio\/wp-json\/wp\/v2\/comments?post=36511"}],"version-history":[{"count":1,"href":"https:\/\/vocesparalelas.com.ar\/sitio\/wp-json\/wp\/v2\/posts\/36511\/revisions"}],"predecessor-version":[{"id":36516,"href":"https:\/\/vocesparalelas.com.ar\/sitio\/wp-json\/wp\/v2\/posts\/36511\/revisions\/36516"}],"wp:featuredmedia":[{"embeddable":true,"href":"https:\/\/vocesparalelas.com.ar\/sitio\/wp-json\/wp\/v2\/media\/36515"}],"wp:attachment":[{"href":"https:\/\/vocesparalelas.com.ar\/sitio\/wp-json\/wp\/v2\/media?parent=36511"}],"wp:term":[{"taxonomy":"category","embeddable":true,"href":"https:\/\/vocesparalelas.com.ar\/sitio\/wp-json\/wp\/v2\/categories?post=36511"},{"taxonomy":"post_tag","embeddable":true,"href":"https:\/\/vocesparalelas.com.ar\/sitio\/wp-json\/wp\/v2\/tags?post=36511"}],"curies":[{"name":"wp","href":"https:\/\/api.w.org\/{rel}","templated":true}]}}