{"id":36506,"date":"2021-03-30T02:06:33","date_gmt":"2021-03-30T05:06:33","guid":{"rendered":"http:\/\/vocesparalelas.com.ar\/sitio\/?p=36506"},"modified":"2021-04-01T22:07:32","modified_gmt":"2021-04-02T01:07:32","slug":"el-gobernador-de-san-juan-dr-sergio-unac-brinda-su-discurso-anual-en-la-apertura-del-periodo-ordinario-de-sesiones","status":"publish","type":"post","link":"https:\/\/vocesparalelas.com.ar\/sitio\/el-gobernador-de-san-juan-dr-sergio-unac-brinda-su-discurso-anual-en-la-apertura-del-periodo-ordinario-de-sesiones\/","title":{"rendered":"El Gobernador de San Juan, Dr. Sergio U\u00f1ac brinda su discurso anual en la Apertura del Per\u00edodo Ordinario de Sesiones"},"content":{"rendered":"<div class=\"itemFullText jbintrotext\">\n<p>Tal como lo estipula el art\u00edculo 189\u00ba, inciso 6, de la Constituci\u00f3n de la provincia, el Gobernador de San Juan, Dr. Sergio U\u00f1ac, asiste el Jueves, 1 de Abril a la C\u00e1mara de Diputados para brindar su discurso anual durante la Apertura del Per\u00edodo Ordinario de Sesiones.<\/p>\n<p>De esta manera, el gobernador informar\u00e1 el estado general de la administraci\u00f3n, el movimiento de fondos producido dentro o fuera del presupuesto general durante el ejercicio econ\u00f3mico 2020 y de las necesidades p\u00fablicas y sus soluciones inmediatas.<\/p>\n<\/div>\n<div class=\"itemFullText\">\n<p>Es importante consignar que el inicio del Per\u00edodo Ordinario de sesiones es realizado bajo estricto cumplimiento del protocolo sanitario para la prevenci\u00f3n del COVID-19. Por tal motivo, la cantidad de invitados especiales que asisten de forma presencial es menor cantidad que en a\u00f1os anteriores y est\u00e1n ubicados, en esta ocasi\u00f3n, en el palco bandeja. En el caso de los diecinueve intendentes, ellos pueden seguir la sesi\u00f3n v\u00eda plataforma Zoom. El ingreso de familiares o p\u00fablico en general al edificio legislativo no est\u00e1 permitido.<\/p>\n<p>Sin embargo, pueden hacer seguimiento de la sesi\u00f3n v\u00eda streaming a trav\u00e9s del sitio web\u00a0<a href=\"http:\/\/www.diputadossanjuan.gob.ar\/\">www.diputadossanjuan.gob.ar<\/a>\u00a0\u00a0o bien por el canal de Youtube oficial de la C\u00e1mara de Diputados de San Juan. La Direcci\u00f3n de Prensa publicar\u00e1 el link correspondiente el d\u00eda de la sesi\u00f3n. Tambi\u00e9n habr\u00e1 difusi\u00f3n por el sitio web oficial del Poder Ejecutivo de San Juan\u00a0<a href=\"https:\/\/sisanjuan.gob.ar\/\">https:\/\/sisanjuan.gob.ar\/<\/a>\u00a0y redes sociales.<\/p>\n<p>Por otro lado, se recuerda y recomienda a la poblaci\u00f3n, agrupaciones pol\u00edticas, asociaciones, organizaciones sociales, entre otros, que por las medidas sanitarias es que se les solicita no congregarse en la puerta de la Legislatura como tradicionalmente suelen hacerlo en demostraci\u00f3n de apoyo al gobierno provincial.<\/p>\n<p>En cuanto a la prensa, tiene habilitado por el ingreso de calle Las Heras un sector donde puede ubicarse para grabar una breve declaraci\u00f3n del gobernador previo a su ingreso al edificio legislativo.<\/p>\n<p>Los periodistas, camar\u00f3grafos y fot\u00f3grafos presentes deben mantenerse estrictamente detr\u00e1s de un cord\u00f3n separador con el fin de respetar la distancia recomendada por la Organizaci\u00f3n Mundial de la Salud (OMS).<\/p>\n<p>Luego, tienen acceso por avenida Libertador General San Mart\u00edn, previa verificaci\u00f3n de si el medio se encuentra incluido en la lista de ingreso (no entrar\u00e1n m\u00e1s de treinta personas entre periodistas, fot\u00f3grafos y camar\u00f3grafos) y estar\u00e1n ubicados en la sala de Vicegobernadores, donde ser\u00e1 llevada a cabo una conferencia de prensa con el gobernador una vez finalizado su mensaje.<\/p>\n<p><span style=\"color: #800080;\"><strong>Desarrollo de la Sesi\u00f3n<\/strong><\/span><\/p>\n<p>La sesi\u00f3n arranca a partir de las 8.30 en el recinto y est\u00e1 presidida por el vicegobernador CPN Roberto Gattoni. Durante su desarrollo est\u00e1 previsto un cuarto intermedio para que los legisladores que integran las Comisiones de Exterior e Interior procedan a retirarse para cumplir su misi\u00f3n de buscar y acompa\u00f1ar al gobernador hasta su ingreso al recinto.<\/p>\n<p>En este sentido, la Comisi\u00f3n de Exterior integrada por la diputada Florencia Pe\u00f1aloza y los diputados Juan Carlos Abarca, Sergio Miodowsky, Gustavo Us\u00edn y Andr\u00e9s Chanampa, recibir\u00e1 al primer mandatario por el ingreso de calle Las Heras donde har\u00e1 su arribo. Luego de los saludos protocolares con los legisladores, el gobernador mantendr\u00e1 un breve contacto con los medios de comunicaci\u00f3n.<\/p>\n<p>A continuaci\u00f3n, el gobernador Sergio U\u00f1ac, escoltado por la Comisi\u00f3n de Exterior, ingresar\u00e1 al edificio legislativo donde lo recibir\u00e1 la Comisi\u00f3n de Interior, conformada por los legisladores Horacio Quiroga, Enrique Monta\u00f1o, Enzo Cornejo y Marcelo Mallea. Ellos lo acompa\u00f1ar\u00e1n hasta el despacho del presidente de la C\u00e1mara de Diputados, con quien tendr\u00e1 una breve reuni\u00f3n junto con los parlamentarios titulares de los bloques.<\/p>\n<p>Finalizados los saludos protocolares, las autoridades har\u00e1n su ingreso al recinto para reanudar la sesi\u00f3n con el pronunciamiento del discurso anual por parte del titular del Poder Ejecutivo.<\/p>\n<p>Cabe se\u00f1alar que est\u00e1 previsto que solo sea abordado, como en a\u00f1os anteriores, el primer punto del orden del D\u00eda, que corresponde al Mensaje Anual del se\u00f1or Gobernador. Los restantes asuntos ser\u00e1n tratados en la segunda parte de la Primera Sesi\u00f3n Ordinaria, cuya fecha de reanudaci\u00f3n ser\u00e1 definida este jueves 1 de abril. Estos consisten en la Integraci\u00f3n de las Salas Acusadora y Juzgadora, a los fines de la tramitaci\u00f3n del Juicio Pol\u00edtico y nombramiento de la Comisi\u00f3n Investigadora de la Sala Acusadora; la designaci\u00f3n de quienes representar\u00e1n a esta C\u00e1mara, ante las audiencias p\u00fablicas que sean convocadas por el Ente Provincial Regulador de la Electricidad (EPRE); y por \u00faltimo, la aprobaci\u00f3n de la versi\u00f3n taquigr\u00e1fica correspondiente a la Primera Sesi\u00f3n Especial de fecha 17 de diciembre de 2020, Primera Sesi\u00f3n Extraordinaria, de fecha 10 de diciembre de 2020, de la Primera Reuni\u00f3n de la Sala Acusadora de fecha 18 de febrero de 2021, y Sesi\u00f3n Preparatoria de fecha 25 de marzo de 2021, conforme art\u00edculo 111 del Reglamento Interno.<\/p>\n<\/div>\n<p>&nbsp;<\/p>\n","protected":false},"excerpt":{"rendered":"<p>Tal como lo estipula el art\u00edculo 189\u00ba, inciso 6, de la Constituci\u00f3n de la provincia, el Gobernador de San Juan,<\/p>\n","protected":false},"author":3,"featured_media":36508,"comment_status":"closed","ping_status":"closed","sticky":false,"template":"","format":"standard","meta":{"_acf_changed":false,"_seopress_robots_primary_cat":"none","_seopress_titles_title":"","_seopress_titles_desc":"","_seopress_robots_index":"","colormag_page_container_layout":"default_layout","colormag_page_sidebar_layout":"default_layout","footnotes":""},"categories":[1],"tags":[],"class_list":["post-36506","post","type-post","status-publish","format-standard","has-post-thumbnail","hentry","category-destacadas"],"acf":[],"_links":{"self":[{"href":"https:\/\/vocesparalelas.com.ar\/sitio\/wp-json\/wp\/v2\/posts\/36506","targetHints":{"allow":["GET"]}}],"collection":[{"href":"https:\/\/vocesparalelas.com.ar\/sitio\/wp-json\/wp\/v2\/posts"}],"about":[{"href":"https:\/\/vocesparalelas.com.ar\/sitio\/wp-json\/wp\/v2\/types\/post"}],"author":[{"embeddable":true,"href":"https:\/\/vocesparalelas.com.ar\/sitio\/wp-json\/wp\/v2\/users\/3"}],"replies":[{"embeddable":true,"href":"https:\/\/vocesparalelas.com.ar\/sitio\/wp-json\/wp\/v2\/comments?post=36506"}],"version-history":[{"count":1,"href":"https:\/\/vocesparalelas.com.ar\/sitio\/wp-json\/wp\/v2\/posts\/36506\/revisions"}],"predecessor-version":[{"id":36509,"href":"https:\/\/vocesparalelas.com.ar\/sitio\/wp-json\/wp\/v2\/posts\/36506\/revisions\/36509"}],"wp:featuredmedia":[{"embeddable":true,"href":"https:\/\/vocesparalelas.com.ar\/sitio\/wp-json\/wp\/v2\/media\/36508"}],"wp:attachment":[{"href":"https:\/\/vocesparalelas.com.ar\/sitio\/wp-json\/wp\/v2\/media?parent=36506"}],"wp:term":[{"taxonomy":"category","embeddable":true,"href":"https:\/\/vocesparalelas.com.ar\/sitio\/wp-json\/wp\/v2\/categories?post=36506"},{"taxonomy":"post_tag","embeddable":true,"href":"https:\/\/vocesparalelas.com.ar\/sitio\/wp-json\/wp\/v2\/tags?post=36506"}],"curies":[{"name":"wp","href":"https:\/\/api.w.org\/{rel}","templated":true}]}}