{"id":36503,"date":"2021-04-01T01:31:17","date_gmt":"2021-04-01T04:31:17","guid":{"rendered":"http:\/\/vocesparalelas.com.ar\/sitio\/?p=36503"},"modified":"2021-04-01T01:31:17","modified_gmt":"2021-04-01T04:31:17","slug":"comienzan-las-clases-en-los-institutos-preuniversitarios-de-la-unsj","status":"publish","type":"post","link":"https:\/\/vocesparalelas.com.ar\/sitio\/comienzan-las-clases-en-los-institutos-preuniversitarios-de-la-unsj\/","title":{"rendered":"Comienzan las clases en los Institutos Preuniversitarios de la UNSJ"},"content":{"rendered":"<p>El secretario acad\u00e9mico de la UNSJ, Lic. Daniel Bustos, confirm\u00f3 que el 5 de abril comienzan las clases en los tres institutos preuniversitarios: Escuela Industrial Domingo F. Sarmiento, Escuela de Comercio Libertador Gral. San Mart\u00edn y Colegio Central Universitario Mariano Moreno.<\/p>\n<p>\u201cSeg\u00fan lo programado, la modalidad presencial tendr\u00e1 la particularidad de ser por grupos en semanas alternadas. Para ello, desde las escuelas ya se est\u00e1n comunicando con los estudiantes, a fin de notificarles en qu\u00e9 semana deben asistir. Durante la semana que no haya clases presenciales, continuar\u00e1n las actividades en forma virtual\u201d, dijo el funcionario.<\/p>\n<p>Recalc\u00f3 adem\u00e1s que \u201ctoda la informaci\u00f3n necesaria est\u00e1 disponible en las web de cada escuela\u201d. Bustos explic\u00f3 que las clases presenciales se realizar\u00e1n seg\u00fan el protocolo debidamente autorizado, por lo que solicit\u00f3 la colaboraci\u00f3n de los padres para garantizar su cumplimiento y preservar as\u00ed la salud de todos.<\/p>\n<p><span style=\"color: #339966;\"><strong>Escuela Industrial \u00abDomingo Faustino Sarmiento\u00bb\u00a0<\/strong><\/span><\/p>\n<p><a href=\"https:\/\/www.eidfs.unsj.edu.ar\/\">https:\/\/www.eidfs.unsj.edu.ar\/<\/a><\/p>\n<p><span style=\"color: #339966;\"><strong>Escuela de Comercio \u00abLibertador General San Mart\u00edn\u00bb<\/strong><\/span><\/p>\n<p><a href=\"https:\/\/www.eclgsm.unsj.edu.ar\/\">https:\/\/www.eclgsm.unsj.edu.ar\/<\/a><\/p>\n<p><span style=\"color: #339966;\"><strong>Colegio Central Universitario \u00abMariano Moreno\u00bb\u00a0<\/strong><\/span><\/p>\n<p><a href=\"https:\/\/www.ccu.unsj.edu.ar\/\">https:\/\/www.ccu.unsj.edu.ar\/<\/a><\/p>\n","protected":false},"excerpt":{"rendered":"<p>El secretario acad\u00e9mico de la UNSJ, Lic. Daniel Bustos, confirm\u00f3 que el 5 de abril comienzan las clases en los<\/p>\n","protected":false},"author":3,"featured_media":14442,"comment_status":"closed","ping_status":"closed","sticky":false,"template":"","format":"standard","meta":{"_acf_changed":false,"_seopress_robots_primary_cat":"none","_seopress_titles_title":"","_seopress_titles_desc":"","_seopress_robots_index":"","colormag_page_container_layout":"default_layout","colormag_page_sidebar_layout":"default_layout","footnotes":""},"categories":[1],"tags":[],"class_list":["post-36503","post","type-post","status-publish","format-standard","has-post-thumbnail","hentry","category-destacadas"],"acf":[],"_links":{"self":[{"href":"https:\/\/vocesparalelas.com.ar\/sitio\/wp-json\/wp\/v2\/posts\/36503","targetHints":{"allow":["GET"]}}],"collection":[{"href":"https:\/\/vocesparalelas.com.ar\/sitio\/wp-json\/wp\/v2\/posts"}],"about":[{"href":"https:\/\/vocesparalelas.com.ar\/sitio\/wp-json\/wp\/v2\/types\/post"}],"author":[{"embeddable":true,"href":"https:\/\/vocesparalelas.com.ar\/sitio\/wp-json\/wp\/v2\/users\/3"}],"replies":[{"embeddable":true,"href":"https:\/\/vocesparalelas.com.ar\/sitio\/wp-json\/wp\/v2\/comments?post=36503"}],"version-history":[{"count":1,"href":"https:\/\/vocesparalelas.com.ar\/sitio\/wp-json\/wp\/v2\/posts\/36503\/revisions"}],"predecessor-version":[{"id":36505,"href":"https:\/\/vocesparalelas.com.ar\/sitio\/wp-json\/wp\/v2\/posts\/36503\/revisions\/36505"}],"wp:featuredmedia":[{"embeddable":true,"href":"https:\/\/vocesparalelas.com.ar\/sitio\/wp-json\/wp\/v2\/media\/14442"}],"wp:attachment":[{"href":"https:\/\/vocesparalelas.com.ar\/sitio\/wp-json\/wp\/v2\/media?parent=36503"}],"wp:term":[{"taxonomy":"category","embeddable":true,"href":"https:\/\/vocesparalelas.com.ar\/sitio\/wp-json\/wp\/v2\/categories?post=36503"},{"taxonomy":"post_tag","embeddable":true,"href":"https:\/\/vocesparalelas.com.ar\/sitio\/wp-json\/wp\/v2\/tags?post=36503"}],"curies":[{"name":"wp","href":"https:\/\/api.w.org\/{rel}","templated":true}]}}