{"id":36499,"date":"2021-04-01T01:04:50","date_gmt":"2021-04-01T04:04:50","guid":{"rendered":"http:\/\/vocesparalelas.com.ar\/sitio\/?p=36499"},"modified":"2021-04-01T01:04:50","modified_gmt":"2021-04-01T04:04:50","slug":"evaluan-el-estado-actual-del-organo-del-auditorio","status":"publish","type":"post","link":"https:\/\/vocesparalelas.com.ar\/sitio\/evaluan-el-estado-actual-del-organo-del-auditorio\/","title":{"rendered":"Eval\u00faan el estado actual del \u00f3rgano del Auditorio"},"content":{"rendered":"<p>Las autoridades del Ministerio de Turismo y Cultura del Gobierno de San Juan contin\u00faan de cerca la situaci\u00f3n edilicia del Auditorio Juan Victoria tras los da\u00f1os ocasionados por el terremoto del 18 de Enero.<\/p>\n<p>Con el objetivo firme de reinaugurar este importante complejo cultural a largo plazo, se trabaja actualmente con informes t\u00e9cnicos para evaluar los espacios m\u00e1s afectados, como el Foyer Norte y Sur, adem\u00e1s del \u00f3rgano de la sala principal.<\/p>\n<p>En este sentido, un destacado ingeniero Carlos Merlassino, organero de la UBA, visit\u00f3 la provincia especialmente para realizar un exhaustivo an\u00e1lisis sobre el estado actual, adem\u00e1s de un proyecto de restauraci\u00f3n del \u00f3rgano.<\/p>\n<p>\u201cPor suerte los da\u00f1os no son mayores y se pueden reparar para tener en condiciones un \u00f3rgano de estas caracter\u00edsticas. Estamos en un proceso de evaluaci\u00f3n y luego se pondr\u00e1 en marcha las tareas de restauraci\u00f3n. La idea es habilitar la sala donde est\u00e1 el \u00f3rgano con una entrada con circuito seguro y luego los foyers que demandar\u00e1n m\u00e1s tiempo\u201d, destac\u00f3 la secretaria de Cultura, Virginia Agote.<\/p>\n<p>Por su parte, el especialista Merlassino hizo referencia a los trabajos que se deber\u00edan efectuar en el polo cultural.<\/p>\n<p>\u201cHay dos trabajos importantes que realizar. Uno de ellos tiene que ver con los da\u00f1os provocados por el sismo, por ejemplo, los tubos algunos doblados, otros peque\u00f1os se salieron de sus lugares. Tambi\u00e9n la falta de uso del \u00f3rgano por la pandemia, acumul\u00f3 mucha tierra y es necesario hacer un mantenimiento, entre otros efectos mecanismos que han ocurrido con el tiempo\u201d, se\u00f1al\u00f3 el organero de la UBA.<\/p>\n<p>Con respecto al plazo de tiempo y la calidad sonora, Merlassino anticip\u00f3 que \u201cse har\u00eda en tres etapas cada una de 1 o 2 semanas. El sonido quedar\u00e1 con la misma calidad, teniendo en cuenta que los materiales como es el esta\u00f1o es muy noble, ya que se si abolla se puede enderezar f\u00e1cilmente y queda como el original\u201d.<\/p>\n<p>Por \u00faltimo, el director del Auditorio, Rolando Garc\u00eda G\u00f3mez cont\u00f3 que se est\u00e1 avanzando con el resto de los espacios afectados. \u201cEstamos a la espera de dos estudios importantes que ya se iniciaron. Tuvimos varias visitas entre las autoridades de la Secretaria de Patrimonio Nacional, secretario de Obras P\u00fablicas, el director de Patrimonio, y la empresa que se encarga del estudio de las estructuras del edificio. En poco tiempo se tendr\u00e1n los resultados y se iniciar\u00e1n las obras para tener en condici\u00f3n el Complejo\u201d, expres\u00f3 el funcionario.<\/p>\n","protected":false},"excerpt":{"rendered":"<p>Las autoridades del Ministerio de Turismo y Cultura del Gobierno de San Juan contin\u00faan de cerca la situaci\u00f3n edilicia del<\/p>\n","protected":false},"author":3,"featured_media":36501,"comment_status":"closed","ping_status":"closed","sticky":false,"template":"","format":"standard","meta":{"_acf_changed":false,"_seopress_robots_primary_cat":"none","_seopress_titles_title":"","_seopress_titles_desc":"","_seopress_robots_index":"","colormag_page_container_layout":"default_layout","colormag_page_sidebar_layout":"default_layout","footnotes":""},"categories":[1],"tags":[],"class_list":["post-36499","post","type-post","status-publish","format-standard","has-post-thumbnail","hentry","category-destacadas"],"acf":[],"_links":{"self":[{"href":"https:\/\/vocesparalelas.com.ar\/sitio\/wp-json\/wp\/v2\/posts\/36499","targetHints":{"allow":["GET"]}}],"collection":[{"href":"https:\/\/vocesparalelas.com.ar\/sitio\/wp-json\/wp\/v2\/posts"}],"about":[{"href":"https:\/\/vocesparalelas.com.ar\/sitio\/wp-json\/wp\/v2\/types\/post"}],"author":[{"embeddable":true,"href":"https:\/\/vocesparalelas.com.ar\/sitio\/wp-json\/wp\/v2\/users\/3"}],"replies":[{"embeddable":true,"href":"https:\/\/vocesparalelas.com.ar\/sitio\/wp-json\/wp\/v2\/comments?post=36499"}],"version-history":[{"count":1,"href":"https:\/\/vocesparalelas.com.ar\/sitio\/wp-json\/wp\/v2\/posts\/36499\/revisions"}],"predecessor-version":[{"id":36502,"href":"https:\/\/vocesparalelas.com.ar\/sitio\/wp-json\/wp\/v2\/posts\/36499\/revisions\/36502"}],"wp:featuredmedia":[{"embeddable":true,"href":"https:\/\/vocesparalelas.com.ar\/sitio\/wp-json\/wp\/v2\/media\/36501"}],"wp:attachment":[{"href":"https:\/\/vocesparalelas.com.ar\/sitio\/wp-json\/wp\/v2\/media?parent=36499"}],"wp:term":[{"taxonomy":"category","embeddable":true,"href":"https:\/\/vocesparalelas.com.ar\/sitio\/wp-json\/wp\/v2\/categories?post=36499"},{"taxonomy":"post_tag","embeddable":true,"href":"https:\/\/vocesparalelas.com.ar\/sitio\/wp-json\/wp\/v2\/tags?post=36499"}],"curies":[{"name":"wp","href":"https:\/\/api.w.org\/{rel}","templated":true}]}}