{"id":36482,"date":"2021-03-31T01:56:06","date_gmt":"2021-03-31T04:56:06","guid":{"rendered":"http:\/\/vocesparalelas.com.ar\/sitio\/?p=36482"},"modified":"2021-04-01T02:23:54","modified_gmt":"2021-04-01T05:23:54","slug":"curso-basico-de-ingles","status":"publish","type":"post","link":"https:\/\/vocesparalelas.com.ar\/sitio\/curso-basico-de-ingles\/","title":{"rendered":"Curso b\u00e1sico de Ingl\u00e9s"},"content":{"rendered":"<p>Dando continuidad al programa Rivadavia Capacita, presentan el Curso B\u00e1sico de Ingl\u00e9s, destinado a los vecinos del departamento que se encuentren interesados en adquirir herramientas que les permitan tener una salida laboral r\u00e1pida.<\/p>\n<p>El curso tiene una duraci\u00f3n de cuatro meses y comienza a dictarse el 8 de Abril, en la sede de la Iglesia Evang\u00e9lica Vida Abundante, San Miguel y Comandante Cabot, los d\u00edas Jueves de 10 a 13hs. \u00f3 de 17.30 a 20.30hs.<\/p>\n<p><span style=\"color: #99cc00;\"><strong>Informaci\u00f3n e inscripci\u00f3n<\/strong><\/span><\/p>\n<p>Oficina de Empleo, en el Anexo Central de Av. Libertador 5135 \u2013 O \u2013 Rivadavia o comunicarse al 2645614327.<\/p>\n<p>&nbsp;<\/p>\n<p><img loading=\"lazy\" decoding=\"async\" class=\"alignnone wp-image-3198 size-large\" src=\"https:\/\/vocesparalelas.com.ar\/sitio\/wp-content\/uploads\/2017\/07\/RIVADAVIA-FRENTE-03-800x534.jpg\" alt=\"\" width=\"800\" height=\"534\" srcset=\"https:\/\/vocesparalelas.com.ar\/sitio\/wp-content\/uploads\/2017\/07\/RIVADAVIA-FRENTE-03-800x534.jpg 800w, https:\/\/vocesparalelas.com.ar\/sitio\/wp-content\/uploads\/2017\/07\/RIVADAVIA-FRENTE-03-300x200.jpg 300w, https:\/\/vocesparalelas.com.ar\/sitio\/wp-content\/uploads\/2017\/07\/RIVADAVIA-FRENTE-03-768x512.jpg 768w, https:\/\/vocesparalelas.com.ar\/sitio\/wp-content\/uploads\/2017\/07\/RIVADAVIA-FRENTE-03.jpg 1000w\" sizes=\"auto, (max-width: 800px) 100vw, 800px\" \/><\/p>\n","protected":false},"excerpt":{"rendered":"<p>Dando continuidad al programa Rivadavia Capacita, presentan el Curso B\u00e1sico de Ingl\u00e9s, destinado a los vecinos del departamento que se<\/p>\n","protected":false},"author":3,"featured_media":36484,"comment_status":"closed","ping_status":"closed","sticky":false,"template":"","format":"standard","meta":{"_acf_changed":false,"_seopress_robots_primary_cat":"none","_seopress_titles_title":"","_seopress_titles_desc":"","_seopress_robots_index":"","colormag_page_container_layout":"default_layout","colormag_page_sidebar_layout":"default_layout","footnotes":""},"categories":[9],"tags":[],"class_list":["post-36482","post","type-post","status-publish","format-standard","has-post-thumbnail","hentry","category-cursos"],"acf":[],"_links":{"self":[{"href":"https:\/\/vocesparalelas.com.ar\/sitio\/wp-json\/wp\/v2\/posts\/36482","targetHints":{"allow":["GET"]}}],"collection":[{"href":"https:\/\/vocesparalelas.com.ar\/sitio\/wp-json\/wp\/v2\/posts"}],"about":[{"href":"https:\/\/vocesparalelas.com.ar\/sitio\/wp-json\/wp\/v2\/types\/post"}],"author":[{"embeddable":true,"href":"https:\/\/vocesparalelas.com.ar\/sitio\/wp-json\/wp\/v2\/users\/3"}],"replies":[{"embeddable":true,"href":"https:\/\/vocesparalelas.com.ar\/sitio\/wp-json\/wp\/v2\/comments?post=36482"}],"version-history":[{"count":1,"href":"https:\/\/vocesparalelas.com.ar\/sitio\/wp-json\/wp\/v2\/posts\/36482\/revisions"}],"predecessor-version":[{"id":36485,"href":"https:\/\/vocesparalelas.com.ar\/sitio\/wp-json\/wp\/v2\/posts\/36482\/revisions\/36485"}],"wp:featuredmedia":[{"embeddable":true,"href":"https:\/\/vocesparalelas.com.ar\/sitio\/wp-json\/wp\/v2\/media\/36484"}],"wp:attachment":[{"href":"https:\/\/vocesparalelas.com.ar\/sitio\/wp-json\/wp\/v2\/media?parent=36482"}],"wp:term":[{"taxonomy":"category","embeddable":true,"href":"https:\/\/vocesparalelas.com.ar\/sitio\/wp-json\/wp\/v2\/categories?post=36482"},{"taxonomy":"post_tag","embeddable":true,"href":"https:\/\/vocesparalelas.com.ar\/sitio\/wp-json\/wp\/v2\/tags?post=36482"}],"curies":[{"name":"wp","href":"https:\/\/api.w.org\/{rel}","templated":true}]}}