{"id":36475,"date":"2021-03-31T01:37:05","date_gmt":"2021-03-31T04:37:05","guid":{"rendered":"http:\/\/vocesparalelas.com.ar\/sitio\/?p=36475"},"modified":"2021-04-02T23:18:33","modified_gmt":"2021-04-03T02:18:33","slug":"inscripcion-ingreso-2022-modalidad-no-presencial-a-las-carreras-de-grado-de-la-fi-de-la-unsj","status":"publish","type":"post","link":"https:\/\/vocesparalelas.com.ar\/sitio\/inscripcion-ingreso-2022-modalidad-no-presencial-a-las-carreras-de-grado-de-la-fi-de-la-unsj\/","title":{"rendered":"Inscripci\u00f3n ingreso 2022 modalidad no presencial a las carreras de grado de la FI de la UNSJ"},"content":{"rendered":"<p>Se encuentran abiertas las inscripciones para el Curso de Apoyo para Ingreso a la Facultad de Ingenier\u00eda Ciclo Lectivo 2022, Modalidad No Presencial.<\/p>\n<p>Para inscribirse en el aula virtual de cursado, los aspirantes deben llenar un formulario a trav\u00e9s del c\u00f3digo QR presente en el flyer o a trav\u00e9s del siguiente enlace:<\/p>\n<p><a href=\"https:\/\/forms.gle\/W1mWgkrGhNK1xuoK9\">https:\/\/forms.gle\/W1mWgkrGhNK1xuoK9<\/a><\/p>\n<p>Plazo de inscripci\u00f3n: 07 de Abril de 2021, a la hora 12:00 hs.; del mediod\u00eda.<\/p>\n<p>Cronograma general del curso de ingreso- modalidad no presencial plazo de inscripci\u00f3n para cada asignatura<\/p>\n<ul>\n<li>Lectura y Comprensi\u00f3n de textos: 15 de Marzo al 07 de Abril de 2021<\/li>\n<li>Matem\u00e1tica: 01 de Junio al 25 de Junio de 2021<\/li>\n<\/ul>\n<p>Taller de orientaci\u00f3n inicial de cada asignatura<\/p>\n<ul>\n<li>Lectura y Comprensi\u00f3n de textos: 07 de Abril de 2021, a las 18:30 hs.<\/li>\n<li>Matem\u00e1tica: 19 de Junio, a las 9:00 hs.<\/li>\n<\/ul>\n<p>Per\u00edodo de clases de cada asignatura<\/p>\n<ul>\n<li>Lectura y Comprensi\u00f3n de textos: 07 de Abril al 31 de Mayo de 2021<\/li>\n<li>Matem\u00e1tica: 26 de Junio al 26 de Agosto de 2021<\/li>\n<li>Introducci\u00f3n a la Vida Universitaria: Febrero &#8211; Marzo de 2022<\/li>\n<\/ul>\n<p>Evaluaciones por asignatura<\/p>\n<p>Lectura y Comprensi\u00f3n de textos:<\/p>\n<ul>\n<li>Parcial N\u00b01: 29 de Abril de 2021<\/li>\n<li>Parcial N\u00b02: 03 de Junio de 2021<\/li>\n<\/ul>\n<p>Examen Final: 11 de Junio y 18 de Junio de 2021<\/p>\n<p>Matem\u00e1tica:<\/p>\n<ul>\n<li>Parcial N\u00b01: 07 de Agosto de 2021<\/li>\n<li>Parcial N\u00b02: 28 Agosto de 2021<\/li>\n<\/ul>\n<p>Examen Final: 10 de Septiembre y 17 de Septiembre de 2021<\/p>\n<p>Introducci\u00f3n a la Vida Universitaria:<\/p>\n<p>Requisito de aprobaci\u00f3n: 80% de asistencia.<\/p>\n<p>&nbsp;<\/p>\n<p><img loading=\"lazy\" decoding=\"async\" class=\"alignnone wp-image-36477 size-full\" src=\"https:\/\/vocesparalelas.com.ar\/sitio\/wp-content\/uploads\/2021\/03\/FI-curso.jpg\" alt=\"\" width=\"800\" height=\"800\" srcset=\"https:\/\/vocesparalelas.com.ar\/sitio\/wp-content\/uploads\/2021\/03\/FI-curso.jpg 800w, https:\/\/vocesparalelas.com.ar\/sitio\/wp-content\/uploads\/2021\/03\/FI-curso-300x300.jpg 300w, https:\/\/vocesparalelas.com.ar\/sitio\/wp-content\/uploads\/2021\/03\/FI-curso-150x150.jpg 150w, https:\/\/vocesparalelas.com.ar\/sitio\/wp-content\/uploads\/2021\/03\/FI-curso-768x768.jpg 768w\" sizes=\"auto, (max-width: 800px) 100vw, 800px\" \/><\/p>\n<p>&nbsp;<\/p>\n<p>&nbsp;<\/p>\n","protected":false},"excerpt":{"rendered":"<p>Se encuentran abiertas las inscripciones para el Curso de Apoyo para Ingreso a la Facultad de Ingenier\u00eda Ciclo Lectivo 2022,<\/p>\n","protected":false},"author":3,"featured_media":23028,"comment_status":"closed","ping_status":"closed","sticky":false,"template":"","format":"standard","meta":{"_acf_changed":false,"_seopress_robots_primary_cat":"none","_seopress_titles_title":"","_seopress_titles_desc":"","_seopress_robots_index":"","colormag_page_container_layout":"default_layout","colormag_page_sidebar_layout":"default_layout","footnotes":""},"categories":[2],"tags":[],"class_list":["post-36475","post","type-post","status-publish","format-standard","has-post-thumbnail","hentry","category-convocatorias"],"acf":[],"_links":{"self":[{"href":"https:\/\/vocesparalelas.com.ar\/sitio\/wp-json\/wp\/v2\/posts\/36475","targetHints":{"allow":["GET"]}}],"collection":[{"href":"https:\/\/vocesparalelas.com.ar\/sitio\/wp-json\/wp\/v2\/posts"}],"about":[{"href":"https:\/\/vocesparalelas.com.ar\/sitio\/wp-json\/wp\/v2\/types\/post"}],"author":[{"embeddable":true,"href":"https:\/\/vocesparalelas.com.ar\/sitio\/wp-json\/wp\/v2\/users\/3"}],"replies":[{"embeddable":true,"href":"https:\/\/vocesparalelas.com.ar\/sitio\/wp-json\/wp\/v2\/comments?post=36475"}],"version-history":[{"count":1,"href":"https:\/\/vocesparalelas.com.ar\/sitio\/wp-json\/wp\/v2\/posts\/36475\/revisions"}],"predecessor-version":[{"id":36478,"href":"https:\/\/vocesparalelas.com.ar\/sitio\/wp-json\/wp\/v2\/posts\/36475\/revisions\/36478"}],"wp:featuredmedia":[{"embeddable":true,"href":"https:\/\/vocesparalelas.com.ar\/sitio\/wp-json\/wp\/v2\/media\/23028"}],"wp:attachment":[{"href":"https:\/\/vocesparalelas.com.ar\/sitio\/wp-json\/wp\/v2\/media?parent=36475"}],"wp:term":[{"taxonomy":"category","embeddable":true,"href":"https:\/\/vocesparalelas.com.ar\/sitio\/wp-json\/wp\/v2\/categories?post=36475"},{"taxonomy":"post_tag","embeddable":true,"href":"https:\/\/vocesparalelas.com.ar\/sitio\/wp-json\/wp\/v2\/tags?post=36475"}],"curies":[{"name":"wp","href":"https:\/\/api.w.org\/{rel}","templated":true}]}}