{"id":36467,"date":"2021-03-31T00:04:14","date_gmt":"2021-03-31T03:04:14","guid":{"rendered":"http:\/\/vocesparalelas.com.ar\/sitio\/?p=36467"},"modified":"2021-04-01T00:53:17","modified_gmt":"2021-04-01T03:53:17","slug":"unite-al-turismo-religioso-de-san-juan","status":"publish","type":"post","link":"https:\/\/vocesparalelas.com.ar\/sitio\/unite-al-turismo-religioso-de-san-juan\/","title":{"rendered":"Unite al turismo religioso de San Juan"},"content":{"rendered":"<p class=\"p1\"><span class=\"s1\">El Ministerio de Turismo y Cultura junto al Ministerio de Salud, la Secretar\u00eda de Seguridad y Orden P\u00fablico y las municipalidades de San Mart\u00edn y de Caucete dispusieron que el acceso a los sitios designados de turismo religioso cuenten con el siguiente protocolo:<\/span><\/p>\n<p class=\"p2\"><span class=\"s1\">Quienes decidan realizar turismo religioso deber\u00e1n asistir con el Permiso de Turismo Interno que se obtiene ingresando al link <\/span><\/p>\n<p class=\"p2\"><span class=\"s1\"><a href=\"https:\/\/plataforma.sanjuan.tur.ar\/permisos-turismo-interno-solicitud\">https:\/\/plataforma.sanjuan.tur.ar\/permisos-turismo-interno-solicitud<\/a>\u00a0<\/span><\/p>\n<p class=\"p2\"><span class=\"s1\">Se recomienda solicitarlo con anticipaci\u00f3n ya que el flujo de visitantes ser\u00e1 controlado y el cupo diario es limitado. Cabe destacar que no se podr\u00e1 acampar, pernoctar, hacer asados y no habr\u00e1 venta ni consumo de alcohol en ninguno de los parajes. El tiempo m\u00e1ximo de estad\u00eda ser\u00e1 de 2 horas y habr\u00e1 dos accesos diferenciados: uno para veh\u00edculos particulares y servicios de larga distancia y otro para transporte p\u00fablico, peatones, personas con discapacidad y veh\u00edculos autorizados.<\/span><\/p>\n<p class=\"p1\"><span class=\"s1\">Desde la Secretaria de Seguridad y Orden P\u00fablico indicaron que los controles de acceso al Paraje Difunta Correa comenzar\u00e1n a la altura del Control Forestal y estar\u00e1n a cargo de la Polic\u00eda de San Juan. Controlar\u00e1n los permisos de turismo interno y tendr\u00e1n a cargo el decomiso de bebidas alcoh\u00f3licas. Luego, habr\u00e1 otro control en el acceso general al paraje donde el cupo m\u00e1ximo de veh\u00edculos es de 500 por d\u00eda con una capacidad de 40% de ocupaci\u00f3n total.<\/span><\/p>\n<p class=\"p1\"><span class=\"s1\">El acceso al Santuario, a la Plazoleta del Promesante y las Escalinatas de subida y bajada contar\u00e1n con un control especial ya que se podr\u00e1 circular en un solo sentido y se har\u00e1 sanitizaci\u00f3n constante en todo el predio y en los sanitarios. Tambi\u00e9n contar\u00e1n con una disociaci\u00f3n especial para los residuos.<\/span><\/p>\n<p class=\"p1\"><span class=\"s1\">Cabe recordar que quienes visiten el Paraje Difunta Correa y los complejos tur\u00edsticos y religiosos Ceferino Namuncur\u00e1 y San Expedito deber\u00e1n cumplir con las medidas sanitarias vigentes como el uso de tapaboca, mantener el distanciamiento social y el uso de alcohol en gel.<\/span><\/p>\n<p>&nbsp;<\/p>\n<p>&nbsp;<\/p>\n<p>&nbsp;<\/p>\n","protected":false},"excerpt":{"rendered":"<p>El Ministerio de Turismo y Cultura junto al Ministerio de Salud, la Secretar\u00eda de Seguridad y Orden P\u00fablico y las<\/p>\n","protected":false},"author":3,"featured_media":771,"comment_status":"closed","ping_status":"closed","sticky":false,"template":"","format":"standard","meta":{"_acf_changed":false,"_seopress_robots_primary_cat":"none","_seopress_titles_title":"","_seopress_titles_desc":"","_seopress_robots_index":"","colormag_page_container_layout":"default_layout","colormag_page_sidebar_layout":"default_layout","footnotes":""},"categories":[20],"tags":[],"class_list":["post-36467","post","type-post","status-publish","format-standard","has-post-thumbnail","hentry","category-cartelera"],"acf":[],"_links":{"self":[{"href":"https:\/\/vocesparalelas.com.ar\/sitio\/wp-json\/wp\/v2\/posts\/36467","targetHints":{"allow":["GET"]}}],"collection":[{"href":"https:\/\/vocesparalelas.com.ar\/sitio\/wp-json\/wp\/v2\/posts"}],"about":[{"href":"https:\/\/vocesparalelas.com.ar\/sitio\/wp-json\/wp\/v2\/types\/post"}],"author":[{"embeddable":true,"href":"https:\/\/vocesparalelas.com.ar\/sitio\/wp-json\/wp\/v2\/users\/3"}],"replies":[{"embeddable":true,"href":"https:\/\/vocesparalelas.com.ar\/sitio\/wp-json\/wp\/v2\/comments?post=36467"}],"version-history":[{"count":1,"href":"https:\/\/vocesparalelas.com.ar\/sitio\/wp-json\/wp\/v2\/posts\/36467\/revisions"}],"predecessor-version":[{"id":36469,"href":"https:\/\/vocesparalelas.com.ar\/sitio\/wp-json\/wp\/v2\/posts\/36467\/revisions\/36469"}],"wp:featuredmedia":[{"embeddable":true,"href":"https:\/\/vocesparalelas.com.ar\/sitio\/wp-json\/wp\/v2\/media\/771"}],"wp:attachment":[{"href":"https:\/\/vocesparalelas.com.ar\/sitio\/wp-json\/wp\/v2\/media?parent=36467"}],"wp:term":[{"taxonomy":"category","embeddable":true,"href":"https:\/\/vocesparalelas.com.ar\/sitio\/wp-json\/wp\/v2\/categories?post=36467"},{"taxonomy":"post_tag","embeddable":true,"href":"https:\/\/vocesparalelas.com.ar\/sitio\/wp-json\/wp\/v2\/tags?post=36467"}],"curies":[{"name":"wp","href":"https:\/\/api.w.org\/{rel}","templated":true}]}}