{"id":36463,"date":"2021-03-30T23:57:19","date_gmt":"2021-03-31T02:57:19","guid":{"rendered":"http:\/\/vocesparalelas.com.ar\/sitio\/?p=36463"},"modified":"2021-03-30T23:57:19","modified_gmt":"2021-03-31T02:57:19","slug":"medidas-para-garantizar-la-limpieza-de-las-escuelas-de-san-juan","status":"publish","type":"post","link":"https:\/\/vocesparalelas.com.ar\/sitio\/medidas-para-garantizar-la-limpieza-de-las-escuelas-de-san-juan\/","title":{"rendered":"Medidas para garantizar la limpieza de las escuelas de San Juan"},"content":{"rendered":"<p>El Ministerio de Educaci\u00f3n aclara a la comunidad que debido a los numerosos casos de porteros con licencias por COVID-19 y y con el fin de garantizar las condiciones de higiene en cumplimiento de protocolos preventivos sanitarios, la limpieza de establecimientos es llevada a cabo por el personal de Servicios Generales y empresas de limpieza.<\/p>\n<p>La pandemia afect\u00f3 al personal de Servicios Generales que realiza limpieza y mantenimiento de las escuelas. Hay 281 porteros con licencia por COVID-19. Su trabajo es esencial, hoy m\u00e1s que nunca para dar efectivo cumplimiento de los protocolos sanitarios, fundamentales para mantener el estatus sanitario y cuidado de la comunidad educativa en su totalidad.<\/p>\n<p>Ante la gran cantidad de licencias (281) se determin\u00f3 que transitoriamente el servicio de limpieza sea realizado por empresas, hasta que retornen a su funci\u00f3n los porteros; recordando que no se puede incorporar personal al Estado, menos aun cuando est\u00e1 en proceso el pase a planta permanente de porteros que llevan varios a\u00f1os en servicio y que cumplieron con los requisitos dispuestos por la Funci\u00f3n P\u00fablica.<\/p>\n<p>La metodolog\u00eda que se implement\u00f3 es la reubicaci\u00f3n en el turno ma\u00f1ana de todos los porteros que est\u00e1n en funciones. En el turno tarde noche el trabajo lo efect\u00faa la empresa de limpieza. Esto garantiza que los establecimientos est\u00e9n en \u00f3ptimas condiciones de higiene. Terminada la licencia el personal se reincorporar\u00e1 a sus tareas habituales.<\/p>\n<p>Cabe recordar que el Ministerio de Educaci\u00f3n acord\u00f3 con los gremios implementar la figura del supervisor de Porteros, acci\u00f3n que a\u00fan no se concret\u00f3 debido a la falta de gran parte del personal que se encuentra de licencia. Una vez que reanuden a sus tareas, se pondr\u00e1 en funciones a los supervisores.<\/p>\n<p>Esta modalidad es una de las diversas estrategias aplicadas ante la excepcionalidad de la pandemia para no afectar la presencialidad en las escuelas y la continuidad de las trayectorias pedag\u00f3gicas y se descarta de plano la tercerizaci\u00f3n o privatizaci\u00f3n del servicio de limpieza en las escuelas.<\/p>\n<p>&nbsp;<\/p>\n<p>&nbsp;<\/p>\n<p>&nbsp;<\/p>\n","protected":false},"excerpt":{"rendered":"<p>El Ministerio de Educaci\u00f3n aclara a la comunidad que debido a los numerosos casos de porteros con licencias por COVID-19<\/p>\n","protected":false},"author":3,"featured_media":36465,"comment_status":"closed","ping_status":"closed","sticky":false,"template":"","format":"standard","meta":{"_acf_changed":false,"_seopress_robots_primary_cat":"none","_seopress_titles_title":"","_seopress_titles_desc":"","_seopress_robots_index":"","colormag_page_container_layout":"default_layout","colormag_page_sidebar_layout":"default_layout","footnotes":""},"categories":[1],"tags":[],"class_list":["post-36463","post","type-post","status-publish","format-standard","has-post-thumbnail","hentry","category-destacadas"],"acf":[],"_links":{"self":[{"href":"https:\/\/vocesparalelas.com.ar\/sitio\/wp-json\/wp\/v2\/posts\/36463","targetHints":{"allow":["GET"]}}],"collection":[{"href":"https:\/\/vocesparalelas.com.ar\/sitio\/wp-json\/wp\/v2\/posts"}],"about":[{"href":"https:\/\/vocesparalelas.com.ar\/sitio\/wp-json\/wp\/v2\/types\/post"}],"author":[{"embeddable":true,"href":"https:\/\/vocesparalelas.com.ar\/sitio\/wp-json\/wp\/v2\/users\/3"}],"replies":[{"embeddable":true,"href":"https:\/\/vocesparalelas.com.ar\/sitio\/wp-json\/wp\/v2\/comments?post=36463"}],"version-history":[{"count":1,"href":"https:\/\/vocesparalelas.com.ar\/sitio\/wp-json\/wp\/v2\/posts\/36463\/revisions"}],"predecessor-version":[{"id":36466,"href":"https:\/\/vocesparalelas.com.ar\/sitio\/wp-json\/wp\/v2\/posts\/36463\/revisions\/36466"}],"wp:featuredmedia":[{"embeddable":true,"href":"https:\/\/vocesparalelas.com.ar\/sitio\/wp-json\/wp\/v2\/media\/36465"}],"wp:attachment":[{"href":"https:\/\/vocesparalelas.com.ar\/sitio\/wp-json\/wp\/v2\/media?parent=36463"}],"wp:term":[{"taxonomy":"category","embeddable":true,"href":"https:\/\/vocesparalelas.com.ar\/sitio\/wp-json\/wp\/v2\/categories?post=36463"},{"taxonomy":"post_tag","embeddable":true,"href":"https:\/\/vocesparalelas.com.ar\/sitio\/wp-json\/wp\/v2\/tags?post=36463"}],"curies":[{"name":"wp","href":"https:\/\/api.w.org\/{rel}","templated":true}]}}