{"id":36454,"date":"2021-03-30T15:43:43","date_gmt":"2021-03-30T18:43:43","guid":{"rendered":"http:\/\/vocesparalelas.com.ar\/sitio\/?p=36454"},"modified":"2021-04-06T02:04:34","modified_gmt":"2021-04-06T05:04:34","slug":"perdida-auditiva-irreversible-por-el-uso-indiscriminado-de-auriculares-a-alto-volumen","status":"publish","type":"post","link":"https:\/\/vocesparalelas.com.ar\/sitio\/perdida-auditiva-irreversible-por-el-uso-indiscriminado-de-auriculares-a-alto-volumen\/","title":{"rendered":"P\u00e9rdida auditiva irreversible por el uso indiscriminado de auriculares a alto volumen"},"content":{"rendered":"<p>La Divisi\u00f3n Audiolog\u00eda del Hospital Marcial Quiroga alerta por el gran da\u00f1o que provoca su uso indiscriminado a altos vol\u00famenes. Esta es una de las principales causas de la hipoacusia.<\/p>\n<p>El deterioro de la salud auditiva es un tema que avanza a\u00f1o tras a\u00f1o y los estudios de los especialistas as\u00ed lo reflejan. Seg\u00fan la Organizaci\u00f3n Mundial de la Salud &#8211; OMS -, en el a\u00f1o 2050 se calcula que 1 de cada 4 personas sufrir\u00e1 una p\u00e9rdida auditiva irreversible por el uso indiscriminado de auriculares a alto volumen y exposici\u00f3n a ruidos intensos.<\/p>\n<p>En virtud de ello el fonoaudi\u00f3logo Rodolfo Burgoa, la licenciada Cecilia Rubi\u00f1o y la Dra. Anal\u00eda Pujador, integrantes de la Divisi\u00f3n Audiolog\u00eda del Servicio de Otorrinolaringolog\u00eda y Fonoaudiolog\u00eda del Hospital Marcial Quiroga, en el mes de la audici\u00f3n, destacan que \u201cactualmente la adolescencia es la m\u00e1s expuesta con el uso y abuso de la tecnolog\u00eda. Gran parte de ese rango etario necesitar\u00e1 atenci\u00f3n otol\u00f3gica y rehabilitaci\u00f3n si no toma a tiempo medidas preventivas\u201d.<\/p>\n<p>Burgoa se\u00f1ala que \u201cel 50% de las personas escuchan sus dispositivos electr\u00f3nicos, celulares, video llamadas, video juegos y hasta las clases virtuales de estudio a niveles inseguros, es decir con un volumen muy alto. Al igual que un n\u00famero similar de gente que est\u00e1 expuesta potencialmente a niveles excesivos de ruido en diferentes eventos sociales\u201d, como las principales causas de la hipoacusia.<\/p>\n<p>Frente a esta problem\u00e1tica que act\u00faa como un flagelo silencioso que desencadena en la perdida de la audici\u00f3n, la Lic. Rubi\u00f1o subraya que hay que \u201cestar atento a los signos de p\u00e9rdida de audici\u00f3n, que suele reflejarse como zumbidos en los o\u00eddos, v\u00e9rtigo, p\u00e9rdida del equilibrio y sensaci\u00f3n de o\u00eddo tapado, entre otros\u201d.<\/p>\n<p>Por ello destaca que existen varios consejos preventivos para evitar la hipoacusia: \u201cescuchar el auricular con un volumen medio de rango auditivo, como as\u00ed tambi\u00e9n limitar el tiempo de exposici\u00f3n a actividades ruidosas\u201d.<\/p>\n<p>La audici\u00f3n es uno de los sentidos b\u00e1sicos para el desempe\u00f1o y desarrollo del ser humano, por ello de no tratarse las p\u00e9rdidas auditivas puede acarrear consecuencias devastadoras en la capacidad de las personas para comunicarse, estudiar, relacionarse ya que afecta la salud mental.<\/p>\n<p>Para los profesionales de la Divisi\u00f3n Audiolog\u00eda, \u201cla prevenci\u00f3n es vital, a cualquier edad un chequeo otorrinolaringol\u00f3gico y audiol\u00f3gico peri\u00f3dico permite siempre detectar a tiempo una p\u00e9rdida auditiva\u201d. Atenci\u00f3n m\u00e9dica que brinda del Hospital Marcial Quiroga de lunes a viernes por la ma\u00f1ana y la tarde.<\/p>\n<p><img loading=\"lazy\" decoding=\"async\" class=\"alignnone wp-image-36457 size-full\" src=\"https:\/\/vocesparalelas.com.ar\/sitio\/wp-content\/uploads\/2021\/03\/HMQ-SORDERSA.jpg\" alt=\"\" width=\"800\" height=\"444\" srcset=\"https:\/\/vocesparalelas.com.ar\/sitio\/wp-content\/uploads\/2021\/03\/HMQ-SORDERSA.jpg 800w, https:\/\/vocesparalelas.com.ar\/sitio\/wp-content\/uploads\/2021\/03\/HMQ-SORDERSA-300x167.jpg 300w, https:\/\/vocesparalelas.com.ar\/sitio\/wp-content\/uploads\/2021\/03\/HMQ-SORDERSA-768x426.jpg 768w\" sizes=\"auto, (max-width: 800px) 100vw, 800px\" \/><\/p>\n<p>&nbsp;<\/p>\n<p><img loading=\"lazy\" decoding=\"async\" class=\"alignnone wp-image-7500 size-large\" src=\"https:\/\/vocesparalelas.com.ar\/sitio\/wp-content\/uploads\/2017\/11\/HOSPITAL-MARCIAL-QUIROGA-2-800x450.jpg\" alt=\"\" width=\"800\" height=\"450\" srcset=\"https:\/\/vocesparalelas.com.ar\/sitio\/wp-content\/uploads\/2017\/11\/HOSPITAL-MARCIAL-QUIROGA-2-800x450.jpg 800w, https:\/\/vocesparalelas.com.ar\/sitio\/wp-content\/uploads\/2017\/11\/HOSPITAL-MARCIAL-QUIROGA-2-300x169.jpg 300w, https:\/\/vocesparalelas.com.ar\/sitio\/wp-content\/uploads\/2017\/11\/HOSPITAL-MARCIAL-QUIROGA-2-768x432.jpg 768w, https:\/\/vocesparalelas.com.ar\/sitio\/wp-content\/uploads\/2017\/11\/HOSPITAL-MARCIAL-QUIROGA-2.jpg 1024w\" sizes=\"auto, (max-width: 800px) 100vw, 800px\" \/><\/p>\n<p>&nbsp;<\/p>\n<p>&nbsp;<\/p>\n<p>&nbsp;<\/p>\n","protected":false},"excerpt":{"rendered":"<p>La Divisi\u00f3n Audiolog\u00eda del Hospital Marcial Quiroga alerta por el gran da\u00f1o que provoca su uso indiscriminado a altos vol\u00famenes.<\/p>\n","protected":false},"author":3,"featured_media":36461,"comment_status":"closed","ping_status":"closed","sticky":false,"template":"","format":"standard","meta":{"_acf_changed":false,"_seopress_robots_primary_cat":"none","_seopress_titles_title":"","_seopress_titles_desc":"","_seopress_robots_index":"","colormag_page_container_layout":"default_layout","colormag_page_sidebar_layout":"default_layout","footnotes":""},"categories":[10],"tags":[],"class_list":["post-36454","post","type-post","status-publish","format-standard","has-post-thumbnail","hentry","category-opiniones"],"acf":[],"_links":{"self":[{"href":"https:\/\/vocesparalelas.com.ar\/sitio\/wp-json\/wp\/v2\/posts\/36454","targetHints":{"allow":["GET"]}}],"collection":[{"href":"https:\/\/vocesparalelas.com.ar\/sitio\/wp-json\/wp\/v2\/posts"}],"about":[{"href":"https:\/\/vocesparalelas.com.ar\/sitio\/wp-json\/wp\/v2\/types\/post"}],"author":[{"embeddable":true,"href":"https:\/\/vocesparalelas.com.ar\/sitio\/wp-json\/wp\/v2\/users\/3"}],"replies":[{"embeddable":true,"href":"https:\/\/vocesparalelas.com.ar\/sitio\/wp-json\/wp\/v2\/comments?post=36454"}],"version-history":[{"count":1,"href":"https:\/\/vocesparalelas.com.ar\/sitio\/wp-json\/wp\/v2\/posts\/36454\/revisions"}],"predecessor-version":[{"id":36458,"href":"https:\/\/vocesparalelas.com.ar\/sitio\/wp-json\/wp\/v2\/posts\/36454\/revisions\/36458"}],"wp:featuredmedia":[{"embeddable":true,"href":"https:\/\/vocesparalelas.com.ar\/sitio\/wp-json\/wp\/v2\/media\/36461"}],"wp:attachment":[{"href":"https:\/\/vocesparalelas.com.ar\/sitio\/wp-json\/wp\/v2\/media?parent=36454"}],"wp:term":[{"taxonomy":"category","embeddable":true,"href":"https:\/\/vocesparalelas.com.ar\/sitio\/wp-json\/wp\/v2\/categories?post=36454"},{"taxonomy":"post_tag","embeddable":true,"href":"https:\/\/vocesparalelas.com.ar\/sitio\/wp-json\/wp\/v2\/tags?post=36454"}],"curies":[{"name":"wp","href":"https:\/\/api.w.org\/{rel}","templated":true}]}}