{"id":36450,"date":"2021-03-30T21:56:48","date_gmt":"2021-03-31T00:56:48","guid":{"rendered":"http:\/\/vocesparalelas.com.ar\/sitio\/?p=36450"},"modified":"2021-04-01T02:07:01","modified_gmt":"2021-04-01T05:07:01","slug":"apertura-de-sesiones-del-periodo-ordinario-2021-con-el-mensaje-anual-del-gobernador-de-san-juan-dr-sergio-unac","status":"publish","type":"post","link":"https:\/\/vocesparalelas.com.ar\/sitio\/apertura-de-sesiones-del-periodo-ordinario-2021-con-el-mensaje-anual-del-gobernador-de-san-juan-dr-sergio-unac\/","title":{"rendered":"Apertura de sesiones del per\u00edodo ordinario 2021 con el Mensaje Anual del Gobernador de San Juan, Dr. Sergio U\u00f1ac"},"content":{"rendered":"<div class=\"itemFullText jbintrotext\">\n<p>El Jueves, 1 de Abril, a partir de las 8.30 hs., la C\u00e1mara de Diputados de San Juan es escenario de la apertura de sesiones del per\u00edodo ordinario 2021, que queda habilitado de manera formal con el Mensaje Anual del Gobernador de San Juan, Dr. Sergio U\u00f1ac, quien asiste al recinto en cumplimiento con lo establecido en el art\u00edculo 189\u00ba, inciso 6, de la Constituci\u00f3n de la provincia.<\/p>\n<\/div>\n<div class=\"itemFullText\">\n<p>Cabe se\u00f1alar que el art\u00edculo e inciso antes mencionados indican que \u201cEl Gobernador o quien ejerza el Poder Ejecutivo en su caso, tiene las siguientes atribuciones y deberes:<\/p>\n<p>Informar a la C\u00e1mara de Diputados al iniciarse cada per\u00edodo de sesiones ordinarias, del estado general de la administraci\u00f3n, del movimiento de fondos que se hubiera producido dentro o fuera del presupuesto general durante el ejercicio econ\u00f3mico anterior y de las necesidades p\u00fablicas y sus soluciones inmediatas\u201d.<\/p>\n<p>Tras el comienzo de la sesi\u00f3n, est\u00e1 previsto un cuarto intermedio para que la Comisi\u00f3n de Exterior, integrada por la diputada Florencia Pe\u00f1aloza y los diputados Juan Carlos Abarca, Sergio Miodowsky, Gustavo Us\u00edn y Andr\u00e9s Chanampa, reciba al primer mandatario provincial que har\u00e1 su arribo por calle Las Heras. Luego de los saludos protocolares, el gobernador dispondr\u00e1 all\u00ed de un breve contacto directo con los representantes de los medios de comunicaci\u00f3n, quienes deber\u00e1n mantenerse estrictamente detr\u00e1s de un cord\u00f3n separador con el fin de respetar la distancia recomendada por la Organizaci\u00f3n Mundial de la Salud (OMS).<\/p>\n<p>Una vez finalizada la ronda con los periodistas, el gobernador Sergio U\u00f1ac, escoltado por la Comisi\u00f3n de Exterior, ingresar\u00e1 al edificio legislativo donde lo recibir\u00e1 la Comisi\u00f3n de Interior, conformada por los legisladores Horacio Quiroga, Enrique Monta\u00f1o, Enzo Cornejo y Marcelo Mallea. Ellos lo acompa\u00f1ar\u00e1n hasta el despacho del vicegobernador Roberto Gattoni, con quien tendr\u00e1 una breve reuni\u00f3n junto con los diputados titulares de los bloques.<\/p>\n<p>Culminados los saludos protocolares entre las autoridades, el gobernador y vicegobernador har\u00e1n su ingreso al recinto para reanudar la sesi\u00f3n con el pronunciamiento del discurso anual por parte del titular del Poder Ejecutivo, quien tiene el prop\u00f3sito de rendir cuentas al pueblo de San Juan y a sus representantes por lo realizado institucionalmente durante el a\u00f1o 2020 y adelantar lo planificado para este 2021.<\/p>\n<p><span style=\"color: #800080;\"><strong>La Sesi\u00f3n con medidas de prevenci\u00f3n COVID-19<\/strong><\/span><\/p>\n<p>Es importante consignar que el inicio del Per\u00edodo Ordinario de sesiones es realizado bajo estricto cumplimiento del protocolo sanitario para la prevenci\u00f3n del COVID-19. Por tal motivo, la cantidad de invitados especiales que asisten de forma presencial es menor que en a\u00f1os anteriores y est\u00e1n ubicados, en esta ocasi\u00f3n, en el palco bandeja. En el caso de los diecinueve intendentes, ellos siguen la sesi\u00f3n v\u00eda plataforma Zoom. El ingreso de familiares o p\u00fablico en general al edificio legislativo no est\u00e1 permitido.<\/p>\n<p>Por otro lado, se ha solicitado a la poblaci\u00f3n, agrupaciones pol\u00edticas, asociaciones, organizaciones sociales, entre otros, no congregarse en la puerta de la Legislatura como tradicionalmente suelen hacerlo en demostraci\u00f3n de apoyo al gobierno provincial.<\/p>\n<p>En cuanto a la prensa, tendr\u00e1 acceso por avenida Libertador General San Mart\u00edn y previa verificaci\u00f3n de si el medio se encuentra incluido en la lista de ingreso, no habr\u00e1 m\u00e1s de treinta personas entre periodistas, fot\u00f3grafos y camar\u00f3grafos.<\/p>\n<p>Cabe aclarar que todos podr\u00e1n hacer seguimiento de la sesi\u00f3n v\u00eda streaming a trav\u00e9s del sitio web<a href=\"http:\/\/www.diputadossanjuan.gob.ar\/\">www.diputadossanjuan.gob.ar<\/a> \u00a0o bien por el canal de Youtube oficial de la C\u00e1mara de Diputados de San Juan. La Direcci\u00f3n de Prensa enviar\u00e1 el link correspondiente el d\u00eda de la sesi\u00f3n.<\/p>\n<p>En cuanto a los diputados y las diputadas, para su ubicaci\u00f3n utilizar\u00e1n la totalidad del espacio f\u00edsico del recinto con el objetivo de respetar la distancia entre personas recomendada por la OMS. De esta manera ocupar\u00e1n, como lo hicieron el a\u00f1o pasado, espacios que habitualmente est\u00e1n destinados a periodistas, asesores, invitados especiales.<\/p>\n<p>&nbsp;<\/p>\n<\/div>\n","protected":false},"excerpt":{"rendered":"<p>El Jueves, 1 de Abril, a partir de las 8.30 hs., la C\u00e1mara de Diputados de San Juan es escenario<\/p>\n","protected":false},"author":3,"featured_media":16350,"comment_status":"closed","ping_status":"closed","sticky":false,"template":"","format":"standard","meta":{"_acf_changed":false,"_seopress_robots_primary_cat":"none","_seopress_titles_title":"","_seopress_titles_desc":"","_seopress_robots_index":"","colormag_page_container_layout":"default_layout","colormag_page_sidebar_layout":"default_layout","footnotes":""},"categories":[1],"tags":[],"class_list":["post-36450","post","type-post","status-publish","format-standard","has-post-thumbnail","hentry","category-destacadas"],"acf":[],"_links":{"self":[{"href":"https:\/\/vocesparalelas.com.ar\/sitio\/wp-json\/wp\/v2\/posts\/36450","targetHints":{"allow":["GET"]}}],"collection":[{"href":"https:\/\/vocesparalelas.com.ar\/sitio\/wp-json\/wp\/v2\/posts"}],"about":[{"href":"https:\/\/vocesparalelas.com.ar\/sitio\/wp-json\/wp\/v2\/types\/post"}],"author":[{"embeddable":true,"href":"https:\/\/vocesparalelas.com.ar\/sitio\/wp-json\/wp\/v2\/users\/3"}],"replies":[{"embeddable":true,"href":"https:\/\/vocesparalelas.com.ar\/sitio\/wp-json\/wp\/v2\/comments?post=36450"}],"version-history":[{"count":2,"href":"https:\/\/vocesparalelas.com.ar\/sitio\/wp-json\/wp\/v2\/posts\/36450\/revisions"}],"predecessor-version":[{"id":36453,"href":"https:\/\/vocesparalelas.com.ar\/sitio\/wp-json\/wp\/v2\/posts\/36450\/revisions\/36453"}],"wp:featuredmedia":[{"embeddable":true,"href":"https:\/\/vocesparalelas.com.ar\/sitio\/wp-json\/wp\/v2\/media\/16350"}],"wp:attachment":[{"href":"https:\/\/vocesparalelas.com.ar\/sitio\/wp-json\/wp\/v2\/media?parent=36450"}],"wp:term":[{"taxonomy":"category","embeddable":true,"href":"https:\/\/vocesparalelas.com.ar\/sitio\/wp-json\/wp\/v2\/categories?post=36450"},{"taxonomy":"post_tag","embeddable":true,"href":"https:\/\/vocesparalelas.com.ar\/sitio\/wp-json\/wp\/v2\/tags?post=36450"}],"curies":[{"name":"wp","href":"https:\/\/api.w.org\/{rel}","templated":true}]}}