{"id":36433,"date":"2021-03-30T00:08:07","date_gmt":"2021-03-30T03:08:07","guid":{"rendered":"http:\/\/vocesparalelas.com.ar\/sitio\/?p=36433"},"modified":"2021-03-31T01:56:56","modified_gmt":"2021-03-31T04:56:56","slug":"nueva-arista-experiencia-y-compromiso-en-el-colegio-de-arquitectos-de-san-juan","status":"publish","type":"post","link":"https:\/\/vocesparalelas.com.ar\/sitio\/nueva-arista-experiencia-y-compromiso-en-el-colegio-de-arquitectos-de-san-juan\/","title":{"rendered":"\u00abNueva Arista\u00bb experiencia y compromiso en el Colegio de Arquitectos de San Juan"},"content":{"rendered":"<p>Recientemente, el Colegio de Arquitectos de San Juan asumi\u00f3 las autoridades de la nueva gesti\u00f3n que responde a una linea de conducci\u00f3n \u00abNueva Arista\u00bb experiencia y compromiso, que tiene el compromiso de darle a la instituci\u00f3n una visi\u00f3n m\u00e1s acorde al Siglo XXI.<\/p>\n<p><span style=\"color: #008000;\"><strong>\u00abNueva Arista\u00bb experiencia y compromiso<\/strong><\/span><\/p>\n<p><span style=\"color: #008000;\"><strong>Consejo Superior<\/strong><\/span><\/p>\n<ul>\n<li>Presidente Arq. Mario Flumiani<\/li>\n<li>Vicepresidente, Arq. Elisa G\u00f3mez<\/li>\n<li>Secretario Arq. Manuel Garc\u00eda<\/li>\n<li>Tesorera Arq. Edith Borbore<\/li>\n<\/ul>\n<p><span style=\"color: #008000;\"><strong>Vocales Titulares<\/strong><\/span><\/p>\n<ul>\n<li>Arq. Rub\u00e9n Avenda\u00f1o<\/li>\n<li>Arq. Julia Manzur<\/li>\n<li>Arq. Fernando Tapia<\/li>\n<li>Arq. Gabriel Vallecillo<\/li>\n<\/ul>\n<p><strong>Vocales Suplentes<\/strong><\/p>\n<ul>\n<li>Arq. Mirtha Segura<\/li>\n<li>Arq. Mart\u00edn Nievas<\/li>\n<\/ul>\n<p><span style=\"color: #008000;\"><strong>Tribunal de \u00c9tica y Disciplina<\/strong><\/span><\/p>\n<p><span style=\"color: #008000;\"><strong>Titulares<\/strong><\/span><\/p>\n<ul>\n<li>Arq. Norma Merino<\/li>\n<li>Arq. Gabriel J. Pinto<\/li>\n<li>Arq. Lorena Heras<\/li>\n<\/ul>\n<p><span style=\"color: #008000;\"><strong>Suplentes<\/strong><\/span><\/p>\n<ul>\n<li>Arq. Juan Zabaleta<\/li>\n<li>Arq. Marcela Celayes<\/li>\n<li>Arq. Victor Gordillo<\/li>\n<\/ul>\n<p><span style=\"color: #008000;\"><strong>Colegio de Jurados \u2013 FADEA:<\/strong><\/span><\/p>\n<p><span style=\"color: #008000;\"><strong>Titulares:<\/strong><\/span><\/p>\n<ul>\n<li>Arq. Claudia Agnelli<\/li>\n<li>Arq. Mario Figueroa<\/li>\n<li>Arq. Gabriela Berisso<\/li>\n<\/ul>\n<p><span style=\"color: #008000;\"><strong>Suplentes<\/strong><\/span><\/p>\n<ul>\n<li>Arq. Carlos Saiz<\/li>\n<li>Arq. Mauricio D\u00edaz<\/li>\n<li>Arq. Rub\u00e9n Nielson<\/li>\n<\/ul>\n<p><img loading=\"lazy\" decoding=\"async\" class=\"alignnone wp-image-35694 size-full\" src=\"https:\/\/vocesparalelas.com.ar\/sitio\/wp-content\/uploads\/2021\/03\/CASJ-LISTA-01.jpg\" alt=\"\" width=\"800\" height=\"641\" srcset=\"https:\/\/vocesparalelas.com.ar\/sitio\/wp-content\/uploads\/2021\/03\/CASJ-LISTA-01.jpg 800w, https:\/\/vocesparalelas.com.ar\/sitio\/wp-content\/uploads\/2021\/03\/CASJ-LISTA-01-300x240.jpg 300w, https:\/\/vocesparalelas.com.ar\/sitio\/wp-content\/uploads\/2021\/03\/CASJ-LISTA-01-768x615.jpg 768w\" sizes=\"auto, (max-width: 800px) 100vw, 800px\" \/><\/p>\n<p>Por ello, Voces Paralelas, entrevist\u00f3 al\u00a0<span style=\"line-height: 1.5;\">Presidente del CASJ, Arq. Mario Flumiani, quien tiene la responsabilidad de guiar el destino de la instituci\u00f3n.<\/span><\/p>\n<figure id=\"attachment_36436\" aria-describedby=\"caption-attachment-36436\" style=\"width: 800px\" class=\"wp-caption alignnone\"><img loading=\"lazy\" decoding=\"async\" class=\"wp-image-36436 size-full\" src=\"https:\/\/vocesparalelas.com.ar\/sitio\/wp-content\/uploads\/2021\/03\/CASJ-ARQ.MARIO-01.jpg\" alt=\"\" width=\"800\" height=\"533\" srcset=\"https:\/\/vocesparalelas.com.ar\/sitio\/wp-content\/uploads\/2021\/03\/CASJ-ARQ.MARIO-01.jpg 800w, https:\/\/vocesparalelas.com.ar\/sitio\/wp-content\/uploads\/2021\/03\/CASJ-ARQ.MARIO-01-300x200.jpg 300w, https:\/\/vocesparalelas.com.ar\/sitio\/wp-content\/uploads\/2021\/03\/CASJ-ARQ.MARIO-01-768x512.jpg 768w\" sizes=\"auto, (max-width: 800px) 100vw, 800px\" \/><figcaption id=\"caption-attachment-36436\" class=\"wp-caption-text\">Presidente del CASJ, Arq. Mario Flumiani<\/figcaption><\/figure>\n<p>&nbsp;<\/p>\n<p><iframe loading=\"lazy\" title=\"CASJ ARQ. MARIO FLUMIANI\" width=\"800\" height=\"450\" src=\"https:\/\/www.youtube.com\/embed\/N8O-hh2X_Cw?feature=oembed\" frameborder=\"0\" allow=\"accelerometer; autoplay; clipboard-write; encrypted-media; gyroscope; picture-in-picture\" allowfullscreen><\/iframe><\/p>\n<p>&nbsp;<\/p>\n<p><img loading=\"lazy\" decoding=\"async\" class=\"wp-image-35695 size-full aligncenter\" src=\"https:\/\/vocesparalelas.com.ar\/sitio\/wp-content\/uploads\/2021\/03\/CASJ-LISTADO-02.jpg\" alt=\"\" width=\"514\" height=\"1024\" srcset=\"https:\/\/vocesparalelas.com.ar\/sitio\/wp-content\/uploads\/2021\/03\/CASJ-LISTADO-02.jpg 514w, https:\/\/vocesparalelas.com.ar\/sitio\/wp-content\/uploads\/2021\/03\/CASJ-LISTADO-02-151x300.jpg 151w, https:\/\/vocesparalelas.com.ar\/sitio\/wp-content\/uploads\/2021\/03\/CASJ-LISTADO-02-402x800.jpg 402w\" sizes=\"auto, (max-width: 514px) 100vw, 514px\" \/><\/p>\n<p>&nbsp;<\/p>\n<p>&nbsp;<\/p>\n<p>&nbsp;<\/p>\n","protected":false},"excerpt":{"rendered":"<p>Recientemente, el Colegio de Arquitectos de San Juan asumi\u00f3 las autoridades de la nueva gesti\u00f3n que responde a una linea<\/p>\n","protected":false},"author":3,"featured_media":36435,"comment_status":"closed","ping_status":"closed","sticky":false,"template":"","format":"video","meta":{"_acf_changed":false,"_seopress_robots_primary_cat":"none","_seopress_titles_title":"","_seopress_titles_desc":"","_seopress_robots_index":"","colormag_page_container_layout":"default_layout","colormag_page_sidebar_layout":"default_layout","footnotes":""},"categories":[10,7],"tags":[],"class_list":["post-36433","post","type-post","status-publish","format-video","has-post-thumbnail","hentry","category-opiniones","category-videos","post_format-post-format-video"],"acf":[],"_links":{"self":[{"href":"https:\/\/vocesparalelas.com.ar\/sitio\/wp-json\/wp\/v2\/posts\/36433","targetHints":{"allow":["GET"]}}],"collection":[{"href":"https:\/\/vocesparalelas.com.ar\/sitio\/wp-json\/wp\/v2\/posts"}],"about":[{"href":"https:\/\/vocesparalelas.com.ar\/sitio\/wp-json\/wp\/v2\/types\/post"}],"author":[{"embeddable":true,"href":"https:\/\/vocesparalelas.com.ar\/sitio\/wp-json\/wp\/v2\/users\/3"}],"replies":[{"embeddable":true,"href":"https:\/\/vocesparalelas.com.ar\/sitio\/wp-json\/wp\/v2\/comments?post=36433"}],"version-history":[{"count":1,"href":"https:\/\/vocesparalelas.com.ar\/sitio\/wp-json\/wp\/v2\/posts\/36433\/revisions"}],"predecessor-version":[{"id":36437,"href":"https:\/\/vocesparalelas.com.ar\/sitio\/wp-json\/wp\/v2\/posts\/36433\/revisions\/36437"}],"wp:featuredmedia":[{"embeddable":true,"href":"https:\/\/vocesparalelas.com.ar\/sitio\/wp-json\/wp\/v2\/media\/36435"}],"wp:attachment":[{"href":"https:\/\/vocesparalelas.com.ar\/sitio\/wp-json\/wp\/v2\/media?parent=36433"}],"wp:term":[{"taxonomy":"category","embeddable":true,"href":"https:\/\/vocesparalelas.com.ar\/sitio\/wp-json\/wp\/v2\/categories?post=36433"},{"taxonomy":"post_tag","embeddable":true,"href":"https:\/\/vocesparalelas.com.ar\/sitio\/wp-json\/wp\/v2\/tags?post=36433"}],"curies":[{"name":"wp","href":"https:\/\/api.w.org\/{rel}","templated":true}]}}