{"id":36429,"date":"2021-03-29T21:47:19","date_gmt":"2021-03-30T00:47:19","guid":{"rendered":"http:\/\/vocesparalelas.com.ar\/sitio\/?p=36429"},"modified":"2021-03-29T21:47:19","modified_gmt":"2021-03-30T00:47:19","slug":"asueto-por-duelo-en-el-instituto-superior-de-educacion-fisica","status":"publish","type":"post","link":"https:\/\/vocesparalelas.com.ar\/sitio\/asueto-por-duelo-en-el-instituto-superior-de-educacion-fisica\/","title":{"rendered":"Asueto por duelo en el Instituto Superior de Educaci\u00f3n F\u00edsica"},"content":{"rendered":"<p>En la jornada del Lunes, 9 de Marzo, Carlos Luna, de 54 a\u00f1os, \u00a0mientras cumpl\u00eda funciones en Servicios Generales en el Instituto Superior de Educaci\u00f3n F\u00edsica sufri\u00f3 una descompensaci\u00f3n.<\/p>\n<p>Pese al auxilio de sus compa\u00f1eros de trabajo y el llamado al Servicio de Emergencias M\u00e9dicas, al llegar los profesionales corroboraron que Luna hab\u00eda fallecido.<\/p>\n<p>Se dio intervenci\u00f3n a la Polic\u00eda y el m\u00e9dico legista, que certific\u00f3 que muri\u00f3 de un paro cardiorrespiratorio.<\/p>\n<p>Las autoridades determinaron asueto por duelo el Martes, 30 de Marzo.<\/p>\n<p>Luna se desempe\u00f1aba desde el 2014 en la instituci\u00f3n.<\/p>\n<p>&nbsp;<\/p>\n<p>&nbsp;<\/p>\n<p>&nbsp;<\/p>\n","protected":false},"excerpt":{"rendered":"<p>En la jornada del Lunes, 9 de Marzo, Carlos Luna, de 54 a\u00f1os, \u00a0mientras cumpl\u00eda funciones en Servicios Generales en<\/p>\n","protected":false},"author":3,"featured_media":36431,"comment_status":"closed","ping_status":"closed","sticky":false,"template":"","format":"standard","meta":{"_acf_changed":false,"_seopress_robots_primary_cat":"none","_seopress_titles_title":"","_seopress_titles_desc":"","_seopress_robots_index":"","colormag_page_container_layout":"default_layout","colormag_page_sidebar_layout":"default_layout","footnotes":""},"categories":[1],"tags":[],"class_list":["post-36429","post","type-post","status-publish","format-standard","has-post-thumbnail","hentry","category-destacadas"],"acf":[],"_links":{"self":[{"href":"https:\/\/vocesparalelas.com.ar\/sitio\/wp-json\/wp\/v2\/posts\/36429","targetHints":{"allow":["GET"]}}],"collection":[{"href":"https:\/\/vocesparalelas.com.ar\/sitio\/wp-json\/wp\/v2\/posts"}],"about":[{"href":"https:\/\/vocesparalelas.com.ar\/sitio\/wp-json\/wp\/v2\/types\/post"}],"author":[{"embeddable":true,"href":"https:\/\/vocesparalelas.com.ar\/sitio\/wp-json\/wp\/v2\/users\/3"}],"replies":[{"embeddable":true,"href":"https:\/\/vocesparalelas.com.ar\/sitio\/wp-json\/wp\/v2\/comments?post=36429"}],"version-history":[{"count":1,"href":"https:\/\/vocesparalelas.com.ar\/sitio\/wp-json\/wp\/v2\/posts\/36429\/revisions"}],"predecessor-version":[{"id":36432,"href":"https:\/\/vocesparalelas.com.ar\/sitio\/wp-json\/wp\/v2\/posts\/36429\/revisions\/36432"}],"wp:featuredmedia":[{"embeddable":true,"href":"https:\/\/vocesparalelas.com.ar\/sitio\/wp-json\/wp\/v2\/media\/36431"}],"wp:attachment":[{"href":"https:\/\/vocesparalelas.com.ar\/sitio\/wp-json\/wp\/v2\/media?parent=36429"}],"wp:term":[{"taxonomy":"category","embeddable":true,"href":"https:\/\/vocesparalelas.com.ar\/sitio\/wp-json\/wp\/v2\/categories?post=36429"},{"taxonomy":"post_tag","embeddable":true,"href":"https:\/\/vocesparalelas.com.ar\/sitio\/wp-json\/wp\/v2\/tags?post=36429"}],"curies":[{"name":"wp","href":"https:\/\/api.w.org\/{rel}","templated":true}]}}