{"id":36421,"date":"2021-03-28T23:19:58","date_gmt":"2021-03-29T02:19:58","guid":{"rendered":"http:\/\/vocesparalelas.com.ar\/sitio\/?p=36421"},"modified":"2021-03-28T23:36:21","modified_gmt":"2021-03-29T02:36:21","slug":"respetar-el-protocolo-donde-educacion-y-administracion-publica-las-actividades-continuan-presenciales","status":"publish","type":"post","link":"https:\/\/vocesparalelas.com.ar\/sitio\/respetar-el-protocolo-donde-educacion-y-administracion-publica-las-actividades-continuan-presenciales\/","title":{"rendered":"Respetar el protocolo donde Educaci\u00f3n y Administraci\u00f3n P\u00fablica las actividades contin\u00faan presenciales"},"content":{"rendered":"<p>El Gobierno de San Juan ha dispuesto que las actividades contin\u00faan desarroll\u00e1ndose como a este momento. Es importante destacar que se cumpla el protocolo sanitario. Ante cualquier situaci\u00f3n se informa oportunamente.<\/p>\n<p>Es interesante destacar que a pesar que el Gobierno Nacional ha emitido un mensaje optativo San Juan contin\u00faa su actividades. en Educaci\u00f3n y en la Administraci\u00f3n P\u00fablica son actividades presenciales.<\/p>\n<p>Recuerda que si te cuidas nos cuidamos todos.<\/p>\n","protected":false},"excerpt":{"rendered":"<p>El Gobierno de San Juan ha dispuesto que las actividades contin\u00faan desarroll\u00e1ndose como a este momento. Es importante destacar que<\/p>\n","protected":false},"author":3,"featured_media":1245,"comment_status":"closed","ping_status":"closed","sticky":false,"template":"","format":"standard","meta":{"_acf_changed":false,"_seopress_robots_primary_cat":"none","_seopress_titles_title":"","_seopress_titles_desc":"","_seopress_robots_index":"","colormag_page_container_layout":"default_layout","colormag_page_sidebar_layout":"default_layout","footnotes":""},"categories":[1],"tags":[],"class_list":["post-36421","post","type-post","status-publish","format-standard","has-post-thumbnail","hentry","category-destacadas"],"acf":[],"_links":{"self":[{"href":"https:\/\/vocesparalelas.com.ar\/sitio\/wp-json\/wp\/v2\/posts\/36421","targetHints":{"allow":["GET"]}}],"collection":[{"href":"https:\/\/vocesparalelas.com.ar\/sitio\/wp-json\/wp\/v2\/posts"}],"about":[{"href":"https:\/\/vocesparalelas.com.ar\/sitio\/wp-json\/wp\/v2\/types\/post"}],"author":[{"embeddable":true,"href":"https:\/\/vocesparalelas.com.ar\/sitio\/wp-json\/wp\/v2\/users\/3"}],"replies":[{"embeddable":true,"href":"https:\/\/vocesparalelas.com.ar\/sitio\/wp-json\/wp\/v2\/comments?post=36421"}],"version-history":[{"count":1,"href":"https:\/\/vocesparalelas.com.ar\/sitio\/wp-json\/wp\/v2\/posts\/36421\/revisions"}],"predecessor-version":[{"id":36423,"href":"https:\/\/vocesparalelas.com.ar\/sitio\/wp-json\/wp\/v2\/posts\/36421\/revisions\/36423"}],"wp:featuredmedia":[{"embeddable":true,"href":"https:\/\/vocesparalelas.com.ar\/sitio\/wp-json\/wp\/v2\/media\/1245"}],"wp:attachment":[{"href":"https:\/\/vocesparalelas.com.ar\/sitio\/wp-json\/wp\/v2\/media?parent=36421"}],"wp:term":[{"taxonomy":"category","embeddable":true,"href":"https:\/\/vocesparalelas.com.ar\/sitio\/wp-json\/wp\/v2\/categories?post=36421"},{"taxonomy":"post_tag","embeddable":true,"href":"https:\/\/vocesparalelas.com.ar\/sitio\/wp-json\/wp\/v2\/tags?post=36421"}],"curies":[{"name":"wp","href":"https:\/\/api.w.org\/{rel}","templated":true}]}}