{"id":36409,"date":"2021-03-26T23:10:32","date_gmt":"2021-03-27T02:10:32","guid":{"rendered":"http:\/\/vocesparalelas.com.ar\/sitio\/?p=36409"},"modified":"2021-03-30T01:12:33","modified_gmt":"2021-03-30T04:12:33","slug":"se-celebra-201-aniversario-del-mpbfr-con-entrada-gratis-para-todo-publico","status":"publish","type":"post","link":"https:\/\/vocesparalelas.com.ar\/sitio\/se-celebra-201-aniversario-del-mpbfr-con-entrada-gratis-para-todo-publico\/","title":{"rendered":"Se celebra 201\u00b0 aniversario del MPBFR con entrada gratis para todo p\u00fablico"},"content":{"rendered":"<p>En el marco de un nuevo aniversario del natalicio de Benjam\u00edn Franklin Rawson (29 de marzo de 1820), el museo que lleva el nombre del pintor sanjuanino, y cuenta con numerosas obras de su autor\u00eda, invita a visitar sus salas con entrada libre y gratuita. Una oportunidad para recorrer las muestras actuales y la colecci\u00f3n permanente.<\/p>\n<p>Desde que se construy\u00f3 la nueva sede del museo, se han realizado muestras, actividades especiales, investigaciones y edici\u00f3n de cat\u00e1logos, para poner en valor y mantener vivo el legado de Franklin Rawson, uno de los principales referentes de la pintura del Siglo XIX en la provincia de San Juan.<\/p>\n<p>Asimismo, en 2020 el Museo Franklin Rawson present\u00f3 la primera edici\u00f3n del premio Franklin Rawson a las Artes Visuales, en una acci\u00f3n conjunta con Fundaci\u00f3n Banco San Juan, en busca de fomentar la producci\u00f3n art\u00edstica local.<\/p>\n<p><span style=\"color: #99cc00;\"><strong>Muestras actuales<\/strong><\/span><\/p>\n<ul>\n<li>En la Sala 1, se exhibe \u201cFigura. Lectura de Colecci\u00f3n III\u201d, un conjunto de 25 obras representativas del patrimonio art\u00edstico del museo<\/li>\n<li>En la Sala 2, puede verse la obra de Dora Isdatne \u201cOtra naturaleza\u201d, compuesta por esculturas, relieves e instalaciones<\/li>\n<li>En la Sala 3, el artista Martin Fern\u00e1ndez presenta \u201cAgua negra\u201d, muestra individual de dibujos<\/li>\n<li>En el foyer, se expone una producci\u00f3n textil de tejedoras sanjuaninas a trav\u00e9s de la muestra \u201cMemoria de telares y teleras\u201d, en homenaje a las cultoras del telar criollo de la provincia<\/li>\n<li>En la Sala 4: XIX Escuela cuyana<\/li>\n<li>En la Sala 5: Colecci\u00f3n permanente<\/li>\n<\/ul>\n<p>Horarios de visita: martes a domingo de 12 a 21 horas. Visitas guiadas con previa inscripci\u00f3n al 4200470\/1657 (grupos de 6 a 10 personas) Martes, Jueves y S\u00e1bado, a las 19 horas.<\/p>\n","protected":false},"excerpt":{"rendered":"<p>En el marco de un nuevo aniversario del natalicio de Benjam\u00edn Franklin Rawson (29 de marzo de 1820), el museo<\/p>\n","protected":false},"author":3,"featured_media":22173,"comment_status":"closed","ping_status":"closed","sticky":false,"template":"","format":"standard","meta":{"_acf_changed":false,"_seopress_robots_primary_cat":"none","_seopress_titles_title":"","_seopress_titles_desc":"","_seopress_robots_index":"","colormag_page_container_layout":"default_layout","colormag_page_sidebar_layout":"default_layout","footnotes":""},"categories":[20],"tags":[],"class_list":["post-36409","post","type-post","status-publish","format-standard","has-post-thumbnail","hentry","category-cartelera"],"acf":[],"_links":{"self":[{"href":"https:\/\/vocesparalelas.com.ar\/sitio\/wp-json\/wp\/v2\/posts\/36409","targetHints":{"allow":["GET"]}}],"collection":[{"href":"https:\/\/vocesparalelas.com.ar\/sitio\/wp-json\/wp\/v2\/posts"}],"about":[{"href":"https:\/\/vocesparalelas.com.ar\/sitio\/wp-json\/wp\/v2\/types\/post"}],"author":[{"embeddable":true,"href":"https:\/\/vocesparalelas.com.ar\/sitio\/wp-json\/wp\/v2\/users\/3"}],"replies":[{"embeddable":true,"href":"https:\/\/vocesparalelas.com.ar\/sitio\/wp-json\/wp\/v2\/comments?post=36409"}],"version-history":[{"count":1,"href":"https:\/\/vocesparalelas.com.ar\/sitio\/wp-json\/wp\/v2\/posts\/36409\/revisions"}],"predecessor-version":[{"id":36411,"href":"https:\/\/vocesparalelas.com.ar\/sitio\/wp-json\/wp\/v2\/posts\/36409\/revisions\/36411"}],"wp:featuredmedia":[{"embeddable":true,"href":"https:\/\/vocesparalelas.com.ar\/sitio\/wp-json\/wp\/v2\/media\/22173"}],"wp:attachment":[{"href":"https:\/\/vocesparalelas.com.ar\/sitio\/wp-json\/wp\/v2\/media?parent=36409"}],"wp:term":[{"taxonomy":"category","embeddable":true,"href":"https:\/\/vocesparalelas.com.ar\/sitio\/wp-json\/wp\/v2\/categories?post=36409"},{"taxonomy":"post_tag","embeddable":true,"href":"https:\/\/vocesparalelas.com.ar\/sitio\/wp-json\/wp\/v2\/tags?post=36409"}],"curies":[{"name":"wp","href":"https:\/\/api.w.org\/{rel}","templated":true}]}}