{"id":36406,"date":"2021-03-26T23:05:49","date_gmt":"2021-03-27T02:05:49","guid":{"rendered":"http:\/\/vocesparalelas.com.ar\/sitio\/?p=36406"},"modified":"2021-03-26T23:05:49","modified_gmt":"2021-03-27T02:05:49","slug":"se-acredito-incentivo-docente-y-material-didactico","status":"publish","type":"post","link":"https:\/\/vocesparalelas.com.ar\/sitio\/se-acredito-incentivo-docente-y-material-didactico\/","title":{"rendered":"Se acredit\u00f3 Incentivo Docente y Material Did\u00e1ctico"},"content":{"rendered":"<p>El Ministerio de Educaci\u00f3n del Gobierno de San Juan \u00a0informa que el S\u00e1bado, 27 de Marzo, est\u00e1 acreditada en la cuenta del Banco de San Juan, la cuota 4 de 4 correspondiente al \u201cFondo Nacional Incentivo Docente &#8211; Suma Extraordinaria\u201d, seg\u00fan Decreto Paritario Nacional del 30 de Noviembre del 2020 y Material Did\u00e1ctico correspondiente a Febrero de 2021.<\/p>\n<p>El docente puede extraer del Cajero autom\u00e1tico del Banco San Juan.<\/p>\n","protected":false},"excerpt":{"rendered":"<p>El Ministerio de Educaci\u00f3n del Gobierno de San Juan \u00a0informa que el S\u00e1bado, 27 de Marzo, est\u00e1 acreditada en la<\/p>\n","protected":false},"author":3,"featured_media":5039,"comment_status":"closed","ping_status":"closed","sticky":false,"template":"","format":"standard","meta":{"_acf_changed":false,"_seopress_robots_primary_cat":"none","_seopress_titles_title":"","_seopress_titles_desc":"","_seopress_robots_index":"","colormag_page_container_layout":"default_layout","colormag_page_sidebar_layout":"default_layout","footnotes":""},"categories":[1],"tags":[],"class_list":["post-36406","post","type-post","status-publish","format-standard","has-post-thumbnail","hentry","category-destacadas"],"acf":[],"_links":{"self":[{"href":"https:\/\/vocesparalelas.com.ar\/sitio\/wp-json\/wp\/v2\/posts\/36406","targetHints":{"allow":["GET"]}}],"collection":[{"href":"https:\/\/vocesparalelas.com.ar\/sitio\/wp-json\/wp\/v2\/posts"}],"about":[{"href":"https:\/\/vocesparalelas.com.ar\/sitio\/wp-json\/wp\/v2\/types\/post"}],"author":[{"embeddable":true,"href":"https:\/\/vocesparalelas.com.ar\/sitio\/wp-json\/wp\/v2\/users\/3"}],"replies":[{"embeddable":true,"href":"https:\/\/vocesparalelas.com.ar\/sitio\/wp-json\/wp\/v2\/comments?post=36406"}],"version-history":[{"count":1,"href":"https:\/\/vocesparalelas.com.ar\/sitio\/wp-json\/wp\/v2\/posts\/36406\/revisions"}],"predecessor-version":[{"id":36408,"href":"https:\/\/vocesparalelas.com.ar\/sitio\/wp-json\/wp\/v2\/posts\/36406\/revisions\/36408"}],"wp:featuredmedia":[{"embeddable":true,"href":"https:\/\/vocesparalelas.com.ar\/sitio\/wp-json\/wp\/v2\/media\/5039"}],"wp:attachment":[{"href":"https:\/\/vocesparalelas.com.ar\/sitio\/wp-json\/wp\/v2\/media?parent=36406"}],"wp:term":[{"taxonomy":"category","embeddable":true,"href":"https:\/\/vocesparalelas.com.ar\/sitio\/wp-json\/wp\/v2\/categories?post=36406"},{"taxonomy":"post_tag","embeddable":true,"href":"https:\/\/vocesparalelas.com.ar\/sitio\/wp-json\/wp\/v2\/tags?post=36406"}],"curies":[{"name":"wp","href":"https:\/\/api.w.org\/{rel}","templated":true}]}}