{"id":36398,"date":"2021-03-26T22:11:46","date_gmt":"2021-03-27T01:11:46","guid":{"rendered":"http:\/\/vocesparalelas.com.ar\/sitio\/?p=36398"},"modified":"2021-03-26T22:24:02","modified_gmt":"2021-03-27T01:24:02","slug":"se-firmo-el-acta-101-en-la-paritaria-local-de-la-unsj","status":"publish","type":"post","link":"https:\/\/vocesparalelas.com.ar\/sitio\/se-firmo-el-acta-101-en-la-paritaria-local-de-la-unsj\/","title":{"rendered":"Se firm\u00f3 el acta 101 en la paritaria local de la UNSJ"},"content":{"rendered":"<p>El Viernes, 26 de Marzo, se reuni\u00f3 la Paritaria Local Docente de la Universidad Nacional de San Juan con la presencia de los miembros paritarios como ADICUS.<\/p>\n<p>&nbsp;<\/p>\n<p>En la reuni\u00f3n se analiz\u00f3 el Acta 6 de la CCUT de la Facultad de Ciencias Sociales y se devolvi\u00f3 a la unidad para que haga las aclaraciones pertinentes.<\/p>\n<p>&nbsp;<\/p>\n<p>Se aprob\u00f3 lo acordado en el Acta Paritaria N\u00b0 97 sobre la regularizaci\u00f3n de los docentes que rindieron coloquio para ingresar a la carrera docente previo al 08 de Febrero de 2021.<\/p>\n<p>Se aprob\u00f3 el Acta N\u00b0 6 de la CCUT de la Facultad de Filosof\u00eda, Humanidades y Artes, haciendo algunas salvedades.<\/p>\n<p>Por ello, la semana pr\u00f3xima se re\u00fane la comisi\u00f3n que coordina la aplicaci\u00f3n del Art\u00edculo 3 en los Institutos Preuniversitarios de la UNSJ y tambi\u00e9n, se re\u00fane la paritaria local para estudiar los casos particulares del proceso de regularizaci\u00f3n por el Art\u00edculo 73 de las diferentes unidades acad\u00e9micas.<\/p>\n<p>En el gremio ADICUS contin\u00faa trabajando para que se cumpla de manera plena el Convenio Colectivo de Trabajo, para que todos los docentes de la Universidad Nacional de San Juan gocen de estabilidad laboral y ciudadan\u00eda universitaria.<\/p>\n<p>#ADICUS #ElGremioUniversitario #ParitariaLocal #UNSJ<\/p>\n<p><img loading=\"lazy\" decoding=\"async\" class=\"alignnone wp-image-15835 size-large\" src=\"https:\/\/vocesparalelas.com.ar\/sitio\/wp-content\/uploads\/2018\/10\/ADICUS-EDIFICIO-800x531.jpg\" alt=\"\" width=\"800\" height=\"531\" srcset=\"https:\/\/vocesparalelas.com.ar\/sitio\/wp-content\/uploads\/2018\/10\/ADICUS-EDIFICIO-800x531.jpg 800w, https:\/\/vocesparalelas.com.ar\/sitio\/wp-content\/uploads\/2018\/10\/ADICUS-EDIFICIO-300x199.jpg 300w, https:\/\/vocesparalelas.com.ar\/sitio\/wp-content\/uploads\/2018\/10\/ADICUS-EDIFICIO-768x510.jpg 768w, https:\/\/vocesparalelas.com.ar\/sitio\/wp-content\/uploads\/2018\/10\/ADICUS-EDIFICIO.jpg 1000w\" sizes=\"auto, (max-width: 800px) 100vw, 800px\" \/><\/p>\n","protected":false},"excerpt":{"rendered":"<p>El Viernes, 26 de Marzo, se reuni\u00f3 la Paritaria Local Docente de la Universidad Nacional de San Juan con la<\/p>\n","protected":false},"author":3,"featured_media":12481,"comment_status":"closed","ping_status":"closed","sticky":false,"template":"","format":"standard","meta":{"_acf_changed":false,"_seopress_robots_primary_cat":"none","_seopress_titles_title":"","_seopress_titles_desc":"","_seopress_robots_index":"","colormag_page_container_layout":"default_layout","colormag_page_sidebar_layout":"default_layout","footnotes":""},"categories":[1],"tags":[],"class_list":["post-36398","post","type-post","status-publish","format-standard","has-post-thumbnail","hentry","category-destacadas"],"acf":[],"_links":{"self":[{"href":"https:\/\/vocesparalelas.com.ar\/sitio\/wp-json\/wp\/v2\/posts\/36398","targetHints":{"allow":["GET"]}}],"collection":[{"href":"https:\/\/vocesparalelas.com.ar\/sitio\/wp-json\/wp\/v2\/posts"}],"about":[{"href":"https:\/\/vocesparalelas.com.ar\/sitio\/wp-json\/wp\/v2\/types\/post"}],"author":[{"embeddable":true,"href":"https:\/\/vocesparalelas.com.ar\/sitio\/wp-json\/wp\/v2\/users\/3"}],"replies":[{"embeddable":true,"href":"https:\/\/vocesparalelas.com.ar\/sitio\/wp-json\/wp\/v2\/comments?post=36398"}],"version-history":[{"count":3,"href":"https:\/\/vocesparalelas.com.ar\/sitio\/wp-json\/wp\/v2\/posts\/36398\/revisions"}],"predecessor-version":[{"id":36402,"href":"https:\/\/vocesparalelas.com.ar\/sitio\/wp-json\/wp\/v2\/posts\/36398\/revisions\/36402"}],"wp:featuredmedia":[{"embeddable":true,"href":"https:\/\/vocesparalelas.com.ar\/sitio\/wp-json\/wp\/v2\/media\/12481"}],"wp:attachment":[{"href":"https:\/\/vocesparalelas.com.ar\/sitio\/wp-json\/wp\/v2\/media?parent=36398"}],"wp:term":[{"taxonomy":"category","embeddable":true,"href":"https:\/\/vocesparalelas.com.ar\/sitio\/wp-json\/wp\/v2\/categories?post=36398"},{"taxonomy":"post_tag","embeddable":true,"href":"https:\/\/vocesparalelas.com.ar\/sitio\/wp-json\/wp\/v2\/tags?post=36398"}],"curies":[{"name":"wp","href":"https:\/\/api.w.org\/{rel}","templated":true}]}}